{"id":67312,"date":"2025-05-21T15:27:33","date_gmt":"2025-05-21T18:27:33","guid":{"rendered":"https:\/\/www.paranapraia.com.br\/?p=67312"},"modified":"2025-05-21T15:27:36","modified_gmt":"2025-05-21T18:27:36","slug":"prazo-para-isencao-da-taxa-de-inscricao-do-vestibular-da-uem-termina-nesta-quinta-feira","status":"publish","type":"post","link":"https:\/\/www.paranapraia.com.br\/index.php\/2025\/05\/21\/prazo-para-isencao-da-taxa-de-inscricao-do-vestibular-da-uem-termina-nesta-quinta-feira\/","title":{"rendered":"Prazo para isen\u00e7\u00e3o da taxa de inscri\u00e7\u00e3o do vestibular da UEM termina nesta quinta-feira"},"content":{"rendered":"\n<p>As inscri\u00e7\u00f5es para o Vestibular de Inverno 2025 da Universidade Estadual de Maring\u00e1 (UEM) se encerram no dia 4 de junho. Mas o prazo para solicitar isen\u00e7\u00e3o da taxa de R$ 194 termina \u00e0s 23h59 desta quinta-feira (22 de maio). Para o procedimento, o candidato precisa acessar o&nbsp;<a href=\"https:\/\/vestibular.uem.br\/evento_58.html\" target=\"_blank\" rel=\"noreferrer noopener\">site do Vestibular<\/a>&nbsp;e, primeiramente, preencher o formul\u00e1rio de inscri\u00e7\u00e3o.<\/p>\n\n\n\n<p>Para ser isento do pagamento da taxa o candidato deve estar regularmente registrado no Cadastro \u00danico para Programas Sociais do Governo Federal (Cad\u00danico) e ter renda familiar mensal de at\u00e9 meio sal\u00e1rio m\u00ednimo por pessoa. No formul\u00e1rio de inscri\u00e7\u00e3o o interessado precisa selecionar \u201cSim\u201d no campo \u201cSolicita a isen\u00e7\u00e3o da taxa por car\u00eancia?\u201d.<\/p>\n\n\n\n<p>Al\u00e9m disso, deve anexar a documenta\u00e7\u00e3o necess\u00e1ria, incluindo o comprovante do Cad\u00danico atualizado, obtido no site cadunico.dataprev.gov.br ou no aplicativo oficial Cadastro \u00danico, e o comprovante de conclus\u00e3o do ensino m\u00e9dio ou de declara\u00e7\u00e3o de que est\u00e1 cursando a \u00faltima s\u00e9rie do ensino m\u00e9dio. O resultado da an\u00e1lise dos pedidos ser\u00e1 publicado por meio de edital, na pr\u00f3xima segunda-feira (26).<\/p>\n\n\n\n<p>O candidato que tiver seu pedido de isen\u00e7\u00e3o indeferido poder\u00e1 interpor recurso de 26 a 28 de maio, mediante envio de requerimento para o e-mail vestibular@uem.br. O resultado dos recursos ser\u00e1 publicado no dia 30 de maio. O candidato que n\u00e3o for contemplado com a isen\u00e7\u00e3o dever\u00e1 pagar a taxa de inscri\u00e7\u00e3o at\u00e9 o dia 6 de junho de 2025.<\/p>\n\n\n\n<p>O edital das inscri\u00e7\u00f5es homologadas ser\u00e1 publicado no dia 13 de junho. A prova ocorrer\u00e1 em 13 de julho, com aplica\u00e7\u00e3o nas cidades de Apucarana, Campo Mour\u00e3o, Cascavel, Cianorte, Curitiba, Goioer\u00ea, Ivaipor\u00e3, Maring\u00e1, Paranava\u00ed, Ponta Grossa e Umuarama.<\/p>\n\n\n\n<p><strong>VAGAS OFERTADAS<\/strong>&nbsp;&#8211;&nbsp;O Vestibular oferece 936 vagas, divididas em 594 para ampla concorr\u00eancia e 342 para Pol\u00edticas Afirmativas de Cotas, distribu\u00eddas entre o c\u00e2mpus sede, em Maring\u00e1, e entre outros cinco c\u00e2mpus regionais da institui\u00e7\u00e3o: Cianorte, Cidade Ga\u00facha, Goioer\u00ea, Ivaipor\u00e3 e Umuarama. O ingresso dos aprovados est\u00e1 previsto para mar\u00e7o de 2026.<\/p>\n\n\n\n<p>Os pr\u00f3ximos eventos para o ingresso no ano letivo de 2026 s\u00e3o o Vestibular de Ver\u00e3o, marcado para 2 de novembro, e o Processo de Avalia\u00e7\u00e3o Seriada (PAS), que ser\u00e1 em 23 de novembro. A Mostra de Profiss\u00f5es ser\u00e1 realizada em 17, 18 e 19 de setembro.<\/p>\n\n\n\n<p>Mais informa\u00e7\u00f5es sobre o processo seletivo do Vestibular de Inverno est\u00e3o dispon\u00edveis em&nbsp;www.vestibular.uem.br, no&nbsp;App Vestibular UEM&nbsp;e no perfil do Instagram&nbsp;@oficialuem. Em caso de d\u00favidas, \u00e9 poss\u00edvel entrar em contato com a CVU pelo telefone e WhatsApp (44) 3011-5705 ou pelo endere\u00e7o de e-mail vestibular@uem.br. &nbsp;<\/p>\n\n\n\n<p><strong>Cronograma &#8211; Vestibular de Inverno 2025 &nbsp;<\/strong><\/p>\n\n\n\n<p>Solicita\u00e7\u00e3o da isen\u00e7\u00e3o da taxa:&nbsp;15 a 22 de maio&nbsp;<\/p>\n\n\n\n<p>Inscri\u00e7\u00f5es:&nbsp;15 de maio a 4 de junho&nbsp;<\/p>\n\n\n\n<p>Pagamento da taxa de inscri\u00e7\u00e3o:&nbsp;at\u00e9 6 de junho &nbsp;<\/p>\n\n\n\n<p>Inscri\u00e7\u00f5es homologadas:&nbsp;13 de junho&nbsp;<\/p>\n\n\n\n<p>Ensalamento:&nbsp;24 de junho &nbsp;<\/p>\n\n\n\n<p>Prova:&nbsp;13 de julho &nbsp;<\/p>\n\n\n\n<p>Resultado:&nbsp;8 de agosto&nbsp;<\/p>\n\n\n\n<p>AEN<\/p>\n","protected":false},"excerpt":{"rendered":"<p>As inscri\u00e7\u00f5es para o Vestibular de Inverno 2025 da Universidade Estadual de Maring\u00e1 (UEM) se encerram no dia 4 de junho. Mas o prazo para solicitar isen\u00e7\u00e3o da taxa de R$ 194 termina \u00e0s 23h59 desta quinta-feira (22 de maio). Para o procedimento, o candidato precisa acessar o&nbsp;site do Vestibular&nbsp;e, primeiramente, preencher o formul\u00e1rio de [&hellip;]<\/p>\n","protected":false},"author":2,"featured_media":67313,"comment_status":"open","ping_status":"open","sticky":false,"template":"","format":"standard","meta":{"advanced_seo_description":"","jetpack_seo_html_title":"","jetpack_seo_noindex":false,"_jetpack_memberships_contains_paid_content":false,"footnotes":""},"categories":[40,72],"tags":[319],"class_list":{"0":"post-67312","1":"post","2":"type-post","3":"status-publish","4":"format-standard","5":"has-post-thumbnail","7":"category-destaques","8":"category-educacao","9":"tag-parana"},"jetpack_featured_media_url":"https:\/\/www.paranapraia.com.br\/wp-content\/uploads\/2025\/05\/5f47c23cf2f4fpaineis_solares_blocos_uem0053-scaled.jpg","jetpack_sharing_enabled":true,"_links":{"self":[{"href":"https:\/\/www.paranapraia.com.br\/index.php\/wp-json\/wp\/v2\/posts\/67312"}],"collection":[{"href":"https:\/\/www.paranapraia.com.br\/index.php\/wp-json\/wp\/v2\/posts"}],"about":[{"href":"https:\/\/www.paranapraia.com.br\/index.php\/wp-json\/wp\/v2\/types\/post"}],"author":[{"embeddable":true,"href":"https:\/\/www.paranapraia.com.br\/index.php\/wp-json\/wp\/v2\/users\/2"}],"replies":[{"embeddable":true,"href":"https:\/\/www.paranapraia.com.br\/index.php\/wp-json\/wp\/v2\/comments?post=67312"}],"version-history":[{"count":1,"href":"https:\/\/www.paranapraia.com.br\/index.php\/wp-json\/wp\/v2\/posts\/67312\/revisions"}],"predecessor-version":[{"id":67314,"href":"https:\/\/www.paranapraia.com.br\/index.php\/wp-json\/wp\/v2\/posts\/67312\/revisions\/67314"}],"wp:featuredmedia":[{"embeddable":true,"href":"https:\/\/www.paranapraia.com.br\/index.php\/wp-json\/wp\/v2\/media\/67313"}],"wp:attachment":[{"href":"https:\/\/www.paranapraia.com.br\/index.php\/wp-json\/wp\/v2\/media?parent=67312"}],"wp:term":[{"taxonomy":"category","embeddable":true,"href":"https:\/\/www.paranapraia.com.br\/index.php\/wp-json\/wp\/v2\/categories?post=67312"},{"taxonomy":"post_tag","embeddable":true,"href":"https:\/\/www.paranapraia.com.br\/index.php\/wp-json\/wp\/v2\/tags?post=67312"}],"curies":[{"name":"wp","href":"https:\/\/api.w.org\/{rel}","templated":true}]}}