{"id":67230,"date":"2025-05-19T18:27:42","date_gmt":"2025-05-19T21:27:42","guid":{"rendered":"https:\/\/www.paranapraia.com.br\/?p=67230"},"modified":"2025-05-19T18:31:07","modified_gmt":"2025-05-19T21:31:07","slug":"moradora-de-pontal-do-parana-desaparece-apos-sair-de-curitiba-com-destino-ao-litoral","status":"publish","type":"post","link":"https:\/\/www.paranapraia.com.br\/index.php\/2025\/05\/19\/moradora-de-pontal-do-parana-desaparece-apos-sair-de-curitiba-com-destino-ao-litoral\/","title":{"rendered":"Moradora de Pontal do Paran\u00e1 desaparece ap\u00f3s sair de Curitiba com destino ao litoral"},"content":{"rendered":"\n<p>A jovem Keize Tamara de Oliveira, moradora de Pontal do Paran\u00e1, est\u00e1 desaparecida desde a manh\u00e3 de s\u00e1bado, 17 de maio de 2025. Ela foi vista pela \u00faltima vez em Curitiba, de onde sairia com destino \u00e0 cidade onde reside, no litoral do estado.<\/p>\n\n\n\n<p>Segundo informa\u00e7\u00f5es repassadas por familiares, Keize teria utilizado um servi\u00e7o de carona, &#8220;BlaBlaCar&#8221;, para retornar a Pontal do Paran\u00e1, mas n\u00e3o chegou ao destino e, desde ent\u00e3o, n\u00e3o fez mais contato com amigos ou parentes.<\/p>\n\n\n\n<p>A fam\u00edlia est\u00e1 aflita e pede o apoio da popula\u00e7\u00e3o para localizar a jovem. Informa\u00e7\u00f5es que possam auxiliar nas investiga\u00e7\u00f5es devem ser encaminhadas pelo telefone (41) 99804-0472.<\/p>\n\n\n\n<p>\u201cEla sempre avisava quando chegava ou se acontecia qualquer imprevisto. Dessa vez, o sil\u00eancio nos preocupa muito\u201d, afirmou um parente pr\u00f3ximo.<\/p>\n\n\n\n<p>A divulga\u00e7\u00e3o do caso nas redes sociais est\u00e1 sendo intensificada, com o objetivo de ampliar o alcance da informa\u00e7\u00e3o e mobilizar mais pessoas na busca por Keize.<\/p>\n\n\n\n<p>Ajude compartilhando. Sua aten\u00e7\u00e3o pode fazer toda a diferen\u00e7a.<\/p>\n\n\n\n<p>Reda\u00e7\u00e3o <\/p>\n","protected":false},"excerpt":{"rendered":"<p>A jovem Keize Tamara de Oliveira, moradora de Pontal do Paran\u00e1, est\u00e1 desaparecida desde a manh\u00e3 de s\u00e1bado, 17 de maio de 2025. Ela foi vista pela \u00faltima vez em Curitiba, de onde sairia com destino \u00e0 cidade onde reside, no litoral do estado. Segundo informa\u00e7\u00f5es repassadas por familiares, Keize teria utilizado um servi\u00e7o de [&hellip;]<\/p>\n","protected":false},"author":2,"featured_media":67231,"comment_status":"open","ping_status":"open","sticky":false,"template":"","format":"standard","meta":{"advanced_seo_description":"","jetpack_seo_html_title":"","jetpack_seo_noindex":false,"_jetpack_memberships_contains_paid_content":false,"footnotes":""},"categories":[40,65],"tags":[1241,1242,318],"class_list":{"0":"post-67230","1":"post","2":"type-post","3":"status-publish","4":"format-standard","5":"has-post-thumbnail","7":"category-destaques","8":"category-pontal-do-parana","9":"tag-desaparecida","10":"tag-keize","11":"tag-pontal-do-parana"},"jetpack_featured_media_url":"https:\/\/www.paranapraia.com.br\/wp-content\/uploads\/2025\/05\/Screenshot_2025-05-19-18-25-13-184_com.instagram.android-edit-scaled.jpg","jetpack_sharing_enabled":true,"_links":{"self":[{"href":"https:\/\/www.paranapraia.com.br\/index.php\/wp-json\/wp\/v2\/posts\/67230"}],"collection":[{"href":"https:\/\/www.paranapraia.com.br\/index.php\/wp-json\/wp\/v2\/posts"}],"about":[{"href":"https:\/\/www.paranapraia.com.br\/index.php\/wp-json\/wp\/v2\/types\/post"}],"author":[{"embeddable":true,"href":"https:\/\/www.paranapraia.com.br\/index.php\/wp-json\/wp\/v2\/users\/2"}],"replies":[{"embeddable":true,"href":"https:\/\/www.paranapraia.com.br\/index.php\/wp-json\/wp\/v2\/comments?post=67230"}],"version-history":[{"count":2,"href":"https:\/\/www.paranapraia.com.br\/index.php\/wp-json\/wp\/v2\/posts\/67230\/revisions"}],"predecessor-version":[{"id":67233,"href":"https:\/\/www.paranapraia.com.br\/index.php\/wp-json\/wp\/v2\/posts\/67230\/revisions\/67233"}],"wp:featuredmedia":[{"embeddable":true,"href":"https:\/\/www.paranapraia.com.br\/index.php\/wp-json\/wp\/v2\/media\/67231"}],"wp:attachment":[{"href":"https:\/\/www.paranapraia.com.br\/index.php\/wp-json\/wp\/v2\/media?parent=67230"}],"wp:term":[{"taxonomy":"category","embeddable":true,"href":"https:\/\/www.paranapraia.com.br\/index.php\/wp-json\/wp\/v2\/categories?post=67230"},{"taxonomy":"post_tag","embeddable":true,"href":"https:\/\/www.paranapraia.com.br\/index.php\/wp-json\/wp\/v2\/tags?post=67230"}],"curies":[{"name":"wp","href":"https:\/\/api.w.org\/{rel}","templated":true}]}}