{"id":67227,"date":"2025-05-19T18:20:04","date_gmt":"2025-05-19T21:20:04","guid":{"rendered":"https:\/\/www.paranapraia.com.br\/?p=67227"},"modified":"2025-05-19T18:20:07","modified_gmt":"2025-05-19T21:20:07","slug":"adapar-e-comite-de-sanidade-avicola-reforcam-protocolos-para-evitar-gripe-aviaria-no-parana","status":"publish","type":"post","link":"https:\/\/www.paranapraia.com.br\/index.php\/2025\/05\/19\/adapar-e-comite-de-sanidade-avicola-reforcam-protocolos-para-evitar-gripe-aviaria-no-parana\/","title":{"rendered":"Adapar e Comit\u00ea de Sanidade Av\u00edcola refor\u00e7am protocolos para evitar gripe avi\u00e1ria no Paran\u00e1"},"content":{"rendered":"\n<p>A Ag\u00eancia de Defesa Agropecu\u00e1ria do Paran\u00e1 (Adapar) refor\u00e7ou na manh\u00e3 desta segunda-feira (19), durante uma reuni\u00e3o extraordin\u00e1ria do Comit\u00ea Estadual de Sanidade Av\u00edcola (Coesa), a import\u00e2ncia de refor\u00e7ar as medidas de biosseguran\u00e7a das granjas. O Coesa tem a participa\u00e7\u00e3o de v\u00e1rias entidades p\u00fablicas e privadas, incluindo as que representam produtores e ind\u00fastria de aves.<\/p>\n\n\n\n<p>Esse trabalho vem se intensificando desde 2007, quando o Minist\u00e9rio da Agricultura, Pecu\u00e1ria e Abastecimento publicou a Instru\u00e7\u00e3o Normativa 56\/2007, que estabeleceu os procedimentos para registro, fiscaliza\u00e7\u00e3o e controle de estabelecimentos av\u00edcolas de reprodu\u00e7\u00e3o e comerciais. Um novo impulso foi dado em 2023, quando da chegada da influenza avi\u00e1ria de alta patogenicidade (H5N1) no Brasil, naquele momento ainda em aves migrat\u00f3rias.<\/p>\n\n\n\n<p>E agora volta a ser refor\u00e7ado com a confirma\u00e7\u00e3o de um caso em granja comercial em Montenegro (Rio Grande do Sul). O Paran\u00e1 n\u00e3o tem nenhum caso suspeito ou em investiga\u00e7\u00e3o. Na reuni\u00e3o foi orientado que os produtores continuem a vistoriar permanentemente as condi\u00e7\u00f5es da estrutura f\u00edsica dos criadouros para evitar frestas que permitam a entrada de aves silvestres, aves migrat\u00f3rias, animais dom\u00e9sticos ou roedores.<\/p>\n\n\n\n<p>Tamb\u00e9m se acentuou o pedido para redu\u00e7\u00e3o e controle r\u00edgido das pessoas que adentram as granjas. Quando isso for absolutamente necess\u00e1rio, que todos utilizem equipamentos de prote\u00e7\u00e3o individual e fa\u00e7am as trocas de roupas e sapatos, que devem ser esterilizados antes de adentrar as instala\u00e7\u00f5es.<\/p>\n\n\n\n<p>Os ve\u00edculos que se aproximam dos avi\u00e1rios precisam ser desinfetados, assim como materiais que venham de f\u00e1brica de ra\u00e7\u00f5es ou de incubat\u00f3rios. As recomenda\u00e7\u00f5es tamb\u00e9m s\u00e3o para manter a higiene, limpeza e desinfec\u00e7\u00e3o dos alojamentos e fazer o descarte adequado dos dejetos, evitando que outros animais tenham contato.<\/p>\n\n\n\n<p>Importante tamb\u00e9m \u00e9 a notifica\u00e7\u00e3o imediata de qualquer comportamento diferente relacionado \u00e0s aves, como mortalidade excessiva, ou a presen\u00e7a de sintoma que possa indicar a gripe avi\u00e1ria, como dificuldade respirat\u00f3ria, secre\u00e7\u00e3o nasal ou ocular, espirros, incoordena\u00e7\u00e3o motora e diarreia. As comunica\u00e7\u00f5es podem ser feitas nos escrit\u00f3rios locais da Adapar ou por meio do site da ag\u00eancia.<\/p>\n\n\n\n<p>Para auxiliar nas a\u00e7\u00f5es de preven\u00e7\u00e3o da influenza avi\u00e1ria de alta patogenicidade e manter a vigil\u00e2ncia permanente, o Paran\u00e1 est\u00e1 sob decreto de emerg\u00eancia zoossanit\u00e1ria desde 25 de julho de 2023, com a renova\u00e7\u00e3o a cada 180 dias. A \u00faltima foi em 25 de janeiro deste ano.<\/p>\n\n\n\n<p>Durante a tarde desta segunda-feira nova reuni\u00e3o foi realizada entre a diretoria da Adapar e todas as regionais da ag\u00eancia no Estado. O encontro teve como foco refor\u00e7ar a\u00e7\u00f5es preventivas e medidas de vigil\u00e2ncia e colocar todas as equipes em alerta permanente no Paran\u00e1. As orienta\u00e7\u00f5es refor\u00e7aram a necessidade de atendimento priorit\u00e1rio para todas as suspeitas notificadas, refor\u00e7o das medidas de biosseguridade e intensifica\u00e7\u00e3o da fiscaliza\u00e7\u00e3o no tr\u00e2nsito agropecu\u00e1rio, principalmente nas divisas com Santa Catarina.<\/p>\n\n\n\n<p>AEN<\/p>\n","protected":false},"excerpt":{"rendered":"<p>A Ag\u00eancia de Defesa Agropecu\u00e1ria do Paran\u00e1 (Adapar) refor\u00e7ou na manh\u00e3 desta segunda-feira (19), durante uma reuni\u00e3o extraordin\u00e1ria do Comit\u00ea Estadual de Sanidade Av\u00edcola (Coesa), a import\u00e2ncia de refor\u00e7ar as medidas de biosseguran\u00e7a das granjas. O Coesa tem a participa\u00e7\u00e3o de v\u00e1rias entidades p\u00fablicas e privadas, incluindo as que representam produtores e ind\u00fastria de aves. [&hellip;]<\/p>\n","protected":false},"author":2,"featured_media":67228,"comment_status":"open","ping_status":"open","sticky":false,"template":"","format":"standard","meta":{"advanced_seo_description":"","jetpack_seo_html_title":"","jetpack_seo_noindex":false,"_jetpack_memberships_contains_paid_content":false,"footnotes":""},"categories":[50],"tags":[319],"class_list":{"0":"post-67227","1":"post","2":"type-post","3":"status-publish","4":"format-standard","5":"has-post-thumbnail","7":"category-saude","8":"tag-parana"},"jetpack_featured_media_url":"https:\/\/www.paranapraia.com.br\/wp-content\/uploads\/2025\/05\/whatsapp_image_2025-05-19_at_16.55.43-scaled.jpg","jetpack_sharing_enabled":true,"_links":{"self":[{"href":"https:\/\/www.paranapraia.com.br\/index.php\/wp-json\/wp\/v2\/posts\/67227"}],"collection":[{"href":"https:\/\/www.paranapraia.com.br\/index.php\/wp-json\/wp\/v2\/posts"}],"about":[{"href":"https:\/\/www.paranapraia.com.br\/index.php\/wp-json\/wp\/v2\/types\/post"}],"author":[{"embeddable":true,"href":"https:\/\/www.paranapraia.com.br\/index.php\/wp-json\/wp\/v2\/users\/2"}],"replies":[{"embeddable":true,"href":"https:\/\/www.paranapraia.com.br\/index.php\/wp-json\/wp\/v2\/comments?post=67227"}],"version-history":[{"count":1,"href":"https:\/\/www.paranapraia.com.br\/index.php\/wp-json\/wp\/v2\/posts\/67227\/revisions"}],"predecessor-version":[{"id":67229,"href":"https:\/\/www.paranapraia.com.br\/index.php\/wp-json\/wp\/v2\/posts\/67227\/revisions\/67229"}],"wp:featuredmedia":[{"embeddable":true,"href":"https:\/\/www.paranapraia.com.br\/index.php\/wp-json\/wp\/v2\/media\/67228"}],"wp:attachment":[{"href":"https:\/\/www.paranapraia.com.br\/index.php\/wp-json\/wp\/v2\/media?parent=67227"}],"wp:term":[{"taxonomy":"category","embeddable":true,"href":"https:\/\/www.paranapraia.com.br\/index.php\/wp-json\/wp\/v2\/categories?post=67227"},{"taxonomy":"post_tag","embeddable":true,"href":"https:\/\/www.paranapraia.com.br\/index.php\/wp-json\/wp\/v2\/tags?post=67227"}],"curies":[{"name":"wp","href":"https:\/\/api.w.org\/{rel}","templated":true}]}}