{"id":67218,"date":"2025-05-19T18:00:43","date_gmt":"2025-05-19T21:00:43","guid":{"rendered":"https:\/\/www.paranapraia.com.br\/?p=67218"},"modified":"2025-05-19T18:00:46","modified_gmt":"2025-05-19T21:00:46","slug":"paranagua-participa-do-casamento-coletivo-realizado-com-casais-de-300-municipios","status":"publish","type":"post","link":"https:\/\/www.paranapraia.com.br\/index.php\/2025\/05\/19\/paranagua-participa-do-casamento-coletivo-realizado-com-casais-de-300-municipios\/","title":{"rendered":"Paranagu\u00e1 participa do casamento coletivo realizado com casais de 300 munic\u00edpios"},"content":{"rendered":"\n<p>\u201cA realiza\u00e7\u00e3o do casamento coletivo \u00e9 uma iniciativa importante para quem n\u00e3o tem oportunidade de se casar de outra forma e \u00e9 um sentimento de alegria. Bate a ansiedade, mas \u00e9 isso, \u00e9 alegria. Estamos h\u00e1 10 anos juntos e agora estamos nos casando\u201d, disse a noiva Isabella. Ela ainda elogiou o trabalho feito pela Secretaria da Fam\u00edlia no per\u00edodo de inscri\u00e7\u00e3o. \u201cFoi r\u00e1pido e pr\u00e1tico e esse ano est\u00e1 tudo muito lindo\u201d, completou ela que formalizou sua uni\u00e3o neste domingo (18) no Casamento Coletivo.<\/p>\n\n\n\n<p>A Arena da Baixada foi palco da 5\u00aa edi\u00e7\u00e3o do Casamento Coletivo que oficializou a uni\u00e3o civil de mil casais reunidos de diferentes regi\u00f5es do Paran\u00e1.<\/p>\n\n\n\n<p>Casais de Paranagu\u00e1 subiram a Serra do Mar para oficializar a uni\u00e3o que j\u00e1 durava 5, 10 ou mais de 15 anos.<\/p>\n\n\n\n<p>A diretora de Gest\u00e3o do Trabalho da Secretaria Municipal da Fam\u00edlia, Cidadania e Desenvolvimento Social (Semfac), Amanda Goldenstein Ramos acompanhou os casais no evento. \u201cPara n\u00f3s \u00e9 uma grande alegria participar do casamento coletivo. Tivemos inscri\u00e7\u00f5es de 38 casais que queriam formalizar sua uni\u00e3o. Tanto casais de namorados, como casais que j\u00e1 estavam juntos h\u00e1 bastante tempo, mas ainda n\u00e3o tinham formalizado a uni\u00e3o\u201d, explicou Amanda. \u201cDesde que recebemos este desafio, o prefeito Adriano Ramos e a secret\u00e1ria Carolina n\u00e3o mediram esfor\u00e7os para participar\u201d, completou.<\/p>\n\n\n\n<p>A cerim\u00f4nia \u00e9 uma iniciativa do Tribunal de Justi\u00e7a do Estado do Paran\u00e1 (TJPR), por meio do programa Justi\u00e7a no Bairro Sesc Cidad\u00e3o, em parceria com o Sistema Fecom\u00e9rcio Sesc Senac PR. A a\u00e7\u00e3o tamb\u00e9m contou com o apoio do Clube Athletico Paranaense, Cart\u00f3rios de Registro Civil, Prefeitura de Paranagu\u00e1 e administra\u00e7\u00f5es municipais.<\/p>\n\n\n\n<p>Para a Desembargadora Joeci Camargo realizar o casamento comunit\u00e1rio \u00e9 sempre emocionante, pois ela tamb\u00e9m tem a oportunidade de ouvir as hist\u00f3rias de diferentes casais. \u201cEu converso com muitos casais e percebo que a realiza\u00e7\u00e3o deste momento \u00e9 sempre marcante\u201d, finalizou.<\/p>\n\n\n\n<p>Assessoria <\/p>\n","protected":false},"excerpt":{"rendered":"<p>\u201cA realiza\u00e7\u00e3o do casamento coletivo \u00e9 uma iniciativa importante para quem n\u00e3o tem oportunidade de se casar de outra forma e \u00e9 um sentimento de alegria. Bate a ansiedade, mas \u00e9 isso, \u00e9 alegria. Estamos h\u00e1 10 anos juntos e agora estamos nos casando\u201d, disse a noiva Isabella. Ela ainda elogiou o trabalho feito pela [&hellip;]<\/p>\n","protected":false},"author":2,"featured_media":67219,"comment_status":"open","ping_status":"open","sticky":false,"template":"","format":"standard","meta":{"advanced_seo_description":"","jetpack_seo_html_title":"","jetpack_seo_noindex":false,"_jetpack_memberships_contains_paid_content":false,"footnotes":""},"categories":[77],"tags":[],"class_list":{"0":"post-67218","1":"post","2":"type-post","3":"status-publish","4":"format-standard","5":"has-post-thumbnail","7":"category-paranagua"},"jetpack_featured_media_url":"https:\/\/www.paranapraia.com.br\/wp-content\/uploads\/2025\/05\/thumb-2025-05-19T180000.765-scaled.jpeg","jetpack_sharing_enabled":true,"_links":{"self":[{"href":"https:\/\/www.paranapraia.com.br\/index.php\/wp-json\/wp\/v2\/posts\/67218"}],"collection":[{"href":"https:\/\/www.paranapraia.com.br\/index.php\/wp-json\/wp\/v2\/posts"}],"about":[{"href":"https:\/\/www.paranapraia.com.br\/index.php\/wp-json\/wp\/v2\/types\/post"}],"author":[{"embeddable":true,"href":"https:\/\/www.paranapraia.com.br\/index.php\/wp-json\/wp\/v2\/users\/2"}],"replies":[{"embeddable":true,"href":"https:\/\/www.paranapraia.com.br\/index.php\/wp-json\/wp\/v2\/comments?post=67218"}],"version-history":[{"count":1,"href":"https:\/\/www.paranapraia.com.br\/index.php\/wp-json\/wp\/v2\/posts\/67218\/revisions"}],"predecessor-version":[{"id":67220,"href":"https:\/\/www.paranapraia.com.br\/index.php\/wp-json\/wp\/v2\/posts\/67218\/revisions\/67220"}],"wp:featuredmedia":[{"embeddable":true,"href":"https:\/\/www.paranapraia.com.br\/index.php\/wp-json\/wp\/v2\/media\/67219"}],"wp:attachment":[{"href":"https:\/\/www.paranapraia.com.br\/index.php\/wp-json\/wp\/v2\/media?parent=67218"}],"wp:term":[{"taxonomy":"category","embeddable":true,"href":"https:\/\/www.paranapraia.com.br\/index.php\/wp-json\/wp\/v2\/categories?post=67218"},{"taxonomy":"post_tag","embeddable":true,"href":"https:\/\/www.paranapraia.com.br\/index.php\/wp-json\/wp\/v2\/tags?post=67218"}],"curies":[{"name":"wp","href":"https:\/\/api.w.org\/{rel}","templated":true}]}}