{"id":67203,"date":"2025-05-19T17:42:39","date_gmt":"2025-05-19T20:42:39","guid":{"rendered":"https:\/\/www.paranapraia.com.br\/?p=67203"},"modified":"2025-05-19T17:42:43","modified_gmt":"2025-05-19T20:42:43","slug":"pancadao-fest-car-agita-paranagua-com-som-automotivo-e-solidariedade","status":"publish","type":"post","link":"https:\/\/www.paranapraia.com.br\/index.php\/2025\/05\/19\/pancadao-fest-car-agita-paranagua-com-som-automotivo-e-solidariedade\/","title":{"rendered":"Pancad\u00e3o Fest Car agita Paranagu\u00e1 com som automotivo e solidariedade"},"content":{"rendered":"\n<p>No \u00faltimo domingo (18) Paranagu\u00e1 sediou um dos maiores encontros de som automotivo do litoral paranaense. O Pancad\u00e3o Fest Car reuniu mais de 150 ve\u00edculos de diferentes cidades, lotando a Pra\u00e7a de Eventos com energia, solidariedade e muita vibra\u00e7\u00e3o.<\/p>\n\n\n\n<p>O evento, que teve entrada gratuita, atraiu visitantes e competidores apaixonados por som automotivo, que vieram exibir suas potentes aparelhagens em um formato in\u00e9dito: todos os carros tocaram simultaneamente o mesmo som, transmitido via link, garantindo organiza\u00e7\u00e3o, seguran\u00e7a sonora e uma experi\u00eancia coletiva diferenciada.<\/p>\n\n\n\n<p>Al\u00e9m do espet\u00e1culo de som, o Pancad\u00e3o Fest Car promoveu a solidariedade: os participantes doaram mais de 350 kg de alimentos n\u00e3o perec\u00edveis que ser\u00e3o destinados \u00e0 institui\u00e7\u00f5es de caridade do munic\u00edpio, refor\u00e7ando o compromisso social do evento.<\/p>\n\n\n\n<p>A estrutura ofereceu ainda espa\u00e7o gastron\u00f4mico, parquinho infantil e \u00e1rea para ambulantes locais, gerando renda e movimentando a economia criativa. Durante o evento, a maior equipe presente foi premiada, estimulando o esp\u00edrito de comunidade e o fortalecimento do segmento automotivo.<\/p>\n\n\n\n<p>O Fest Car teve o apoio da Prefeitura de Paranagu\u00e1, pela Secretaria de Turismo (Setur). A iniciativa tamb\u00e9m contou com a colabora\u00e7\u00e3o das secretarias de Servi\u00e7os Urbanos, Urbanismo, Planejamento e Gest\u00e3o, Meio Ambiente, Cultura, Seguran\u00e7a, Sa\u00fade e Desenvolvimento Rural, Ilhas, Pesca Abastecimento e Aquicultura. A a\u00e7\u00e3o conjunta reafirma o compromisso da gest\u00e3o municipal em promover a\u00e7\u00f5es integradas que valorizem o lazer e o desenvolvimento da cidade.<\/p>\n\n\n\n<p>\u201cEventos como o Pancad\u00e3o Fest Car mostram que a nossa cidade \u00e9 para todos. O objetivo \u00e9 impulsionar o turismo, fomentar o com\u00e9rcio local e proporcionar momentos de lazer e pertencimento para a popula\u00e7\u00e3o. A Prefeitura de Paranagu\u00e1, pela Secretaria de Turismo agradece aos envolvidos e refor\u00e7a seu compromisso com a realiza\u00e7\u00e3o de eventos que integrem cultura, economia, turismo e cidadania\u201d, destaca Paula Torres, secret\u00e1ria de Turismo.<\/p>\n\n\n\n<p>Assessoria <\/p>\n","protected":false},"excerpt":{"rendered":"<p>No \u00faltimo domingo (18) Paranagu\u00e1 sediou um dos maiores encontros de som automotivo do litoral paranaense. O Pancad\u00e3o Fest Car reuniu mais de 150 ve\u00edculos de diferentes cidades, lotando a Pra\u00e7a de Eventos com energia, solidariedade e muita vibra\u00e7\u00e3o. O evento, que teve entrada gratuita, atraiu visitantes e competidores apaixonados por som automotivo, que vieram [&hellip;]<\/p>\n","protected":false},"author":2,"featured_media":67204,"comment_status":"open","ping_status":"open","sticky":false,"template":"","format":"standard","meta":{"advanced_seo_description":"","jetpack_seo_html_title":"","jetpack_seo_noindex":false,"_jetpack_memberships_contains_paid_content":false,"footnotes":""},"categories":[40,77],"tags":[1238,1237,321],"class_list":{"0":"post-67203","1":"post","2":"type-post","3":"status-publish","4":"format-standard","5":"has-post-thumbnail","7":"category-destaques","8":"category-paranagua","9":"tag-festcar","10":"tag-pancadao","11":"tag-paranagua"},"jetpack_featured_media_url":"https:\/\/www.paranapraia.com.br\/wp-content\/uploads\/2025\/05\/thumb-2025-05-19T174131.823-scaled.jpeg","jetpack_sharing_enabled":true,"_links":{"self":[{"href":"https:\/\/www.paranapraia.com.br\/index.php\/wp-json\/wp\/v2\/posts\/67203"}],"collection":[{"href":"https:\/\/www.paranapraia.com.br\/index.php\/wp-json\/wp\/v2\/posts"}],"about":[{"href":"https:\/\/www.paranapraia.com.br\/index.php\/wp-json\/wp\/v2\/types\/post"}],"author":[{"embeddable":true,"href":"https:\/\/www.paranapraia.com.br\/index.php\/wp-json\/wp\/v2\/users\/2"}],"replies":[{"embeddable":true,"href":"https:\/\/www.paranapraia.com.br\/index.php\/wp-json\/wp\/v2\/comments?post=67203"}],"version-history":[{"count":1,"href":"https:\/\/www.paranapraia.com.br\/index.php\/wp-json\/wp\/v2\/posts\/67203\/revisions"}],"predecessor-version":[{"id":67205,"href":"https:\/\/www.paranapraia.com.br\/index.php\/wp-json\/wp\/v2\/posts\/67203\/revisions\/67205"}],"wp:featuredmedia":[{"embeddable":true,"href":"https:\/\/www.paranapraia.com.br\/index.php\/wp-json\/wp\/v2\/media\/67204"}],"wp:attachment":[{"href":"https:\/\/www.paranapraia.com.br\/index.php\/wp-json\/wp\/v2\/media?parent=67203"}],"wp:term":[{"taxonomy":"category","embeddable":true,"href":"https:\/\/www.paranapraia.com.br\/index.php\/wp-json\/wp\/v2\/categories?post=67203"},{"taxonomy":"post_tag","embeddable":true,"href":"https:\/\/www.paranapraia.com.br\/index.php\/wp-json\/wp\/v2\/tags?post=67203"}],"curies":[{"name":"wp","href":"https:\/\/api.w.org\/{rel}","templated":true}]}}