{"id":67192,"date":"2025-05-19T13:44:20","date_gmt":"2025-05-19T16:44:20","guid":{"rendered":"https:\/\/www.paranapraia.com.br\/?p=67192"},"modified":"2025-05-19T13:44:23","modified_gmt":"2025-05-19T16:44:23","slug":"saude-reforca-importancia-da-vacina-com-circulacao-de-doencas-respiratorias-no-parana","status":"publish","type":"post","link":"https:\/\/www.paranapraia.com.br\/index.php\/2025\/05\/19\/saude-reforca-importancia-da-vacina-com-circulacao-de-doencas-respiratorias-no-parana\/","title":{"rendered":"Sa\u00fade refor\u00e7a import\u00e2ncia da vacina com circula\u00e7\u00e3o de doen\u00e7as respirat\u00f3rias no Paran\u00e1"},"content":{"rendered":"\n<p>A Secretaria de Estado da Sa\u00fade do Paran\u00e1 (Sesa) alerta para a import\u00e2ncia da vacina\u00e7\u00e3o contra a gripe e Covid-19, especialmente diante do aumento expressivo dos casos de S\u00edndrome Respirat\u00f3ria Aguda Grave (SRAG) entre crian\u00e7as menores de 12 anos. Segundo o&nbsp;<a href=\"https:\/\/www.aen.pr.gov.br\/sites\/default\/arquivos_restritos\/files\/documento\/2025-05\/informe_virus_respiratorios_04_2025.pdf\" target=\"_blank\" rel=\"noreferrer noopener\">boletim epidemiol\u00f3gico<\/a>&nbsp;mais recente, o Paran\u00e1 registrou 7.282 casos de SRAG em 2025, isso representa um aumento de 3,6% na popula\u00e7\u00e3o geral em rela\u00e7\u00e3o ao mesmo per\u00edodo de 2024, quando o n\u00famero foi de 7.030.<\/p>\n\n\n\n<p>A situa\u00e7\u00e3o \u00e9 ainda mais preocupante na faixa et\u00e1ria de cinco a onze anos, com crescimento de 32,5% nos casos (de 593 para 786) e um salto de 175% nos \u00f3bitos entre as crian\u00e7as de um a quatro anos \u2013 de quatro para onze mortes.<\/p>\n\n\n\n<p>Dados das amostras enviadas ao Laborat\u00f3rio Central do Estado (Lacen) apontam que o Paran\u00e1 continua em uma fase de ascend\u00eancia do Influenza A e do V\u00edrus Sincicial Respirat\u00f3rio (VSR), que j\u00e1 s\u00e3o os dois v\u00edrus com maior frequ\u00eancia de circula\u00e7\u00e3o. Na \u00faltima semana, a presen\u00e7a do Influenza A aumentou ainda mais, consolidando-se como o segundo v\u00edrus mais frequente. Outro dado preocupante \u00e9 que cerca de 30% das amostras recebidas s\u00e3o de crian\u00e7as com menos de dois anos, evidenciando a vulnerabilidade dessa faixa et\u00e1ria.<\/p>\n\n\n\n<p>\u201cEstamos vivendo a maior circula\u00e7\u00e3o dos v\u00edrus Influenza A e Sincicial Respirat\u00f3rio dos \u00faltimos dois anos. Por isso, fazemos um apelo para que todos vacinem seus filhos. A vacina \u00e9 a melhor alternativa para tirar essas crian\u00e7as da porta das UPAs e hospitais\u201d, destacou o secret\u00e1rio estadual da Sa\u00fade, Beto Preto.<\/p>\n\n\n\n<p>AEN<\/p>\n","protected":false},"excerpt":{"rendered":"<p>A Secretaria de Estado da Sa\u00fade do Paran\u00e1 (Sesa) alerta para a import\u00e2ncia da vacina\u00e7\u00e3o contra a gripe e Covid-19, especialmente diante do aumento expressivo dos casos de S\u00edndrome Respirat\u00f3ria Aguda Grave (SRAG) entre crian\u00e7as menores de 12 anos. Segundo o&nbsp;boletim epidemiol\u00f3gico&nbsp;mais recente, o Paran\u00e1 registrou 7.282 casos de SRAG em 2025, isso representa um [&hellip;]<\/p>\n","protected":false},"author":2,"featured_media":67193,"comment_status":"open","ping_status":"open","sticky":false,"template":"","format":"standard","meta":{"advanced_seo_description":"","jetpack_seo_html_title":"","jetpack_seo_noindex":false,"_jetpack_memberships_contains_paid_content":false,"footnotes":""},"categories":[40,50],"tags":[319],"class_list":{"0":"post-67192","1":"post","2":"type-post","3":"status-publish","4":"format-standard","5":"has-post-thumbnail","7":"category-destaques","8":"category-saude","9":"tag-parana"},"jetpack_featured_media_url":"https:\/\/www.paranapraia.com.br\/wp-content\/uploads\/2025\/05\/20190606_agb_vacina_gripe-5_0-scaled.jpg","jetpack_sharing_enabled":true,"_links":{"self":[{"href":"https:\/\/www.paranapraia.com.br\/index.php\/wp-json\/wp\/v2\/posts\/67192"}],"collection":[{"href":"https:\/\/www.paranapraia.com.br\/index.php\/wp-json\/wp\/v2\/posts"}],"about":[{"href":"https:\/\/www.paranapraia.com.br\/index.php\/wp-json\/wp\/v2\/types\/post"}],"author":[{"embeddable":true,"href":"https:\/\/www.paranapraia.com.br\/index.php\/wp-json\/wp\/v2\/users\/2"}],"replies":[{"embeddable":true,"href":"https:\/\/www.paranapraia.com.br\/index.php\/wp-json\/wp\/v2\/comments?post=67192"}],"version-history":[{"count":1,"href":"https:\/\/www.paranapraia.com.br\/index.php\/wp-json\/wp\/v2\/posts\/67192\/revisions"}],"predecessor-version":[{"id":67194,"href":"https:\/\/www.paranapraia.com.br\/index.php\/wp-json\/wp\/v2\/posts\/67192\/revisions\/67194"}],"wp:featuredmedia":[{"embeddable":true,"href":"https:\/\/www.paranapraia.com.br\/index.php\/wp-json\/wp\/v2\/media\/67193"}],"wp:attachment":[{"href":"https:\/\/www.paranapraia.com.br\/index.php\/wp-json\/wp\/v2\/media?parent=67192"}],"wp:term":[{"taxonomy":"category","embeddable":true,"href":"https:\/\/www.paranapraia.com.br\/index.php\/wp-json\/wp\/v2\/categories?post=67192"},{"taxonomy":"post_tag","embeddable":true,"href":"https:\/\/www.paranapraia.com.br\/index.php\/wp-json\/wp\/v2\/tags?post=67192"}],"curies":[{"name":"wp","href":"https:\/\/api.w.org\/{rel}","templated":true}]}}