{"id":67104,"date":"2025-05-17T19:29:14","date_gmt":"2025-05-17T22:29:14","guid":{"rendered":"https:\/\/www.paranapraia.com.br\/?p=67104"},"modified":"2025-05-17T19:29:17","modified_gmt":"2025-05-17T22:29:17","slug":"na-primeira-edicao-da-semana-s-darci-piana-destaca-acoes-do-setor-do-comercio-no-parana","status":"publish","type":"post","link":"https:\/\/www.paranapraia.com.br\/index.php\/2025\/05\/17\/na-primeira-edicao-da-semana-s-darci-piana-destaca-acoes-do-setor-do-comercio-no-parana\/","title":{"rendered":"Na primeira edi\u00e7\u00e3o da Semana S, Darci Piana destaca a\u00e7\u00f5es do setor do com\u00e9rcio no Paran\u00e1"},"content":{"rendered":"\n<p>O vice-governador Darci Piana participou nesta sexta-feira (16) da primeira edi\u00e7\u00e3o da Semana S do Com\u00e9rcio Brasileiro, que acontece neste m\u00eas de maio de forma simult\u00e2nea em todo o Pa\u00eds, e destacou a relev\u00e2ncia do setor para o Estado, principalmente na gera\u00e7\u00e3o de empregos. Em Curitiba, as a\u00e7\u00f5es da Semana S acontecem principalmente no Parque Barigui, com uma s\u00e9rie de servi\u00e7os gratuitos voltados \u00e0 popula\u00e7\u00e3o ao longo desta sexta e s\u00e1bado (17).<\/p>\n\n\n\n<p>Idealizado pela Confedera\u00e7\u00e3o Nacional do Com\u00e9rcio de Bens, Servi\u00e7os e Turismo (CNC), o evento \u00e9 promovido de forma integrada pelo Sesc, Senac, federa\u00e7\u00f5es nacionais e estaduais, como a Fecom\u00e9rcio-PR, e sindicatos que comp\u00f5em o Sistema Com\u00e9rcio.<\/p>\n\n\n\n<p>\u201cA confedera\u00e7\u00e3o nacional, a CNC, convocou todas as entidades envolvidas no setor do com\u00e9rcio para realizar essas atividades gratuitas para a popula\u00e7\u00e3o, o que est\u00e1 sendo um sucesso absoluto\u201d, disse Piana. \u201cSomente no Paran\u00e1, mais de 600 mil pessoas utilizam os servi\u00e7os do Sesc ou dos cursos do Senac, o que mostra a relev\u00e2ncia do setor e como os recursos do nosso com\u00e9rcio est\u00e3o sendo usados em benef\u00edcio da popula\u00e7\u00e3o\u201d.<\/p>\n\n\n\n<p>O vice-governador salientou ainda que os setores do com\u00e9rcio, servi\u00e7os e turismo \u2013 os tr\u00eas segmentos representados pela Fecom\u00e9rcio \u2013 s\u00e3o os principais geradores de emprego do Estado. \u201cS\u00f3 no Paran\u00e1, mais de 3 milh\u00f5es de pessoas trabalham nesses setores. Ent\u00e3o temos um trabalho muito grande para atender essas pessoas, desde a educa\u00e7\u00e3o para o trabalho e at\u00e9 a assist\u00eancia social, cultura, esporte e lazer, que atendem toda essa turma que faz com que o setor se desenvolva\u201d, salientou.<\/p>\n\n\n\n<p><strong>SEMANA S<\/strong>&nbsp;\u2013 Na \u00faltima segunda-feira (12), o governador Carlos Massa Ratinho Junior&nbsp;<a href=\"https:\/\/www.aen.pr.gov.br\/Noticia\/Parana-institui-o-Dia-S-de-valorizacao-do-Sistema-Fecomercio-Sesc-Senac\" target=\"_blank\" rel=\"noreferrer noopener\">sancionou a Lei n\u00ba 22.416, que institui o Dia S<\/a>&nbsp;\u2013 uma data anual de valoriza\u00e7\u00e3o e reconhecimento do Sistema Fecom\u00e9rcio Sesc Senac e dos sindicatos filiados \u00e0 Federa\u00e7\u00e3o do Com\u00e9rcio de Bens, Servi\u00e7os e Turismo do Paran\u00e1. A comemora\u00e7\u00e3o ser\u00e1 realizada, a partir de agora, todos os anos, no dia 16 de maio.<\/p>\n\n\n\n<p>A proposta foi apresentada pelo deputado estadual Oziel Luiz de Souza, o Batatinha, e aprovada em plen\u00e1rio na Assembleia Legislativa do Paran\u00e1 na \u00faltima ter\u00e7a-feira (6). A escolha da data est\u00e1 alinhada \u00e0s a\u00e7\u00f5es sociais e eventos j\u00e1 tradicionalmente realizados pelo Sistema, que agora amplia sua visibilidade e alcance.<\/p>\n\n\n\n<p>A nova lei inclui o Dia S no Calend\u00e1rio Oficial de Eventos do Estado e refor\u00e7a a import\u00e2ncia do Sistema Com\u00e9rcio para o desenvolvimento social, cultural e educacional do Paran\u00e1. A legisla\u00e7\u00e3o tamb\u00e9m prev\u00ea que o Poder P\u00fablico poder\u00e1 apoiar e promover eventos e campanhas educativas em parceria com as institui\u00e7\u00f5es. O objetivo \u00e9 ampliar o acesso da popula\u00e7\u00e3o aos servi\u00e7os de qualidade nas \u00e1reas de cultura, sa\u00fade, educa\u00e7\u00e3o, esporte, lazer e qualifica\u00e7\u00e3o profissional.<\/p>\n\n\n\n<p><strong>PROGRAMA\u00c7\u00c3O<\/strong>&nbsp;\u2013 Nesta sexta-feira, Piana acompanhou a palestra \u201cLiderando o Futuro\u201d, com a consultora e escritora Martha Gabriel, que fala do futuro da sociedade com o advento da tecnologia e intelig\u00eancia artificial. A programa\u00e7\u00e3o conta ainda com outras palestras, torneio de rob\u00f3tica, feira de profiss\u00f5es e de empregos, aulas-show, passeios tur\u00edsticos, pr\u00e1ticas esportivas e Justi\u00e7a no Bairro.<\/p>\n\n\n\n<p>Al\u00e9m disso, nove unidades m\u00f3veis das duas institui\u00e7\u00f5es foram reunidas em frente ao Complexo Imap Barigui e est\u00e3o abertas para visita\u00e7\u00e3o com a oferta de uma intensa agenda de atividades. Para finalizar a Semana S do Com\u00e9rcio, no s\u00e1bado acontece o Casamento Coletivo na LiggaArena, com a uni\u00e3o de mais de 1.200 casais e presen\u00e7a de aproximadamente 16 mil convidados.<\/p>\n\n\n\n<p><strong>PRESEN\u00c7AS<\/strong>\u00a0\u2013 Participaram da solenidade a desembargadora Joecy Camargo; a deputada federal Lu\u00edsa Canziani; os deputados estaduais Batatinha e Cloara Pinheiro; o vice-presidente da Fecom\u00e9rcio, Ari Bittencourt; e os diretores regionais do Sesc-PR, Cl\u00e1udio Lopes; e do Senac-PR, Sidnei Lopes de Oliveira.<\/p>\n\n\n\n<p>AEN<\/p>\n","protected":false},"excerpt":{"rendered":"<p>O vice-governador Darci Piana participou nesta sexta-feira (16) da primeira edi\u00e7\u00e3o da Semana S do Com\u00e9rcio Brasileiro, que acontece neste m\u00eas de maio de forma simult\u00e2nea em todo o Pa\u00eds, e destacou a relev\u00e2ncia do setor para o Estado, principalmente na gera\u00e7\u00e3o de empregos. Em Curitiba, as a\u00e7\u00f5es da Semana S acontecem principalmente no Parque [&hellip;]<\/p>\n","protected":false},"author":2,"featured_media":67105,"comment_status":"open","ping_status":"open","sticky":false,"template":"","format":"standard","meta":{"advanced_seo_description":"","jetpack_seo_html_title":"","jetpack_seo_noindex":false,"_jetpack_memberships_contains_paid_content":false,"footnotes":""},"categories":[650],"tags":[319],"class_list":{"0":"post-67104","1":"post","2":"type-post","3":"status-publish","4":"format-standard","5":"has-post-thumbnail","7":"category-parana","8":"tag-parana"},"jetpack_featured_media_url":"https:\/\/www.paranapraia.com.br\/wp-content\/uploads\/2025\/05\/20250516_agb_sistema_s-18-scaled.jpg","jetpack_sharing_enabled":true,"_links":{"self":[{"href":"https:\/\/www.paranapraia.com.br\/index.php\/wp-json\/wp\/v2\/posts\/67104"}],"collection":[{"href":"https:\/\/www.paranapraia.com.br\/index.php\/wp-json\/wp\/v2\/posts"}],"about":[{"href":"https:\/\/www.paranapraia.com.br\/index.php\/wp-json\/wp\/v2\/types\/post"}],"author":[{"embeddable":true,"href":"https:\/\/www.paranapraia.com.br\/index.php\/wp-json\/wp\/v2\/users\/2"}],"replies":[{"embeddable":true,"href":"https:\/\/www.paranapraia.com.br\/index.php\/wp-json\/wp\/v2\/comments?post=67104"}],"version-history":[{"count":1,"href":"https:\/\/www.paranapraia.com.br\/index.php\/wp-json\/wp\/v2\/posts\/67104\/revisions"}],"predecessor-version":[{"id":67106,"href":"https:\/\/www.paranapraia.com.br\/index.php\/wp-json\/wp\/v2\/posts\/67104\/revisions\/67106"}],"wp:featuredmedia":[{"embeddable":true,"href":"https:\/\/www.paranapraia.com.br\/index.php\/wp-json\/wp\/v2\/media\/67105"}],"wp:attachment":[{"href":"https:\/\/www.paranapraia.com.br\/index.php\/wp-json\/wp\/v2\/media?parent=67104"}],"wp:term":[{"taxonomy":"category","embeddable":true,"href":"https:\/\/www.paranapraia.com.br\/index.php\/wp-json\/wp\/v2\/categories?post=67104"},{"taxonomy":"post_tag","embeddable":true,"href":"https:\/\/www.paranapraia.com.br\/index.php\/wp-json\/wp\/v2\/tags?post=67104"}],"curies":[{"name":"wp","href":"https:\/\/api.w.org\/{rel}","templated":true}]}}