{"id":67101,"date":"2025-05-17T19:24:33","date_gmt":"2025-05-17T22:24:33","guid":{"rendered":"https:\/\/www.paranapraia.com.br\/?p=67101"},"modified":"2025-05-17T19:24:36","modified_gmt":"2025-05-17T22:24:36","slug":"um-domingo-para-toda-a-familia-musicas-brincadeiras-e-servicos-gratuitos-em-pontal-do-parana","status":"publish","type":"post","link":"https:\/\/www.paranapraia.com.br\/index.php\/2025\/05\/17\/um-domingo-para-toda-a-familia-musicas-brincadeiras-e-servicos-gratuitos-em-pontal-do-parana\/","title":{"rendered":"Um domingo para toda a fam\u00edlia: m\u00fasicas, brincadeiras e servi\u00e7os gratuitos em Pontal do Paran\u00e1"},"content":{"rendered":"\n<p>Vem a\u00ed um domingo diferente e cheio de energia em Pontal do Paran\u00e1! No dia 1 de junho, das 9hrs \u00e0s 17hrs, o Centro de Eventos do Balne\u00e1rio Marissol abre as portas para celebrar o Dia da Fam\u00edlia, reunindo moradores, turistas e todas as gera\u00e7\u00f5es em um dia recheado de esporte, cultura, sa\u00fade e muita divers\u00e3o.<\/p>\n\n\n\n<p>Com uma programa\u00e7\u00e3o aberta a todas as idades, o evento oferece desde apresenta\u00e7\u00f5es culturais at\u00e9 atividades pr\u00e1ticas como que acontecem em oficinas ao longo do dia. Para as crian\u00e7as, h\u00e1 brincadeiras e atra\u00e7\u00f5es recreativas, enquanto adultos encontram feiras de artesanato, barracas de gastronomia local e a tradicional pedalada familiar.<\/p>\n\n\n\n<p>A edi\u00e7\u00e3o anterior, realizada em 4 de maio, passaram durante o dia cerca de cerca de 4 mil pessoas e movimentou 42 expositores locais. Na \u00e1rea da sa\u00fade, foram aplicadas 238 doses de vacina. J\u00e1 a feira de ado\u00e7\u00e3o garantiu um novo lar para 16 animais.<\/p>\n\n\n\n<p>A expectativa para a edi\u00e7\u00e3o de junho \u00e9 manter o envolvimento da popula\u00e7\u00e3o, agora com clima Junino e a\u00e7\u00f5es ligadas \u00e0 Semana do Meio Ambiente. Atividades de educa\u00e7\u00e3o ambiental com o projeto MarMar\u00e9 tamb\u00e9m se somam \u00e0 programa\u00e7\u00e3o.<\/p>\n\n\n\n<p>\ud83d\udccd Endere\u00e7o: Avenida Sete de Setembro, n\u00ba 1661, Balne\u00e1rio Marissol.<\/p>\n\n\n\n<p>\ud83d\udc68\u200d\ud83d\udc69\u200d\ud83d\udc67\u200d\ud83d\udc66Prepara a energia e vem com a fam\u00edlia: esperamos voc\u00eas l\u00e1!<\/p>\n\n\n\n<p>Fotos: Prefeitura Pontal do Paran\u00e1\/ Cau\u00ea Mendes.<\/p>\n","protected":false},"excerpt":{"rendered":"<p>Vem a\u00ed um domingo diferente e cheio de energia em Pontal do Paran\u00e1! No dia 1 de junho, das 9hrs \u00e0s 17hrs, o Centro de Eventos do Balne\u00e1rio Marissol abre as portas para celebrar o Dia da Fam\u00edlia, reunindo moradores, turistas e todas as gera\u00e7\u00f5es em um dia recheado de esporte, cultura, sa\u00fade e muita [&hellip;]<\/p>\n","protected":false},"author":2,"featured_media":67102,"comment_status":"open","ping_status":"open","sticky":false,"template":"","format":"standard","meta":{"advanced_seo_description":"","jetpack_seo_html_title":"","jetpack_seo_noindex":false,"_jetpack_memberships_contains_paid_content":false,"footnotes":""},"categories":[40,65],"tags":[1230,318],"class_list":{"0":"post-67101","1":"post","2":"type-post","3":"status-publish","4":"format-standard","5":"has-post-thumbnail","7":"category-destaques","8":"category-pontal-do-parana","9":"tag-familia","10":"tag-pontal-do-parana"},"jetpack_featured_media_url":"https:\/\/www.paranapraia.com.br\/wp-content\/uploads\/2025\/05\/FB_IMG_1747520595180-scaled.jpg","jetpack_sharing_enabled":true,"_links":{"self":[{"href":"https:\/\/www.paranapraia.com.br\/index.php\/wp-json\/wp\/v2\/posts\/67101"}],"collection":[{"href":"https:\/\/www.paranapraia.com.br\/index.php\/wp-json\/wp\/v2\/posts"}],"about":[{"href":"https:\/\/www.paranapraia.com.br\/index.php\/wp-json\/wp\/v2\/types\/post"}],"author":[{"embeddable":true,"href":"https:\/\/www.paranapraia.com.br\/index.php\/wp-json\/wp\/v2\/users\/2"}],"replies":[{"embeddable":true,"href":"https:\/\/www.paranapraia.com.br\/index.php\/wp-json\/wp\/v2\/comments?post=67101"}],"version-history":[{"count":1,"href":"https:\/\/www.paranapraia.com.br\/index.php\/wp-json\/wp\/v2\/posts\/67101\/revisions"}],"predecessor-version":[{"id":67103,"href":"https:\/\/www.paranapraia.com.br\/index.php\/wp-json\/wp\/v2\/posts\/67101\/revisions\/67103"}],"wp:featuredmedia":[{"embeddable":true,"href":"https:\/\/www.paranapraia.com.br\/index.php\/wp-json\/wp\/v2\/media\/67102"}],"wp:attachment":[{"href":"https:\/\/www.paranapraia.com.br\/index.php\/wp-json\/wp\/v2\/media?parent=67101"}],"wp:term":[{"taxonomy":"category","embeddable":true,"href":"https:\/\/www.paranapraia.com.br\/index.php\/wp-json\/wp\/v2\/categories?post=67101"},{"taxonomy":"post_tag","embeddable":true,"href":"https:\/\/www.paranapraia.com.br\/index.php\/wp-json\/wp\/v2\/tags?post=67101"}],"curies":[{"name":"wp","href":"https:\/\/api.w.org\/{rel}","templated":true}]}}