{"id":67095,"date":"2025-05-17T19:22:16","date_gmt":"2025-05-17T22:22:16","guid":{"rendered":"https:\/\/www.paranapraia.com.br\/?p=67095"},"modified":"2025-05-17T19:22:19","modified_gmt":"2025-05-17T22:22:19","slug":"flores-que-ensinam-curso-de-jardinagem-e-concluido-em-pontal-do-parana","status":"publish","type":"post","link":"https:\/\/www.paranapraia.com.br\/index.php\/2025\/05\/17\/flores-que-ensinam-curso-de-jardinagem-e-concluido-em-pontal-do-parana\/","title":{"rendered":"Flores que ensinam: curso de Jardinagem \u00e9 conclu\u00eddo em Pontal do Paran\u00e1"},"content":{"rendered":"\n<p>Aulas pr\u00e1ticas e te\u00f3ricas capacitaram participantes para atuar na cria\u00e7\u00e3o e manuten\u00e7\u00e3o de jardins.<\/p>\n\n\n\n<p>Mais uma turma concluiu o curso de Jardinagem em Pontal do Paran\u00e1. A forma\u00e7\u00e3o ofereceu aos participantes conhecimentos essenciais para o trabalho com \u00e1reas verdes, abrangendo desde o preparo do solo at\u00e9 a manuten\u00e7\u00e3o de jardins e gramados.<\/p>\n\n\n\n<figure class=\"wp-block-gallery has-nested-images columns-default is-cropped wp-block-gallery-1 is-layout-flex wp-block-gallery-is-layout-flex\">\n<figure class=\"wp-block-image size-large\"><img loading=\"lazy\" decoding=\"async\" width=\"1024\" height=\"786\" data-id=\"67098\" src=\"https:\/\/www.paranapraia.com.br\/wp-content\/uploads\/2025\/05\/1000444640-1024x786.jpg\" alt=\"\" class=\"wp-image-67098\" srcset=\"https:\/\/www.paranapraia.com.br\/wp-content\/uploads\/2025\/05\/1000444640-1024x786.jpg 1024w, https:\/\/www.paranapraia.com.br\/wp-content\/uploads\/2025\/05\/1000444640-300x230.jpg 300w, https:\/\/www.paranapraia.com.br\/wp-content\/uploads\/2025\/05\/1000444640-768x589.jpg 768w, https:\/\/www.paranapraia.com.br\/wp-content\/uploads\/2025\/05\/1000444640-696x534.jpg 696w, https:\/\/www.paranapraia.com.br\/wp-content\/uploads\/2025\/05\/1000444640-1068x820.jpg 1068w, https:\/\/www.paranapraia.com.br\/wp-content\/uploads\/2025\/05\/1000444640-scaled.jpg 800w\" sizes=\"(max-width: 1024px) 100vw, 1024px\" \/><\/figure>\n\n\n\n<figure class=\"wp-block-image size-large\"><img loading=\"lazy\" decoding=\"async\" width=\"1024\" height=\"682\" data-id=\"67097\" src=\"https:\/\/www.paranapraia.com.br\/wp-content\/uploads\/2025\/05\/1000444641-1024x682.jpg\" alt=\"\" class=\"wp-image-67097\" srcset=\"https:\/\/www.paranapraia.com.br\/wp-content\/uploads\/2025\/05\/1000444641-1024x682.jpg 1024w, https:\/\/www.paranapraia.com.br\/wp-content\/uploads\/2025\/05\/1000444641-300x200.jpg 300w, https:\/\/www.paranapraia.com.br\/wp-content\/uploads\/2025\/05\/1000444641-768x512.jpg 768w, https:\/\/www.paranapraia.com.br\/wp-content\/uploads\/2025\/05\/1000444641-696x464.jpg 696w, https:\/\/www.paranapraia.com.br\/wp-content\/uploads\/2025\/05\/1000444641-1068x712.jpg 1068w, https:\/\/www.paranapraia.com.br\/wp-content\/uploads\/2025\/05\/1000444641-scaled.jpg 800w\" sizes=\"(max-width: 1024px) 100vw, 1024px\" \/><\/figure>\n\n\n\n<figure class=\"wp-block-image size-large\"><img loading=\"lazy\" decoding=\"async\" width=\"1024\" height=\"682\" data-id=\"67099\" src=\"https:\/\/www.paranapraia.com.br\/wp-content\/uploads\/2025\/05\/1000444642-1024x682.jpg\" alt=\"\" class=\"wp-image-67099\" srcset=\"https:\/\/www.paranapraia.com.br\/wp-content\/uploads\/2025\/05\/1000444642-1024x682.jpg 1024w, https:\/\/www.paranapraia.com.br\/wp-content\/uploads\/2025\/05\/1000444642-300x200.jpg 300w, https:\/\/www.paranapraia.com.br\/wp-content\/uploads\/2025\/05\/1000444642-768x512.jpg 768w, https:\/\/www.paranapraia.com.br\/wp-content\/uploads\/2025\/05\/1000444642-696x464.jpg 696w, https:\/\/www.paranapraia.com.br\/wp-content\/uploads\/2025\/05\/1000444642-1068x712.jpg 1068w, https:\/\/www.paranapraia.com.br\/wp-content\/uploads\/2025\/05\/1000444642-scaled.jpg 800w\" sizes=\"(max-width: 1024px) 100vw, 1024px\" \/><\/figure>\n<\/figure>\n\n\n\n<p>O curso foi ministrado pelo instrutor do SENAR, Renato de Moura Corr\u00eaa, que conduziu as aulas pr\u00e1ticas e te\u00f3ricas com foco na capacita\u00e7\u00e3o profissional dos alunos.<\/p>\n\n\n\n<p>Durante o curso, os alunos aprenderam a identificar plantas, utilizar corretamente as ferramentas, aplicar cuidados fitossanit\u00e1rios e desenvolver projetos paisag\u00edsticos. O conte\u00fado incluiu tamb\u00e9m no\u00e7\u00f5es de atendimento e presta\u00e7\u00e3o de servi\u00e7os, preparando os participantes para oportunidades no mercado de trabalho.<\/p>\n\n\n\n<p>A iniciativa foi realizada em parceria entre a Prefeitura de Pontal do Paran\u00e1, o SENAR (Servi\u00e7o Nacional de Aprendizagem Rural), Sistema FIEP e a Ag\u00eancia do Trabalhador.<\/p>\n\n\n\n<p>\ud83d\udcf7Fotos: Prefeitura de Pontal do Paran\u00e1\/ Clovis Santos.<\/p>\n","protected":false},"excerpt":{"rendered":"<p>Aulas pr\u00e1ticas e te\u00f3ricas capacitaram participantes para atuar na cria\u00e7\u00e3o e manuten\u00e7\u00e3o de jardins. Mais uma turma concluiu o curso de Jardinagem em Pontal do Paran\u00e1. A forma\u00e7\u00e3o ofereceu aos participantes conhecimentos essenciais para o trabalho com \u00e1reas verdes, abrangendo desde o preparo do solo at\u00e9 a manuten\u00e7\u00e3o de jardins e gramados. O curso foi [&hellip;]<\/p>\n","protected":false},"author":2,"featured_media":67096,"comment_status":"open","ping_status":"open","sticky":false,"template":"","format":"standard","meta":{"advanced_seo_description":"","jetpack_seo_html_title":"","jetpack_seo_noindex":false,"_jetpack_memberships_contains_paid_content":false,"footnotes":""},"categories":[40,65],"tags":[567,1229,318],"class_list":{"0":"post-67095","1":"post","2":"type-post","3":"status-publish","4":"format-standard","5":"has-post-thumbnail","7":"category-destaques","8":"category-pontal-do-parana","9":"tag-curso","10":"tag-jardinagem","11":"tag-pontal-do-parana"},"jetpack_featured_media_url":"https:\/\/www.paranapraia.com.br\/wp-content\/uploads\/2025\/05\/IMG_20250517_192036_895-scaled.jpg","jetpack_sharing_enabled":true,"_links":{"self":[{"href":"https:\/\/www.paranapraia.com.br\/index.php\/wp-json\/wp\/v2\/posts\/67095"}],"collection":[{"href":"https:\/\/www.paranapraia.com.br\/index.php\/wp-json\/wp\/v2\/posts"}],"about":[{"href":"https:\/\/www.paranapraia.com.br\/index.php\/wp-json\/wp\/v2\/types\/post"}],"author":[{"embeddable":true,"href":"https:\/\/www.paranapraia.com.br\/index.php\/wp-json\/wp\/v2\/users\/2"}],"replies":[{"embeddable":true,"href":"https:\/\/www.paranapraia.com.br\/index.php\/wp-json\/wp\/v2\/comments?post=67095"}],"version-history":[{"count":1,"href":"https:\/\/www.paranapraia.com.br\/index.php\/wp-json\/wp\/v2\/posts\/67095\/revisions"}],"predecessor-version":[{"id":67100,"href":"https:\/\/www.paranapraia.com.br\/index.php\/wp-json\/wp\/v2\/posts\/67095\/revisions\/67100"}],"wp:featuredmedia":[{"embeddable":true,"href":"https:\/\/www.paranapraia.com.br\/index.php\/wp-json\/wp\/v2\/media\/67096"}],"wp:attachment":[{"href":"https:\/\/www.paranapraia.com.br\/index.php\/wp-json\/wp\/v2\/media?parent=67095"}],"wp:term":[{"taxonomy":"category","embeddable":true,"href":"https:\/\/www.paranapraia.com.br\/index.php\/wp-json\/wp\/v2\/categories?post=67095"},{"taxonomy":"post_tag","embeddable":true,"href":"https:\/\/www.paranapraia.com.br\/index.php\/wp-json\/wp\/v2\/tags?post=67095"}],"curies":[{"name":"wp","href":"https:\/\/api.w.org\/{rel}","templated":true}]}}