{"id":67092,"date":"2025-05-17T19:17:27","date_gmt":"2025-05-17T22:17:27","guid":{"rendered":"https:\/\/www.paranapraia.com.br\/?p=67092"},"modified":"2025-05-17T19:17:30","modified_gmt":"2025-05-17T22:17:30","slug":"curitiba-vive-clima-internacional-com-copa-do-mundo-de-escalada-no-parque-olimpico-do-cajuru","status":"publish","type":"post","link":"https:\/\/www.paranapraia.com.br\/index.php\/2025\/05\/17\/curitiba-vive-clima-internacional-com-copa-do-mundo-de-escalada-no-parque-olimpico-do-cajuru\/","title":{"rendered":"Curitiba vive clima internacional com Copa do Mundo de Escalada no Parque Ol\u00edmpico do Cajuru"},"content":{"rendered":"\n<p>A capital paranaense est\u00e1 sendo palco de um dos maiores eventos de escalada esportiva do planeta. A Copa do Mundo de Escalada 2025, realizada pela primeira vez na Am\u00e9rica Latina, est\u00e1 movimentando Curitiba neste fim de semana, reunindo mais de 120 atletas de 25 pa\u00edses na modalidade Boulder.&nbsp;<\/p>\n\n\n\n<p>O torneio segue at\u00e9 este domingo (18) no Parque Ol\u00edmpico do Cajuru, com entrada gratuita ao p\u00fablico.<\/p>\n\n\n\n<p>O evento internacional, promovido pela International Federation of Sport Climbing (IFSC), conta com o apoio da Confedera\u00e7\u00e3o Brasileira de Escalada Esportiva (CBEscalada), Governo do Estado do Paran\u00e1 e Prefeitura de Curitiba.&nbsp;<\/p>\n\n\n\n<p>A estrutura da competi\u00e7\u00e3o foi montada no Centro de Treinamento de Escalada, considerado o mais moderno da Am\u00e9rica Latina e primeiro espa\u00e7o ol\u00edmpico dedicado \u00e0 modalidade no Brasil.<\/p>\n\n\n\n<p>Al\u00e9m da elite mundial da escalada, o evento mobiliza tamb\u00e9m a comunidade local: s\u00e3o cerca de 300 volunt\u00e1rios cadastrados, al\u00e9m de 50 staffs atuando na opera\u00e7\u00e3o do torneio.<\/p>\n\n\n\n<p>As semifinais da competi\u00e7\u00e3o foram disputadas na manh\u00e3 deste s\u00e1bado (17), e as finais masculinas acontecem ainda nesta tarde. Para quem ainda deseja acompanhar&nbsp;&nbsp;o mais alto n\u00edvel da escalada, no domingo (18) ser\u00e1 a vez da grande final feminina.<\/p>\n\n\n\n<p>Para o secret\u00e1rio estadual do Esporte, Helio Wirbiski, sediar uma etapa da Copa do Mundo refor\u00e7a o posicionamento do Paran\u00e1 no cen\u00e1rio esportivo internacional. \u201cToda a comunidade est\u00e1 acompanhando o brilhantismo da escalada brasileira. Estamos recebendo o mundo de bra\u00e7os abertos em Curitiba\u201d, afirmou.<\/p>\n\n\n\n<p>O diretor de incentivo e promo\u00e7\u00e3o do esporte da SEES, Cl\u00e9sio Prado, destacou a infraestrutura e o engajamento coletivo. \u201cCuritiba est\u00e1 preparada para grandes eventos. \u00c9 gratificante ver a integra\u00e7\u00e3o entre os poderes p\u00fablicos, federa\u00e7\u00e3o, volunt\u00e1rios e atletas. Estamos entregando um evento de excel\u00eancia\u201d, disse.<\/p>\n\n\n\n<p>J\u00e1 o presidente da Confedera\u00e7\u00e3o Brasileira de Escalada Esportiva, Tiago Campassi, celebrou o marco hist\u00f3rico para o esporte nacional. \u201c\u00c9 um evento hist\u00f3rico para n\u00f3s da federa\u00e7\u00e3o e hist\u00f3rico para o Estado do Paran\u00e1. Ser\u00e1 um divisor de \u00e1guas para a escalada esportiva, gra\u00e7as ao apoio do Governo do Estado e de todos os parceiros que acreditaram neste projeto\u201d, destacou.<\/p>\n\n\n\n<p>A competi\u00e7\u00e3o integra o circuito internacional da Copa do Mundo de Escalada 2025, que inclui etapas em Salt Lake City (EUA), Praga (Rep\u00fablica Tcheca), Brixen (It\u00e1lia), Innsbruck (\u00c1ustria), Keqiao (China), Hachioji (Jap\u00e3o) e Seul (Coreia do Sul), onde o torneio se encerrar\u00e1 em outubro.<\/p>\n\n\n\n<p><strong>MODALIDADE<\/strong>&nbsp;&#8211; A escalada esportiva foi inclu\u00edda no programa ol\u00edmpico em 2016 e estreou nos Jogos de T\u00f3quio 2020. A modalidade \u00e9 dividida em tr\u00eas categorias:<\/p>\n\n\n\n<p>Boulder: escalada sem corda, em paredes de at\u00e9 4,5 metros de altura. Vence quem completa mais desafios com o menor n\u00famero de tentativas;<\/p>\n\n\n\n<p>Lead (Guiada): escalada com corda, em paredes de at\u00e9 15 metros. O vencedor \u00e9 quem alcan\u00e7a o ponto mais alto;<\/p>\n\n\n\n<p>Speed (Velocidade): dois atletas competem lado a lado em uma parede de 15 metros. Ganha quem chegar ao topo mais r\u00e1pido.<\/p>\n\n\n\n<p>Mais informa\u00e7\u00f5es como programa\u00e7\u00e3o e canais de transmiss\u00e3o podem ser encontradas no&nbsp;<strong><a href=\"https:\/\/www.ifsc-climbing.org\/events\/ifsc-world-cup-curitiba-2025\" target=\"_blank\" rel=\"noreferrer noopener\">site do evento<\/a><\/strong>.<\/p>\n\n\n\n<p>AEN<\/p>\n","protected":false},"excerpt":{"rendered":"<p>A capital paranaense est\u00e1 sendo palco de um dos maiores eventos de escalada esportiva do planeta. A Copa do Mundo de Escalada 2025, realizada pela primeira vez na Am\u00e9rica Latina, est\u00e1 movimentando Curitiba neste fim de semana, reunindo mais de 120 atletas de 25 pa\u00edses na modalidade Boulder.&nbsp; O torneio segue at\u00e9 este domingo (18) [&hellip;]<\/p>\n","protected":false},"author":2,"featured_media":67093,"comment_status":"open","ping_status":"open","sticky":false,"template":"","format":"standard","meta":{"advanced_seo_description":"","jetpack_seo_html_title":"","jetpack_seo_noindex":false,"_jetpack_memberships_contains_paid_content":false,"footnotes":""},"categories":[40,650],"tags":[319],"class_list":{"0":"post-67092","1":"post","2":"type-post","3":"status-publish","4":"format-standard","5":"has-post-thumbnail","7":"category-destaques","8":"category-parana","9":"tag-parana"},"jetpack_featured_media_url":"https:\/\/www.paranapraia.com.br\/wp-content\/uploads\/2025\/05\/1000197464_1-scaled.jpg","jetpack_sharing_enabled":true,"_links":{"self":[{"href":"https:\/\/www.paranapraia.com.br\/index.php\/wp-json\/wp\/v2\/posts\/67092"}],"collection":[{"href":"https:\/\/www.paranapraia.com.br\/index.php\/wp-json\/wp\/v2\/posts"}],"about":[{"href":"https:\/\/www.paranapraia.com.br\/index.php\/wp-json\/wp\/v2\/types\/post"}],"author":[{"embeddable":true,"href":"https:\/\/www.paranapraia.com.br\/index.php\/wp-json\/wp\/v2\/users\/2"}],"replies":[{"embeddable":true,"href":"https:\/\/www.paranapraia.com.br\/index.php\/wp-json\/wp\/v2\/comments?post=67092"}],"version-history":[{"count":1,"href":"https:\/\/www.paranapraia.com.br\/index.php\/wp-json\/wp\/v2\/posts\/67092\/revisions"}],"predecessor-version":[{"id":67094,"href":"https:\/\/www.paranapraia.com.br\/index.php\/wp-json\/wp\/v2\/posts\/67092\/revisions\/67094"}],"wp:featuredmedia":[{"embeddable":true,"href":"https:\/\/www.paranapraia.com.br\/index.php\/wp-json\/wp\/v2\/media\/67093"}],"wp:attachment":[{"href":"https:\/\/www.paranapraia.com.br\/index.php\/wp-json\/wp\/v2\/media?parent=67092"}],"wp:term":[{"taxonomy":"category","embeddable":true,"href":"https:\/\/www.paranapraia.com.br\/index.php\/wp-json\/wp\/v2\/categories?post=67092"},{"taxonomy":"post_tag","embeddable":true,"href":"https:\/\/www.paranapraia.com.br\/index.php\/wp-json\/wp\/v2\/tags?post=67092"}],"curies":[{"name":"wp","href":"https:\/\/api.w.org\/{rel}","templated":true}]}}