{"id":67085,"date":"2025-05-17T15:44:59","date_gmt":"2025-05-17T18:44:59","guid":{"rendered":"https:\/\/www.paranapraia.com.br\/?p=67085"},"modified":"2025-05-17T15:45:02","modified_gmt":"2025-05-17T18:45:02","slug":"estado-apresenta-a-liderancas-qualidade-sanitaria-para-evitar-a-chegada-da-gripe-aviaria","status":"publish","type":"post","link":"https:\/\/www.paranapraia.com.br\/index.php\/2025\/05\/17\/estado-apresenta-a-liderancas-qualidade-sanitaria-para-evitar-a-chegada-da-gripe-aviaria\/","title":{"rendered":"Estado apresenta a lideran\u00e7as qualidade sanit\u00e1ria para evitar a chegada da gripe avi\u00e1ria"},"content":{"rendered":"\n<p>A Secretaria de Estado da Agricultura e do Abastecimento reuniu t\u00e9cnicos e lideran\u00e7as do setor agropecu\u00e1rio na manh\u00e3 deste s\u00e1bado (17) para discutir a defesa da avicultura do Paran\u00e1, estado que lidera a produ\u00e7\u00e3o e exporta\u00e7\u00e3o de frango, diante da&nbsp;<a href=\"https:\/\/www.aen.pr.gov.br\/Noticia\/Sem-casos-detectados-em-granjas-comerciais-Parana-reforca-vigilancia-contra-gripe-aviaria\" target=\"_blank\" rel=\"noreferrer noopener\">amea\u00e7a da gripe avi\u00e1ria<\/a>, que atingiu uma granja no Rio Grande do Sul. A reuni\u00e3o foi convocada pelo secret\u00e1rio Marcio Nunes e contou com participa\u00e7\u00e3o online do ministro da Agricultura e Pecu\u00e1ria, Carlos F\u00e1varo.<\/p>\n\n\n\n<p>Alguns mercados, entre eles o da China, que \u00e9 um importante comprador da carne de frango, decretaram suspens\u00e3o de 60 dias em importa\u00e7\u00f5es do Brasil. No entanto o ministro acredita que nas conversas diplom\u00e1ticas e comerciais esse tempo pode ser reduzido e se restringir \u00e0 \u00e1rea pr\u00f3xima ao foco. Segundo ele, j\u00e1 foi realizado o isolamento da regi\u00e3o de Montenegro, no Rio Grande do Sul, e est\u00e1 sendo procedida a rastreabilidade dos pintainhos que de l\u00e1 sa\u00edram.&nbsp;<\/p>\n\n\n\n<p>\u201cTemos espa\u00e7o para negociar, o foco \u00e9 de aproximadamente 28 dias e se conseguirmos eliminar o foco e rastrear os animais, acreditamos que com transpar\u00eancia e efici\u00eancia, o fluxo possa ser normalizado antes dos 60 dias\u201d, disse F\u00e1varo.<\/p>\n\n\n\n<p>A transpar\u00eancia total na comunica\u00e7\u00e3o e o cuidado que cada um dos propriet\u00e1rios de granja do Estado precisa ter para evitar a entrada do v\u00edrus foram os principais t\u00f3picos da conversa. \u201cA transpar\u00eancia, a efici\u00eancia e fazer o que ditam os protocolos s\u00e3o a\u00e7\u00f5es importantes para superarmos rapidamente essa quest\u00e3o para retomar a normalidade de vendas\u201d, afirmou o ministro.&nbsp;<\/p>\n\n\n\n<p>O Paran\u00e1 \u00e9 um dos estados mais interessados na normaliza\u00e7\u00e3o do com\u00e9rcio, visto ser respons\u00e1vel por quase 35% da produ\u00e7\u00e3o e cerca de 42% da exporta\u00e7\u00e3o de carne de frango. \u201cNeste momento \u00e9 importante que todos assumam suas responsabilidades para sermos bastante efetivos\u201d, afirmou o secret\u00e1rio Marcio Nunes.<\/p>\n\n\n\n<p>Ele salientou a necessidade de os propriet\u00e1rios das cerca de 20 mil granjas do Estado continuarem e refor\u00e7arem as medidas de seguran\u00e7a nas propriedades. Entre elas a verifica\u00e7\u00e3o das telas mantendo o local das aves fisicamente perfeito para que n\u00e3o haja nenhuma fresta que possibilite a entrada de qualquer outro animal.&nbsp;<\/p>\n\n\n\n<p>Tamb\u00e9m \u00e9 importante restringir a entrada apenas \u00e0s pessoas absolutamente necess\u00e1rias e tomando todas as medidas de desinfec\u00e7\u00e3o dos solados de sapatos, das roupas e dos ve\u00edculos. &nbsp;<\/p>\n\n\n\n<p>Igualmente \u00e9 necess\u00e1rio para garantir a sanidade das aves do Estado o comunicado \u00e0 Ag\u00eancia de Defesa Agropecu\u00e1ria do Estado (Adapar) de qualquer altera\u00e7\u00e3o nos h\u00e1bitos dos animais, como mortalidade fora do padr\u00e3o ou sintomas de gripe avi\u00e1ria. Quanto mais r\u00e1pida a notifica\u00e7\u00e3o for feita, melhor ser\u00e1 o atendimento e a prote\u00e7\u00e3o das aves.<\/p>\n\n\n\n<p>Os sintomas podem ser os mesmos de uma gripe comum: dificuldade respirat\u00f3ria, secre\u00e7\u00e3o nasal ou ocular, espirros, incoordena\u00e7\u00e3o motora, diarreia ou a alta mortalidade. \u201cO Estado n\u00e3o tem nenhum caso suspeito ou em investiga\u00e7\u00e3o, mas precisamos estar sempre alertas\u201d, disse o presidente da Adapar, Otamir Cesar Martins.<\/p>\n\n\n\n<p>A Adapar tem trabalhado de forma ativa na vigil\u00e2ncia sanit\u00e1ria para evitar a entrada do v\u00edrus no Estado. Atualmente s\u00e3o feitas an\u00e1lises por amostragem em mais de 300 propriedades. Al\u00e9m disso, se h\u00e1 qualquer informe de suspeita, o atendimento \u00e9 feito em menos de 12 horas. Os t\u00e9cnicos tamb\u00e9m atuam na vigil\u00e2ncia de aves migrat\u00f3rias no litoral do Estado e na dissemina\u00e7\u00e3o de informa\u00e7\u00f5es sobre os cuidados que os propriet\u00e1rios precisam ter.<\/p>\n\n\n\n<p>O presidente da Adapar acentuou novamente que os apreciadores de frango podem continuar a consumir normalmente a carne. Eventual transmiss\u00e3o somente acontece com contato pr\u00f3ximo e continuado com aves vivas infectadas, como em uma gripe normal, e n\u00e3o ao ingerir o alimento.&nbsp;<\/p>\n\n\n\n<p>A reuni\u00e3o deste s\u00e1bado tamb\u00e9m teve a presen\u00e7a do secret\u00e1rio de Estado da Fazenda, Norberto Ortigara, e de representantes do Minist\u00e9rio da Agricultura, da Federa\u00e7\u00e3o da Agricultura do Estado do Paran\u00e1 (Faep), Sistema Ocepar, Sindicato das Ind\u00fastrias de Produtos Av\u00edcolas do Estado do Paran\u00e1 (Sindiavipar), e de empresas produtoras de frango.<\/p>\n\n\n\n<p>AEN<\/p>\n","protected":false},"excerpt":{"rendered":"<p>A Secretaria de Estado da Agricultura e do Abastecimento reuniu t\u00e9cnicos e lideran\u00e7as do setor agropecu\u00e1rio na manh\u00e3 deste s\u00e1bado (17) para discutir a defesa da avicultura do Paran\u00e1, estado que lidera a produ\u00e7\u00e3o e exporta\u00e7\u00e3o de frango, diante da&nbsp;amea\u00e7a da gripe avi\u00e1ria, que atingiu uma granja no Rio Grande do Sul. A reuni\u00e3o foi [&hellip;]<\/p>\n","protected":false},"author":2,"featured_media":67086,"comment_status":"open","ping_status":"open","sticky":false,"template":"","format":"standard","meta":{"advanced_seo_description":"","jetpack_seo_html_title":"","jetpack_seo_noindex":false,"_jetpack_memberships_contains_paid_content":false,"footnotes":""},"categories":[40,650],"tags":[1228,319],"class_list":{"0":"post-67085","1":"post","2":"type-post","3":"status-publish","4":"format-standard","5":"has-post-thumbnail","7":"category-destaques","8":"category-parana","9":"tag-gripe-aviaria","10":"tag-parana"},"jetpack_featured_media_url":"https:\/\/www.paranapraia.com.br\/wp-content\/uploads\/2025\/05\/1000197330-scaled.jpg","jetpack_sharing_enabled":true,"_links":{"self":[{"href":"https:\/\/www.paranapraia.com.br\/index.php\/wp-json\/wp\/v2\/posts\/67085"}],"collection":[{"href":"https:\/\/www.paranapraia.com.br\/index.php\/wp-json\/wp\/v2\/posts"}],"about":[{"href":"https:\/\/www.paranapraia.com.br\/index.php\/wp-json\/wp\/v2\/types\/post"}],"author":[{"embeddable":true,"href":"https:\/\/www.paranapraia.com.br\/index.php\/wp-json\/wp\/v2\/users\/2"}],"replies":[{"embeddable":true,"href":"https:\/\/www.paranapraia.com.br\/index.php\/wp-json\/wp\/v2\/comments?post=67085"}],"version-history":[{"count":1,"href":"https:\/\/www.paranapraia.com.br\/index.php\/wp-json\/wp\/v2\/posts\/67085\/revisions"}],"predecessor-version":[{"id":67087,"href":"https:\/\/www.paranapraia.com.br\/index.php\/wp-json\/wp\/v2\/posts\/67085\/revisions\/67087"}],"wp:featuredmedia":[{"embeddable":true,"href":"https:\/\/www.paranapraia.com.br\/index.php\/wp-json\/wp\/v2\/media\/67086"}],"wp:attachment":[{"href":"https:\/\/www.paranapraia.com.br\/index.php\/wp-json\/wp\/v2\/media?parent=67085"}],"wp:term":[{"taxonomy":"category","embeddable":true,"href":"https:\/\/www.paranapraia.com.br\/index.php\/wp-json\/wp\/v2\/categories?post=67085"},{"taxonomy":"post_tag","embeddable":true,"href":"https:\/\/www.paranapraia.com.br\/index.php\/wp-json\/wp\/v2\/tags?post=67085"}],"curies":[{"name":"wp","href":"https:\/\/api.w.org\/{rel}","templated":true}]}}