{"id":67008,"date":"2025-05-16T10:20:26","date_gmt":"2025-05-16T13:20:26","guid":{"rendered":"https:\/\/www.paranapraia.com.br\/?p=67008"},"modified":"2025-05-16T10:20:29","modified_gmt":"2025-05-16T13:20:29","slug":"paranagua-realiza-1a-conferencia-do-conselho-municipal-pela-promocao-da-igualdade-racial","status":"publish","type":"post","link":"https:\/\/www.paranapraia.com.br\/index.php\/2025\/05\/16\/paranagua-realiza-1a-conferencia-do-conselho-municipal-pela-promocao-da-igualdade-racial\/","title":{"rendered":"Paranagu\u00e1 realiza 1\u00aa Confer\u00eancia do Conselho Municipal pela Promo\u00e7\u00e3o da Igualdade Racial"},"content":{"rendered":"\n<p>No dia 30 de maio acontece a 1\u00aa Confer\u00eancia do Conselho Municipal pela Promo\u00e7\u00e3o da Igualdade Racial que ter\u00e1 como tema: \u201cIgualdade e Democracia &#8211; Repara\u00e7\u00e3o e Justi\u00e7a Racial\u201d. A abertura oficial ser\u00e1 \u00e0s 9h no Sesc Paranagu\u00e1.<\/p>\n\n\n\n<p>Segundo a organiza\u00e7\u00e3o, eventos como a confer\u00eancia, desempenham um papel fundamental na constru\u00e7\u00e3o de uma sociedade mais justa e equitativa. Ela \u00e9 a etapa preparat\u00f3ria para a confer\u00eancia nacional e tem como principal objetivo a formula\u00e7\u00e3o de propostas que orientem a implementa\u00e7\u00e3o de pol\u00edticas p\u00fablicas voltadas para a promo\u00e7\u00e3o da igualdade racial no munic\u00edpio.<\/p>\n\n\n\n<p>Por meio do di\u00e1logo entre diferentes setores da sociedade, o evento busca fortalecer estrat\u00e9gias de enfrentamento ao racismo, promover a\u00e7\u00f5es de repara\u00e7\u00e3o hist\u00f3rica e garantir a efetiva\u00e7\u00e3o de direitos para as popula\u00e7\u00f5es historicamente marginalizadas. A participa\u00e7\u00e3o ativa da comunidade, de lideran\u00e7as e de representantes do poder p\u00fablico \u00e9 essencial para que as propostas discutidas possam se transformar em iniciativas concretas, contribuindo para a constru\u00e7\u00e3o de um futuro mais inclusivo e igualit\u00e1rio.<\/p>\n\n\n\n<p>\u201cConsistindo em um espa\u00e7o de di\u00e1logo e apresenta\u00e7\u00e3o de propostas, a confer\u00eancia busca canalizar anseios e demandas para a formula\u00e7\u00e3o de pol\u00edticas p\u00fablicas efetivas voltadas \u00e0 igualdade racial, com valoriza\u00e7\u00e3o das diferentes culturas raciais e da pluralidade dos povos. Acreditamos que pol\u00edticas p\u00fablicas eficazes nascem do di\u00e1logo com a popula\u00e7\u00e3o e da escuta ativa das necessidades de cada grupo social. Por isso, esse espa\u00e7o de participa\u00e7\u00e3o \u00e9 t\u00e3o importante para o fortalecimento da cidadania e da democracia em nossa cidade e ser\u00e1 aberto para toda a popula\u00e7\u00e3o\u201d, destaca Carolina Miranda, secret\u00e1ria de Fam\u00edlia, Cidadania e Desenvolvimento Social.<\/p>\n\n\n\n<p>As inscri\u00e7\u00f5es para o evento podem ser feitas pelo site:<a href=\"https:\/\/docs.google.com\/forms\/d\/e\/1FAIpQLSfzkkalTL51xsb2f2mk7Ni7R43-8hE-j1GoXsKx5m5I6Zmp4g\/viewform?usp=sharing\">&nbsp;https:\/\/docs.google.com\/forms\/d\/e\/1FAIpQLSfzkkalTL51xsb2f2mk7Ni7R43-8hE-j1GoXsKx5m5I6Zmp4g\/viewform?usp=sharing<\/a>. O Sesc Paranagu\u00e1 fica na Rua Domingos Peneda, 947 &#8211; Estradinha.<\/p>\n\n\n\n<p><strong>Confira a Programa\u00e7\u00e3o:<\/strong><\/p>\n\n\n\n<p>08h30 &#8211; Credenciamento<\/p>\n\n\n\n<p>09h &#8211; Abertura Oficial<\/p>\n\n\n\n<p>9h15 &#8211; Leitura do regimento da confer\u00eancia<\/p>\n\n\n\n<p>09h30 &#8211; Palestra com Alo\u00edsio Nascimento<\/p>\n\n\n\n<p>10h15 &#8211; Intervalo<\/p>\n\n\n\n<p>10h30 &#8211; Grupos de trabalho dos Eixos<\/p>\n\n\n\n<p>12h &#8211; Intervalo<\/p>\n\n\n\n<p>13h30 -Apresenta\u00e7\u00e3o Cultural<\/p>\n\n\n\n<p>14h -Apresenta\u00e7\u00e3o e Aprova\u00e7\u00e3o das propostas dos GT\u2019s<\/p>\n\n\n\n<p>15h30 &#8211; Elei\u00e7\u00e3o dos delegados<\/p>\n\n\n\n<p>16h -Encerramento<\/p>\n\n\n\n<p>Assessoria <\/p>\n","protected":false},"excerpt":{"rendered":"<p>No dia 30 de maio acontece a 1\u00aa Confer\u00eancia do Conselho Municipal pela Promo\u00e7\u00e3o da Igualdade Racial que ter\u00e1 como tema: \u201cIgualdade e Democracia &#8211; Repara\u00e7\u00e3o e Justi\u00e7a Racial\u201d. A abertura oficial ser\u00e1 \u00e0s 9h no Sesc Paranagu\u00e1. Segundo a organiza\u00e7\u00e3o, eventos como a confer\u00eancia, desempenham um papel fundamental na constru\u00e7\u00e3o de uma sociedade mais [&hellip;]<\/p>\n","protected":false},"author":2,"featured_media":67009,"comment_status":"open","ping_status":"open","sticky":false,"template":"","format":"standard","meta":{"advanced_seo_description":"","jetpack_seo_html_title":"","jetpack_seo_noindex":false,"_jetpack_memberships_contains_paid_content":false,"footnotes":""},"categories":[40,77],"tags":[321],"class_list":{"0":"post-67008","1":"post","2":"type-post","3":"status-publish","4":"format-standard","5":"has-post-thumbnail","7":"category-destaques","8":"category-paranagua","9":"tag-paranagua"},"jetpack_featured_media_url":"https:\/\/www.paranapraia.com.br\/wp-content\/uploads\/2025\/05\/thumb-2025-05-16T101908.984-scaled.jpeg","jetpack_sharing_enabled":true,"_links":{"self":[{"href":"https:\/\/www.paranapraia.com.br\/index.php\/wp-json\/wp\/v2\/posts\/67008"}],"collection":[{"href":"https:\/\/www.paranapraia.com.br\/index.php\/wp-json\/wp\/v2\/posts"}],"about":[{"href":"https:\/\/www.paranapraia.com.br\/index.php\/wp-json\/wp\/v2\/types\/post"}],"author":[{"embeddable":true,"href":"https:\/\/www.paranapraia.com.br\/index.php\/wp-json\/wp\/v2\/users\/2"}],"replies":[{"embeddable":true,"href":"https:\/\/www.paranapraia.com.br\/index.php\/wp-json\/wp\/v2\/comments?post=67008"}],"version-history":[{"count":1,"href":"https:\/\/www.paranapraia.com.br\/index.php\/wp-json\/wp\/v2\/posts\/67008\/revisions"}],"predecessor-version":[{"id":67010,"href":"https:\/\/www.paranapraia.com.br\/index.php\/wp-json\/wp\/v2\/posts\/67008\/revisions\/67010"}],"wp:featuredmedia":[{"embeddable":true,"href":"https:\/\/www.paranapraia.com.br\/index.php\/wp-json\/wp\/v2\/media\/67009"}],"wp:attachment":[{"href":"https:\/\/www.paranapraia.com.br\/index.php\/wp-json\/wp\/v2\/media?parent=67008"}],"wp:term":[{"taxonomy":"category","embeddable":true,"href":"https:\/\/www.paranapraia.com.br\/index.php\/wp-json\/wp\/v2\/categories?post=67008"},{"taxonomy":"post_tag","embeddable":true,"href":"https:\/\/www.paranapraia.com.br\/index.php\/wp-json\/wp\/v2\/tags?post=67008"}],"curies":[{"name":"wp","href":"https:\/\/api.w.org\/{rel}","templated":true}]}}