{"id":67005,"date":"2025-05-16T09:56:13","date_gmt":"2025-05-16T12:56:13","guid":{"rendered":"https:\/\/www.paranapraia.com.br\/?p=67005"},"modified":"2025-05-16T09:56:16","modified_gmt":"2025-05-16T12:56:16","slug":"morretes-recebe-visita-de-integrantes-da-casa-civil-do-governo-do-estado","status":"publish","type":"post","link":"https:\/\/www.paranapraia.com.br\/index.php\/2025\/05\/16\/morretes-recebe-visita-de-integrantes-da-casa-civil-do-governo-do-estado\/","title":{"rendered":"Morretes recebe visita de integrantes da Casa Civil do Governo do Estado"},"content":{"rendered":"\n<p>Morretes recebeu, nesta \u00faltima ter\u00e7a-feira (13), a visita de representantes da Casa Civil do Governo do Estado do Paran\u00e1. Estiveram presentes Rodrigo Greg\u00f3rio, superintendente geral de Articula\u00e7\u00e3o Regional, e Angelo Passeti, tamb\u00e9m integrante da Casa Civil.<\/p>\n\n\n\n<p>A comitiva foi recepcionada pelo prefeito Junior Brindarolli, que ressaltou a import\u00e2ncia da parceria entre o munic\u00edpio e o Governo do Estado para fortalecer a\u00e7\u00f5es e investimentos que impactam diretamente a vida da popula\u00e7\u00e3o.<\/p>\n\n\n\n<p>Durante o encontro, foram discutidas pautas relacionadas ao desenvolvimento regional, infraestrutura, fortalecimento das pol\u00edticas p\u00fablicas e atendimento \u00e0s principais demandas da comunidade morretense.<\/p>\n\n\n\n<p>\u201cA presen\u00e7a da Casa Civil em Morretes demonstra o compromisso do Governo do Estado com nossa cidade e com os demais munic\u00edpios do litoral. Seguimos trabalhando com di\u00e1logo e uni\u00e3o para garantir avan\u00e7os reais para a nossa popula\u00e7\u00e3o\u201d, destacou o prefeito Junior Brindarolli.<\/p>\n\n\n\n<p>A visita refor\u00e7a o alinhamento entre a gest\u00e3o municipal e estadual, com foco no progresso de Morretes e na constru\u00e7\u00e3o de solu\u00e7\u00f5es conjuntas para os desafios locais.<\/p>\n\n\n\n<p>Assessoria<\/p>\n","protected":false},"excerpt":{"rendered":"<p>Morretes recebeu, nesta \u00faltima ter\u00e7a-feira (13), a visita de representantes da Casa Civil do Governo do Estado do Paran\u00e1. Estiveram presentes Rodrigo Greg\u00f3rio, superintendente geral de Articula\u00e7\u00e3o Regional, e Angelo Passeti, tamb\u00e9m integrante da Casa Civil. A comitiva foi recepcionada pelo prefeito Junior Brindarolli, que ressaltou a import\u00e2ncia da parceria entre o munic\u00edpio e o [&hellip;]<\/p>\n","protected":false},"author":2,"featured_media":67006,"comment_status":"open","ping_status":"open","sticky":false,"template":"","format":"standard","meta":{"advanced_seo_description":"","jetpack_seo_html_title":"","jetpack_seo_noindex":false,"_jetpack_memberships_contains_paid_content":false,"footnotes":""},"categories":[125],"tags":[729],"class_list":{"0":"post-67005","1":"post","2":"type-post","3":"status-publish","4":"format-standard","5":"has-post-thumbnail","7":"category-morretes","8":"tag-morretes"},"jetpack_featured_media_url":"https:\/\/www.paranapraia.com.br\/wp-content\/uploads\/2025\/05\/FB_IMG_1747400038047-scaled.jpg","jetpack_sharing_enabled":true,"_links":{"self":[{"href":"https:\/\/www.paranapraia.com.br\/index.php\/wp-json\/wp\/v2\/posts\/67005"}],"collection":[{"href":"https:\/\/www.paranapraia.com.br\/index.php\/wp-json\/wp\/v2\/posts"}],"about":[{"href":"https:\/\/www.paranapraia.com.br\/index.php\/wp-json\/wp\/v2\/types\/post"}],"author":[{"embeddable":true,"href":"https:\/\/www.paranapraia.com.br\/index.php\/wp-json\/wp\/v2\/users\/2"}],"replies":[{"embeddable":true,"href":"https:\/\/www.paranapraia.com.br\/index.php\/wp-json\/wp\/v2\/comments?post=67005"}],"version-history":[{"count":1,"href":"https:\/\/www.paranapraia.com.br\/index.php\/wp-json\/wp\/v2\/posts\/67005\/revisions"}],"predecessor-version":[{"id":67007,"href":"https:\/\/www.paranapraia.com.br\/index.php\/wp-json\/wp\/v2\/posts\/67005\/revisions\/67007"}],"wp:featuredmedia":[{"embeddable":true,"href":"https:\/\/www.paranapraia.com.br\/index.php\/wp-json\/wp\/v2\/media\/67006"}],"wp:attachment":[{"href":"https:\/\/www.paranapraia.com.br\/index.php\/wp-json\/wp\/v2\/media?parent=67005"}],"wp:term":[{"taxonomy":"category","embeddable":true,"href":"https:\/\/www.paranapraia.com.br\/index.php\/wp-json\/wp\/v2\/categories?post=67005"},{"taxonomy":"post_tag","embeddable":true,"href":"https:\/\/www.paranapraia.com.br\/index.php\/wp-json\/wp\/v2\/tags?post=67005"}],"curies":[{"name":"wp","href":"https:\/\/api.w.org\/{rel}","templated":true}]}}