{"id":67002,"date":"2025-05-15T18:54:18","date_gmt":"2025-05-15T21:54:18","guid":{"rendered":"https:\/\/www.paranapraia.com.br\/?p=67002"},"modified":"2025-05-15T18:54:20","modified_gmt":"2025-05-15T21:54:20","slug":"prefeitura-de-morretes-recebe-recursos-para-pavimentacao-e-reforma-de-escola-municipal","status":"publish","type":"post","link":"https:\/\/www.paranapraia.com.br\/index.php\/2025\/05\/15\/prefeitura-de-morretes-recebe-recursos-para-pavimentacao-e-reforma-de-escola-municipal\/","title":{"rendered":"Prefeitura de Morretes Recebe Recursos para Pavimenta\u00e7\u00e3o e Reforma de Escola Municipal"},"content":{"rendered":"\n<p>Na tarde da \u00faltima ter\u00e7a-feira (13), o prefeito de Morretes, J\u00fanior Brindarolli, participou de uma importante cerim\u00f4nia na Secretaria de Estado das Cidades, ao lado do secret\u00e1rio estadual Guto Silva e do deputado Alexandre Curi. Na ocasi\u00e3o, foram autorizadas licita\u00e7\u00f5es e liberados recursos que somam quase R$ 7,8 milh\u00f5es, beneficiando diretamente Morretes e outros munic\u00edpios paranaenses.<\/p>\n\n\n\n<p>Para Morretes, os investimentos contemplam dois importantes editais. O primeiro, no valor de&nbsp;<strong>R$ 3.308.000,00<\/strong>, ser\u00e1 destinado \u00e0&nbsp;<strong>pavimenta\u00e7\u00e3o de vias urbanas<\/strong>&nbsp;nos bairros Vila das Palmeiras, Porto de Cima e Anhaia. Desse total, R$ 2,5 milh\u00f5es s\u00e3o repasses do Governo do Estado via transfer\u00eancia volunt\u00e1ria. O segundo edital, no valor de&nbsp;<strong>R$ 280.750,56<\/strong>, viabiliza a&nbsp;<strong>reforma de uma escola municipal<\/strong>&nbsp;no Jardim das Palmeiras, que contar\u00e1 com estrutura met\u00e1lica e telhamento novo. Deste valor,&nbsp;<strong>R$ 200 mil<\/strong>&nbsp;foram liberados a fundo perdido pelo Estado.<\/p>\n\n\n\n<p>Essas a\u00e7\u00f5es s\u00e3o frutos da parceria entre o Governo do Estado e a Prefeitura de Morretes, que tem trabalhado na elabora\u00e7\u00e3o e apresenta\u00e7\u00e3o de projetos para garantir novos investimentos.<\/p>\n\n\n\n<p><strong>In\u00edcio das Obras da Estrada do Am\u00e9rica<\/strong><\/p>\n\n\n\n<p>Outro destaque da cerim\u00f4nia foi a libera\u00e7\u00e3o de recursos para o in\u00edcio das obras da t\u00e3o esperada&nbsp;<strong>Estrada do Am\u00e9rica<\/strong>, uma reivindica\u00e7\u00e3o antiga da comunidade que agora come\u00e7a a sair do papel. A obra vai melhorar o acesso \u00e0 regi\u00e3o e impulsionar o desenvolvimento local.<\/p>\n\n\n\n<p>O prefeito J\u00fanior comemorou os avan\u00e7os e ressaltou a import\u00e2ncia da uni\u00e3o entre os poderes para conquistar melhorias para a popula\u00e7\u00e3o.<\/p>\n\n\n\n<p><em>\u201cEsses investimentos s\u00e3o fundamentais para o desenvolvimento de Morretes. A pavimenta\u00e7\u00e3o vai melhorar a mobilidade e a qualidade de vida da nossa popula\u00e7\u00e3o, enquanto a reforma da escola \u00e9 um passo importante para valorizar a educa\u00e7\u00e3o. E a Estrada do Am\u00e9rica ser\u00e1 uma grande transforma\u00e7\u00e3o para o munic\u00edpio\u201d, destacou o prefeito.<\/em><\/p>\n\n\n\n<p><strong>Parcerias que Transformam<\/strong><\/p>\n\n\n\n<p>O deputado estadual Alexandre Curi tamb\u00e9m celebrou a libera\u00e7\u00e3o dos recursos, destacando o compromisso da Assembleia Legislativa com o desenvolvimento dos munic\u00edpios paranaenses.<\/p>\n\n\n\n<p><em>\u201c\u00c9 um privil\u00e9gio fazer parte dessa transforma\u00e7\u00e3o. Com o apoio da Assembleia, conseguimos garantir recursos essenciais para o crescimento e o bem-estar da popula\u00e7\u00e3o de Morretes\u201d, afirmou Curi.<\/em><\/p>\n\n\n\n<p>J\u00e1 o secret\u00e1rio Guto Silva refor\u00e7ou a linha de atua\u00e7\u00e3o do Governo do Estado, que busca atender demandas reais apresentadas pelos prefeitos e acelerar a entrega de obras.<\/p>\n\n\n\n<p><em>\u201cEstamos aqui para fortalecer a parceria com os munic\u00edpios e garantir que o desenvolvimento chegue onde realmente importa: na ponta, para a popula\u00e7\u00e3o. O governador Ratinho J\u00fanior tem orientado que trabalhemos com agilidade e efici\u00eancia\u201d, disse.<\/em><\/p>\n\n\n\n<p>Com esses investimentos, a Prefeitura de Morretes reafirma seu compromisso com o progresso da cidade, focando em \u00e1reas essenciais como infraestrutura, mobilidade e educa\u00e7\u00e3o. A gest\u00e3o segue empenhada em tornar Morretes um modelo de qualidade de vida no Litoral do Paran\u00e1.<\/p>\n\n\n\n<p>Assessoria<\/p>\n","protected":false},"excerpt":{"rendered":"<p>Na tarde da \u00faltima ter\u00e7a-feira (13), o prefeito de Morretes, J\u00fanior Brindarolli, participou de uma importante cerim\u00f4nia na Secretaria de Estado das Cidades, ao lado do secret\u00e1rio estadual Guto Silva e do deputado Alexandre Curi. Na ocasi\u00e3o, foram autorizadas licita\u00e7\u00f5es e liberados recursos que somam quase R$ 7,8 milh\u00f5es, beneficiando diretamente Morretes e outros munic\u00edpios [&hellip;]<\/p>\n","protected":false},"author":2,"featured_media":67003,"comment_status":"open","ping_status":"open","sticky":false,"template":"","format":"standard","meta":{"advanced_seo_description":"","jetpack_seo_html_title":"","jetpack_seo_noindex":false,"_jetpack_memberships_contains_paid_content":false,"footnotes":""},"categories":[125],"tags":[729],"class_list":{"0":"post-67002","1":"post","2":"type-post","3":"status-publish","4":"format-standard","5":"has-post-thumbnail","7":"category-morretes","8":"tag-morretes"},"jetpack_featured_media_url":"https:\/\/www.paranapraia.com.br\/wp-content\/uploads\/2025\/05\/FB_IMG_1747345782297-scaled.jpg","jetpack_sharing_enabled":true,"_links":{"self":[{"href":"https:\/\/www.paranapraia.com.br\/index.php\/wp-json\/wp\/v2\/posts\/67002"}],"collection":[{"href":"https:\/\/www.paranapraia.com.br\/index.php\/wp-json\/wp\/v2\/posts"}],"about":[{"href":"https:\/\/www.paranapraia.com.br\/index.php\/wp-json\/wp\/v2\/types\/post"}],"author":[{"embeddable":true,"href":"https:\/\/www.paranapraia.com.br\/index.php\/wp-json\/wp\/v2\/users\/2"}],"replies":[{"embeddable":true,"href":"https:\/\/www.paranapraia.com.br\/index.php\/wp-json\/wp\/v2\/comments?post=67002"}],"version-history":[{"count":1,"href":"https:\/\/www.paranapraia.com.br\/index.php\/wp-json\/wp\/v2\/posts\/67002\/revisions"}],"predecessor-version":[{"id":67004,"href":"https:\/\/www.paranapraia.com.br\/index.php\/wp-json\/wp\/v2\/posts\/67002\/revisions\/67004"}],"wp:featuredmedia":[{"embeddable":true,"href":"https:\/\/www.paranapraia.com.br\/index.php\/wp-json\/wp\/v2\/media\/67003"}],"wp:attachment":[{"href":"https:\/\/www.paranapraia.com.br\/index.php\/wp-json\/wp\/v2\/media?parent=67002"}],"wp:term":[{"taxonomy":"category","embeddable":true,"href":"https:\/\/www.paranapraia.com.br\/index.php\/wp-json\/wp\/v2\/categories?post=67002"},{"taxonomy":"post_tag","embeddable":true,"href":"https:\/\/www.paranapraia.com.br\/index.php\/wp-json\/wp\/v2\/tags?post=67002"}],"curies":[{"name":"wp","href":"https:\/\/api.w.org\/{rel}","templated":true}]}}