{"id":66987,"date":"2025-05-15T18:16:55","date_gmt":"2025-05-15T21:16:55","guid":{"rendered":"https:\/\/www.paranapraia.com.br\/?p=66987"},"modified":"2025-05-15T18:16:58","modified_gmt":"2025-05-15T21:16:58","slug":"prefeito-adriano-ramos-recebe-deputado-nelson-justus-em-paranagua","status":"publish","type":"post","link":"https:\/\/www.paranapraia.com.br\/index.php\/2025\/05\/15\/prefeito-adriano-ramos-recebe-deputado-nelson-justus-em-paranagua\/","title":{"rendered":"Prefeito Adriano Ramos recebe deputado Nelson Justus em Paranagu\u00e1"},"content":{"rendered":"\n<p>O prefeito de Paranagu\u00e1, Adriano Ramos, recebeu nesta quinta-feira (15) o deputado estadual Nelson Justus (Uni\u00e3o Brasil), para apresentar demandas voltadas \u00e0s \u00e1reas da Secretaria da Fam\u00edlia e Cidadania e do Desenvolvimento Social (Semfac). Na reuni\u00e3o, estiveram tamb\u00e9m o chefe de Gabinete, Andr\u00e9 Ferruci, e os vereadores Giovanne Martins (Novo) e Welington Frandji (Podemos).<\/p>\n\n\n\n<p>O prefeito destacou a import\u00e2ncia do di\u00e1logo com a Assembleia Legislativa do Paran\u00e1 (Alep) e ressaltou a disposi\u00e7\u00e3o do deputado em colaborar com o munic\u00edpio. \u201cFoi uma visita positiva. O deputado se comprometeu a retornar com uma resposta at\u00e9 a pr\u00f3xima semana. A pol\u00edtica se constr\u00f3i com rela\u00e7\u00f5es de confian\u00e7a e essa aproxima\u00e7\u00e3o com a Assembleia \u00e9 fundamental para trazer benef\u00edcios concretos \u00e0 nossa popula\u00e7\u00e3o\u201d, considerou o prefeito.<\/p>\n\n\n\n<p>Nelson Justus elogiou a gest\u00e3o do prefeito e refor\u00e7ou seu compromisso com Paranagu\u00e1. \u201cSou o deputado mais votado do litoral e n\u00e3o posso deixar de manter um relacionamento pr\u00f3ximo com a cidade. Ouvi as demandas e me comprometi a lev\u00e1-las adiante. O prefeito Adriano \u00e9 extremamente competente e Paranagu\u00e1 tem motivos de sobra para se orgulhar dele\u201d, declarou. O deputado tamb\u00e9m mencionou o envolvimento de seu filho, Roberto Justus, como futuro representante pol\u00edtico, e reafirmou que as portas da Alep e do Pal\u00e1cio das Arauc\u00e1rias est\u00e3o abertas \u00e0 Prefeitura de Paranagu\u00e1.<\/p>\n\n\n\n<p>O vereador Giovanne Martins destacou essa proximidade do deputado Nelson Justus com a prefeitura: \u201cParticipar da conversa s\u00f3 fortalece essa parceria e precisamos disso.\u201d<\/p>\n\n\n\n<p>O l\u00edder do governo na C\u00e2mara Municipal, Welington Frandji ficou feliz em saber do interesse do deputado sobre as demandas da cidade. \u201c\u00c9 importante essa aproxima\u00e7\u00e3o da Assembleia com a Prefeitura, pois \u00e9 por essas conversas que muitos recursos chegam \u00e0 nossa cidade e o prefeito est\u00e1 buscando incessantemente para a nossa cidade\u201d, finalizou.<\/p>\n\n\n\n<p>Assessoria<\/p>\n","protected":false},"excerpt":{"rendered":"<p>O prefeito de Paranagu\u00e1, Adriano Ramos, recebeu nesta quinta-feira (15) o deputado estadual Nelson Justus (Uni\u00e3o Brasil), para apresentar demandas voltadas \u00e0s \u00e1reas da Secretaria da Fam\u00edlia e Cidadania e do Desenvolvimento Social (Semfac). Na reuni\u00e3o, estiveram tamb\u00e9m o chefe de Gabinete, Andr\u00e9 Ferruci, e os vereadores Giovanne Martins (Novo) e Welington Frandji (Podemos). O [&hellip;]<\/p>\n","protected":false},"author":2,"featured_media":66988,"comment_status":"open","ping_status":"open","sticky":false,"template":"","format":"standard","meta":{"advanced_seo_description":"","jetpack_seo_html_title":"","jetpack_seo_noindex":false,"_jetpack_memberships_contains_paid_content":false,"footnotes":""},"categories":[77],"tags":[321],"class_list":{"0":"post-66987","1":"post","2":"type-post","3":"status-publish","4":"format-standard","5":"has-post-thumbnail","7":"category-paranagua","8":"tag-paranagua"},"jetpack_featured_media_url":"https:\/\/www.paranapraia.com.br\/wp-content\/uploads\/2025\/05\/thumb-2025-05-15T181611.073-scaled.jpeg","jetpack_sharing_enabled":true,"_links":{"self":[{"href":"https:\/\/www.paranapraia.com.br\/index.php\/wp-json\/wp\/v2\/posts\/66987"}],"collection":[{"href":"https:\/\/www.paranapraia.com.br\/index.php\/wp-json\/wp\/v2\/posts"}],"about":[{"href":"https:\/\/www.paranapraia.com.br\/index.php\/wp-json\/wp\/v2\/types\/post"}],"author":[{"embeddable":true,"href":"https:\/\/www.paranapraia.com.br\/index.php\/wp-json\/wp\/v2\/users\/2"}],"replies":[{"embeddable":true,"href":"https:\/\/www.paranapraia.com.br\/index.php\/wp-json\/wp\/v2\/comments?post=66987"}],"version-history":[{"count":1,"href":"https:\/\/www.paranapraia.com.br\/index.php\/wp-json\/wp\/v2\/posts\/66987\/revisions"}],"predecessor-version":[{"id":66989,"href":"https:\/\/www.paranapraia.com.br\/index.php\/wp-json\/wp\/v2\/posts\/66987\/revisions\/66989"}],"wp:featuredmedia":[{"embeddable":true,"href":"https:\/\/www.paranapraia.com.br\/index.php\/wp-json\/wp\/v2\/media\/66988"}],"wp:attachment":[{"href":"https:\/\/www.paranapraia.com.br\/index.php\/wp-json\/wp\/v2\/media?parent=66987"}],"wp:term":[{"taxonomy":"category","embeddable":true,"href":"https:\/\/www.paranapraia.com.br\/index.php\/wp-json\/wp\/v2\/categories?post=66987"},{"taxonomy":"post_tag","embeddable":true,"href":"https:\/\/www.paranapraia.com.br\/index.php\/wp-json\/wp\/v2\/tags?post=66987"}],"curies":[{"name":"wp","href":"https:\/\/api.w.org\/{rel}","templated":true}]}}