{"id":66901,"date":"2025-05-14T11:04:10","date_gmt":"2025-05-14T14:04:10","guid":{"rendered":"https:\/\/www.paranapraia.com.br\/?p=66901"},"modified":"2025-05-14T11:04:13","modified_gmt":"2025-05-14T14:04:13","slug":"secretarias-municipais-de-educacao-de-paranagua-e-de-fazenda-rio-grande-discutem-estrategias-para-os-municipios","status":"publish","type":"post","link":"https:\/\/www.paranapraia.com.br\/index.php\/2025\/05\/14\/secretarias-municipais-de-educacao-de-paranagua-e-de-fazenda-rio-grande-discutem-estrategias-para-os-municipios\/","title":{"rendered":"Secretarias Municipais de Educa\u00e7\u00e3o de Paranagu\u00e1 e de Fazenda Rio Grande discutem estrat\u00e9gias para os munic\u00edpios"},"content":{"rendered":"\n<p>A vice-prefeita de Paranagu\u00e1, Fabiana Parro, e a secret\u00e1ria municipal de Educa\u00e7\u00e3o e Ensino Integral (Semedi), Fab\u00edola Soares Arcega, estiveram em reuni\u00e3o com o secret\u00e1rio municipal de Educa\u00e7\u00e3o de Fazenda Rio Grande, Ednelson Sobral na \u00faltima segunda-feira (12).<\/p>\n\n\n\n<p>Durante a reuni\u00e3o, foram discutidas iniciativas voltadas \u00e0 valoriza\u00e7\u00e3o dos profissionais da educa\u00e7\u00e3o, inova\u00e7\u00e3o pedag\u00f3gica e melhorias na infraestrutura das escolas municipais. O secret\u00e1rio Ednelson apresentou as a\u00e7\u00f5es e os projetos desenvolvidos pela gest\u00e3o local.<\/p>\n\n\n\n<p>A vice-prefeita Fabiana Parro enfatizou que a visita t\u00e9cnica proporcionou uma importante troca de experi\u00eancias, reafirmando o compromisso dos munic\u00edpios de Paranagu\u00e1 e Fazenda Rio Grande com a qualidade da educa\u00e7\u00e3o p\u00fablica e a ado\u00e7\u00e3o de pol\u00edticas inovadoras, para promover o desenvolvimento integral dos estudantes. \u201cA uni\u00e3o entre os munic\u00edpios \u00e9 essencial para o avan\u00e7o da qualidade dos servi\u00e7os prestados \u00e0 nossa popula\u00e7\u00e3o. Agradecemos ao secret\u00e1rio Ednelson pela receptividade\u201d, elogiou.<\/p>\n\n\n\n<p>De acordo com a secret\u00e1ria Fab\u00edola, o encontro estabelece compromisso de parceria entre os munic\u00edpios. \u201cA visita teve como objetivo promover a troca de experi\u00eancias e fortalecer parcerias que contribuam com melhorias efetivas para a educa\u00e7\u00e3o p\u00fablica dos munic\u00edpios envolvidos\u201d, afirmou.<\/p>\n\n\n\n<p>Assessoria<\/p>\n","protected":false},"excerpt":{"rendered":"<p>A vice-prefeita de Paranagu\u00e1, Fabiana Parro, e a secret\u00e1ria municipal de Educa\u00e7\u00e3o e Ensino Integral (Semedi), Fab\u00edola Soares Arcega, estiveram em reuni\u00e3o com o secret\u00e1rio municipal de Educa\u00e7\u00e3o de Fazenda Rio Grande, Ednelson Sobral na \u00faltima segunda-feira (12). Durante a reuni\u00e3o, foram discutidas iniciativas voltadas \u00e0 valoriza\u00e7\u00e3o dos profissionais da educa\u00e7\u00e3o, inova\u00e7\u00e3o pedag\u00f3gica e melhorias [&hellip;]<\/p>\n","protected":false},"author":2,"featured_media":66902,"comment_status":"open","ping_status":"open","sticky":false,"template":"","format":"standard","meta":{"advanced_seo_description":"","jetpack_seo_html_title":"","jetpack_seo_noindex":false,"_jetpack_memberships_contains_paid_content":false,"footnotes":""},"categories":[77],"tags":[321],"class_list":{"0":"post-66901","1":"post","2":"type-post","3":"status-publish","4":"format-standard","5":"has-post-thumbnail","7":"category-paranagua","8":"tag-paranagua"},"jetpack_featured_media_url":"https:\/\/www.paranapraia.com.br\/wp-content\/uploads\/2025\/05\/thumb-17-scaled.jpg","jetpack_sharing_enabled":true,"_links":{"self":[{"href":"https:\/\/www.paranapraia.com.br\/index.php\/wp-json\/wp\/v2\/posts\/66901"}],"collection":[{"href":"https:\/\/www.paranapraia.com.br\/index.php\/wp-json\/wp\/v2\/posts"}],"about":[{"href":"https:\/\/www.paranapraia.com.br\/index.php\/wp-json\/wp\/v2\/types\/post"}],"author":[{"embeddable":true,"href":"https:\/\/www.paranapraia.com.br\/index.php\/wp-json\/wp\/v2\/users\/2"}],"replies":[{"embeddable":true,"href":"https:\/\/www.paranapraia.com.br\/index.php\/wp-json\/wp\/v2\/comments?post=66901"}],"version-history":[{"count":1,"href":"https:\/\/www.paranapraia.com.br\/index.php\/wp-json\/wp\/v2\/posts\/66901\/revisions"}],"predecessor-version":[{"id":66903,"href":"https:\/\/www.paranapraia.com.br\/index.php\/wp-json\/wp\/v2\/posts\/66901\/revisions\/66903"}],"wp:featuredmedia":[{"embeddable":true,"href":"https:\/\/www.paranapraia.com.br\/index.php\/wp-json\/wp\/v2\/media\/66902"}],"wp:attachment":[{"href":"https:\/\/www.paranapraia.com.br\/index.php\/wp-json\/wp\/v2\/media?parent=66901"}],"wp:term":[{"taxonomy":"category","embeddable":true,"href":"https:\/\/www.paranapraia.com.br\/index.php\/wp-json\/wp\/v2\/categories?post=66901"},{"taxonomy":"post_tag","embeddable":true,"href":"https:\/\/www.paranapraia.com.br\/index.php\/wp-json\/wp\/v2\/tags?post=66901"}],"curies":[{"name":"wp","href":"https:\/\/api.w.org\/{rel}","templated":true}]}}