{"id":66893,"date":"2025-05-14T10:58:30","date_gmt":"2025-05-14T13:58:30","guid":{"rendered":"https:\/\/www.paranapraia.com.br\/?p=66893"},"modified":"2025-05-14T11:00:03","modified_gmt":"2025-05-14T14:00:03","slug":"pontal-do-parana-podera-ser-o-primeiro-municipio-do-litoral-a-implementar-o-projeto-selo-azul-educacao","status":"publish","type":"post","link":"https:\/\/www.paranapraia.com.br\/index.php\/2025\/05\/14\/pontal-do-parana-podera-ser-o-primeiro-municipio-do-litoral-a-implementar-o-projeto-selo-azul-educacao\/","title":{"rendered":"Pontal do Paran\u00e1 poder\u00e1 ser o primeiro munic\u00edpio do Litoral a implementar o Projeto Selo Azul Educa\u00e7\u00e3o"},"content":{"rendered":"\n<p>Na tarde de ontem, no plen\u00e1rio da C\u00e2mara Municipal de Pontal do Paran\u00e1, a secret\u00e1ria municipal de Educa\u00e7\u00e3o, Cintia Mendes, conduziu uma reuni\u00e3o especial com a presen\u00e7a da professora Camila Domit, da UFPR Litoral, e da coordenadora do Programa de Educa\u00e7\u00e3o Ambiental MarMar\u00e9, para a apresenta\u00e7\u00e3o da proposta do Projeto Selo Azul Educa\u00e7\u00e3o.<\/p>\n\n\n\n<figure class=\"wp-block-image size-large\"><img loading=\"lazy\" decoding=\"async\" width=\"1024\" height=\"683\" src=\"https:\/\/www.paranapraia.com.br\/wp-content\/uploads\/2025\/05\/WhatsApp-Image-2025-05-14-at-10.51.04-1024x683.jpeg\" alt=\"\" class=\"wp-image-66895\" srcset=\"https:\/\/www.paranapraia.com.br\/wp-content\/uploads\/2025\/05\/WhatsApp-Image-2025-05-14-at-10.51.04-1024x683.jpeg 1024w, https:\/\/www.paranapraia.com.br\/wp-content\/uploads\/2025\/05\/WhatsApp-Image-2025-05-14-at-10.51.04-300x200.jpeg 300w, https:\/\/www.paranapraia.com.br\/wp-content\/uploads\/2025\/05\/WhatsApp-Image-2025-05-14-at-10.51.04-768x512.jpeg 768w, https:\/\/www.paranapraia.com.br\/wp-content\/uploads\/2025\/05\/WhatsApp-Image-2025-05-14-at-10.51.04-1536x1024.jpeg 1536w, https:\/\/www.paranapraia.com.br\/wp-content\/uploads\/2025\/05\/WhatsApp-Image-2025-05-14-at-10.51.04-696x464.jpeg 696w, https:\/\/www.paranapraia.com.br\/wp-content\/uploads\/2025\/05\/WhatsApp-Image-2025-05-14-at-10.51.04-1068x712.jpeg 1068w, https:\/\/www.paranapraia.com.br\/wp-content\/uploads\/2025\/05\/WhatsApp-Image-2025-05-14-at-10.51.04-scaled.jpeg 800w\" sizes=\"(max-width: 1024px) 100vw, 1024px\" \/><\/figure>\n\n\n\n<p>A reuni\u00e3o teve como objetivo apresentar a ideia inicial do projeto aos vereadores e autoridades locais, como uma pr\u00e9via do que ser\u00e1 futuramente protocolado oficialmente na Casa para an\u00e1lise e vota\u00e7\u00e3o. Caso aprovado, Pontal do Paran\u00e1 ser\u00e1 o primeiro munic\u00edpio do Litoral do estado a adotar essa iniciativa inovadora, que promove educa\u00e7\u00e3o ambiental, cultura oce\u00e2nica e sustentabilidade no ambiente escolar.<\/p>\n\n\n\n<figure class=\"wp-block-image size-large\"><img loading=\"lazy\" decoding=\"async\" width=\"1024\" height=\"683\" src=\"https:\/\/www.paranapraia.com.br\/wp-content\/uploads\/2025\/05\/WhatsApp-Image-2025-05-14-at-10.51.29-1024x683.jpeg\" alt=\"\" class=\"wp-image-66896\" srcset=\"https:\/\/www.paranapraia.com.br\/wp-content\/uploads\/2025\/05\/WhatsApp-Image-2025-05-14-at-10.51.29-1024x683.jpeg 1024w, https:\/\/www.paranapraia.com.br\/wp-content\/uploads\/2025\/05\/WhatsApp-Image-2025-05-14-at-10.51.29-300x200.jpeg 300w, https:\/\/www.paranapraia.com.br\/wp-content\/uploads\/2025\/05\/WhatsApp-Image-2025-05-14-at-10.51.29-768x512.jpeg 768w, https:\/\/www.paranapraia.com.br\/wp-content\/uploads\/2025\/05\/WhatsApp-Image-2025-05-14-at-10.51.29-1536x1024.jpeg 1536w, https:\/\/www.paranapraia.com.br\/wp-content\/uploads\/2025\/05\/WhatsApp-Image-2025-05-14-at-10.51.29-696x464.jpeg 696w, https:\/\/www.paranapraia.com.br\/wp-content\/uploads\/2025\/05\/WhatsApp-Image-2025-05-14-at-10.51.29-1068x712.jpeg 1068w, https:\/\/www.paranapraia.com.br\/wp-content\/uploads\/2025\/05\/WhatsApp-Image-2025-05-14-at-10.51.29-scaled.jpeg 800w\" sizes=\"(max-width: 1024px) 100vw, 1024px\" \/><\/figure>\n\n\n\n<p>Estiveram presentes os vereadores Marcelo da Sa\u00fade, Cirineu Marca, Juvanete, Cleonice, Pastor Jhonatan e Nei da Pesca, demonstrando interesse e apoio \u00e0 proposta. A participa\u00e7\u00e3o ativa do Legislativo refor\u00e7a o compromisso do munic\u00edpio com a\u00e7\u00f5es voltadas \u00e0 preserva\u00e7\u00e3o ambiental e \u00e0 educa\u00e7\u00e3o de qualidade.<\/p>\n\n\n\n<p><strong>Escola Azul<\/strong><br>A Escola Azul \u00e9 uma iniciativa que surgiu em Portugal e vem sendo expandida no Brasil, com o prop\u00f3sito de trabalhar o tema oceano de forma transversal no curr\u00edculo escolar. Ela estimula o pensamento cr\u00edtico e criativo, engajando a comunidade escolar na constru\u00e7\u00e3o da cultura oce\u00e2nica, ou seja, na compreens\u00e3o de como o oceano influencia nossas vidas e de como nossas a\u00e7\u00f5es impactam o oceano.<\/p>\n\n\n\n<figure class=\"wp-block-image size-large\"><img loading=\"lazy\" decoding=\"async\" width=\"1024\" height=\"683\" src=\"https:\/\/www.paranapraia.com.br\/wp-content\/uploads\/2025\/05\/WhatsApp-Image-2025-05-14-at-10.52.03-1024x683.jpeg\" alt=\"\" class=\"wp-image-66897\" srcset=\"https:\/\/www.paranapraia.com.br\/wp-content\/uploads\/2025\/05\/WhatsApp-Image-2025-05-14-at-10.52.03-1024x683.jpeg 1024w, https:\/\/www.paranapraia.com.br\/wp-content\/uploads\/2025\/05\/WhatsApp-Image-2025-05-14-at-10.52.03-300x200.jpeg 300w, https:\/\/www.paranapraia.com.br\/wp-content\/uploads\/2025\/05\/WhatsApp-Image-2025-05-14-at-10.52.03-768x512.jpeg 768w, https:\/\/www.paranapraia.com.br\/wp-content\/uploads\/2025\/05\/WhatsApp-Image-2025-05-14-at-10.52.03-1536x1024.jpeg 1536w, https:\/\/www.paranapraia.com.br\/wp-content\/uploads\/2025\/05\/WhatsApp-Image-2025-05-14-at-10.52.03-696x464.jpeg 696w, https:\/\/www.paranapraia.com.br\/wp-content\/uploads\/2025\/05\/WhatsApp-Image-2025-05-14-at-10.52.03-1068x712.jpeg 1068w, https:\/\/www.paranapraia.com.br\/wp-content\/uploads\/2025\/05\/WhatsApp-Image-2025-05-14-at-10.52.03-scaled.jpeg 800w\" sizes=\"(max-width: 1024px) 100vw, 1024px\" \/><\/figure>\n\n\n\n<p>Al\u00e9m disso, promove o desenvolvimento de la\u00e7os afetivos com o ambiente marinho e incentiva a\u00e7\u00f5es concretas em prol da sustentabilidade.<\/p>\n\n\n\n<p>Em Pontal do Paran\u00e1, todas as escolas da rede p\u00fablica municipal participaram de a\u00e7\u00f5es promovidas pela Secretaria Municipal de Educa\u00e7\u00e3o (SMED), por meio do programa MarMar\u00e9 e em parceria com a Coaliz\u00e3o Paran\u00e1 pela D\u00e9cada do Oceano, que possibilitaram a ades\u00e3o de 27 escolas ao Programa Escola Azul Brasil, um reconhecimento nacional \u00e0s escolas que se destacam na promo\u00e7\u00e3o da educa\u00e7\u00e3o oce\u00e2nica, na conserva\u00e7\u00e3o dos ecossistemas costeiros e no fortalecimento do v\u00ednculo entre escola, territ\u00f3rio e oceano.<\/p>\n\n\n\n<figure class=\"wp-block-image size-large\"><img loading=\"lazy\" decoding=\"async\" width=\"1024\" height=\"683\" src=\"https:\/\/www.paranapraia.com.br\/wp-content\/uploads\/2025\/05\/WhatsApp-Image-2025-05-14-at-10.49.54-1024x683.jpeg\" alt=\"\" class=\"wp-image-66898\" srcset=\"https:\/\/www.paranapraia.com.br\/wp-content\/uploads\/2025\/05\/WhatsApp-Image-2025-05-14-at-10.49.54-1024x683.jpeg 1024w, https:\/\/www.paranapraia.com.br\/wp-content\/uploads\/2025\/05\/WhatsApp-Image-2025-05-14-at-10.49.54-300x200.jpeg 300w, https:\/\/www.paranapraia.com.br\/wp-content\/uploads\/2025\/05\/WhatsApp-Image-2025-05-14-at-10.49.54-768x512.jpeg 768w, https:\/\/www.paranapraia.com.br\/wp-content\/uploads\/2025\/05\/WhatsApp-Image-2025-05-14-at-10.49.54-1536x1024.jpeg 1536w, https:\/\/www.paranapraia.com.br\/wp-content\/uploads\/2025\/05\/WhatsApp-Image-2025-05-14-at-10.49.54-696x464.jpeg 696w, https:\/\/www.paranapraia.com.br\/wp-content\/uploads\/2025\/05\/WhatsApp-Image-2025-05-14-at-10.49.54-1068x712.jpeg 1068w, https:\/\/www.paranapraia.com.br\/wp-content\/uploads\/2025\/05\/WhatsApp-Image-2025-05-14-at-10.49.54-scaled.jpeg 800w\" sizes=\"(max-width: 1024px) 100vw, 1024px\" \/><\/figure>\n\n\n\n<p>Durante a apresenta\u00e7\u00e3o, as professoras destacaram a import\u00e2ncia de inserir o tema oceano de forma transversal no curr\u00edculo escolar, fortalecendo o v\u00ednculo da comunidade com o meio ambiente marinho e incentivando a forma\u00e7\u00e3o de cidad\u00e3os conscientes e engajados com a preserva\u00e7\u00e3o da nossa costa.<\/p>\n\n\n\n<p>A presidente da C\u00e2mara Municipal, vereadora Elinete Guimar\u00e3es Rocha, demonstrou apoio \u00e0 proposta. \u201cTenho certeza de que, quando o projeto for oficialmente apresentado \u00e0 C\u00e2mara, todos os vereadores votar\u00e3o a favor. Trata-se de uma proposta extremamente importante para a quest\u00e3o ambiental e para o nosso munic\u00edpio, que \u00e9 tur\u00edstico e tem o oceano como parte fundamental da sua identidade.\u201d<\/p>\n\n\n\n<p>O Projeto Selo Azul Educa\u00e7\u00e3o se inspira em iniciativas como o <em>Escola Azul<\/em>, nascido em Portugal e j\u00e1 presente no Brasil, al\u00e9m do <em>Selo Escola Sustent\u00e1vel<\/em> e do <em>Selo Nacional Compromisso com a Alfabetiza\u00e7\u00e3o<\/em>, reunindo pr\u00e1ticas pedag\u00f3gicas voltadas \u00e0 sustentabilidade, ao conhecimento cient\u00edfico e \u00e0 participa\u00e7\u00e3o cidad\u00e3.<\/p>\n\n\n\n<p>Nos pr\u00f3ximos dias, o projeto ser\u00e1 finalizado e encaminhado para tramita\u00e7\u00e3o oficial na C\u00e2mara Municipal, representando um passo importante para o fortalecimento da educa\u00e7\u00e3o ambiental em Pontal do Paran\u00e1.<\/p>\n\n\n\n<p>Assessoria<\/p>\n","protected":false},"excerpt":{"rendered":"<p>Na tarde de ontem, no plen\u00e1rio da C\u00e2mara Municipal de Pontal do Paran\u00e1, a secret\u00e1ria municipal de Educa\u00e7\u00e3o, Cintia Mendes, conduziu uma reuni\u00e3o especial com a presen\u00e7a da professora Camila Domit, da UFPR Litoral, e da coordenadora do Programa de Educa\u00e7\u00e3o Ambiental MarMar\u00e9, para a apresenta\u00e7\u00e3o da proposta do Projeto Selo Azul Educa\u00e7\u00e3o. A reuni\u00e3o [&hellip;]<\/p>\n","protected":false},"author":2,"featured_media":66894,"comment_status":"open","ping_status":"open","sticky":false,"template":"","format":"standard","meta":{"advanced_seo_description":"","jetpack_seo_html_title":"","jetpack_seo_noindex":false,"_jetpack_memberships_contains_paid_content":false,"footnotes":""},"categories":[40,72,34,65,111],"tags":[318,1219,966],"class_list":{"0":"post-66893","1":"post","2":"type-post","3":"status-publish","4":"format-standard","5":"has-post-thumbnail","7":"category-destaques","8":"category-educacao","9":"category-meio-ambiente","10":"category-pontal-do-parana","11":"category-ufpr","12":"tag-pontal-do-parana","13":"tag-selo-azul","14":"tag-ufpr"},"jetpack_featured_media_url":"https:\/\/www.paranapraia.com.br\/wp-content\/uploads\/2025\/05\/WhatsApp-Image-2025-05-14-at-10.33.48-scaled.jpeg","jetpack_sharing_enabled":true,"_links":{"self":[{"href":"https:\/\/www.paranapraia.com.br\/index.php\/wp-json\/wp\/v2\/posts\/66893"}],"collection":[{"href":"https:\/\/www.paranapraia.com.br\/index.php\/wp-json\/wp\/v2\/posts"}],"about":[{"href":"https:\/\/www.paranapraia.com.br\/index.php\/wp-json\/wp\/v2\/types\/post"}],"author":[{"embeddable":true,"href":"https:\/\/www.paranapraia.com.br\/index.php\/wp-json\/wp\/v2\/users\/2"}],"replies":[{"embeddable":true,"href":"https:\/\/www.paranapraia.com.br\/index.php\/wp-json\/wp\/v2\/comments?post=66893"}],"version-history":[{"count":1,"href":"https:\/\/www.paranapraia.com.br\/index.php\/wp-json\/wp\/v2\/posts\/66893\/revisions"}],"predecessor-version":[{"id":66899,"href":"https:\/\/www.paranapraia.com.br\/index.php\/wp-json\/wp\/v2\/posts\/66893\/revisions\/66899"}],"wp:featuredmedia":[{"embeddable":true,"href":"https:\/\/www.paranapraia.com.br\/index.php\/wp-json\/wp\/v2\/media\/66894"}],"wp:attachment":[{"href":"https:\/\/www.paranapraia.com.br\/index.php\/wp-json\/wp\/v2\/media?parent=66893"}],"wp:term":[{"taxonomy":"category","embeddable":true,"href":"https:\/\/www.paranapraia.com.br\/index.php\/wp-json\/wp\/v2\/categories?post=66893"},{"taxonomy":"post_tag","embeddable":true,"href":"https:\/\/www.paranapraia.com.br\/index.php\/wp-json\/wp\/v2\/tags?post=66893"}],"curies":[{"name":"wp","href":"https:\/\/api.w.org\/{rel}","templated":true}]}}