{"id":66841,"date":"2025-05-13T09:19:11","date_gmt":"2025-05-13T12:19:11","guid":{"rendered":"https:\/\/www.paranapraia.com.br\/?p=66841"},"modified":"2025-05-13T09:19:14","modified_gmt":"2025-05-13T12:19:14","slug":"mais-seguranca-no-mar-estado-confirma-nova-sinalizacao-nautica-para-a-ilha-do-mel","status":"publish","type":"post","link":"https:\/\/www.paranapraia.com.br\/index.php\/2025\/05\/13\/mais-seguranca-no-mar-estado-confirma-nova-sinalizacao-nautica-para-a-ilha-do-mel\/","title":{"rendered":"Mais seguran\u00e7a no Mar: Estado confirma nova sinaliza\u00e7\u00e3o n\u00e1utica para a Ilha do Mel"},"content":{"rendered":"\n<p>A Secretaria de Infraestrutura e Log\u00edstica do Paran\u00e1 (SEIL) assinou o contrato da obra para instala\u00e7\u00e3o de nova sinaliza\u00e7\u00e3o n\u00e1utica nos acessos \u00e0s comunidades de Nova Bras\u00edlia e Encantadas na Ilha do Mel, em Paranagu\u00e1, regi\u00e3o do Litoral.<\/p>\n\n\n\n<p>O investimento \u00e9 de R$ 916.816,00, prevendo a instala\u00e7\u00e3o de duas balizas e dois faroletes em Encantadas, e seis faroletes em Nova Bras\u00edlia. As estruturas s\u00e3o compostas por hastes de a\u00e7o cravadas em banco de areia e parte superior acima da linha d\u2019\u00e1gua, com espa\u00e7o para lanterna (no caso dos faroletes), marca de tope e espanta-gaivotas. Elas s\u00e3o regularmente utilizadas no balizamento n\u00e1utico, orientando a navega\u00e7\u00e3o, especialmente no per\u00edodo noturno, garantindo a seguran\u00e7a de tripula\u00e7\u00e3o e passageiros.<\/p>\n\n\n\n<p>\u201cToda a regi\u00e3o do Litoral do Paran\u00e1 est\u00e1 passando por uma grande transforma\u00e7\u00e3o, com investimentos bilion\u00e1rios pelo governo Ratinho Junior, expandindo o potencial tur\u00edstico da regi\u00e3o e melhorando a qualidade de vida dos moradores. A Ilha do Mel \u00e9 um destaque a parte, com estes investimentos que estamos fazendo para melhorar a travessia e o novo Marco Regulat\u00f3rio\u201d, afirma o secret\u00e1rio de Infraestrutura e Log\u00edstica do Paran\u00e1, Sandro Alex.<\/p>\n\n\n\n<p>\u201cTamb\u00e9m temos a duplica\u00e7\u00e3o em Matinhos come\u00e7ando, os estudos ambientais da pavimenta\u00e7\u00e3o da Estrada de Guaraque\u00e7aba, em breve a duplica\u00e7\u00e3o da PR-412 at\u00e9 Garuva, e, \u00e9 claro, a\u00a0Ponte de Guaratuba\u201d, complementa.<\/p>\n\n\n\n<p>O pr\u00f3ximo passo \u00e9 a emiss\u00e3o da ordem de servi\u00e7o, que marca a data de in\u00edcio das atividades. O cronograma prev\u00ea 30 dias para fabrica\u00e7\u00e3o das pe\u00e7as, 15 dias para instala\u00e7\u00e3o e manuten\u00e7\u00e3o pelos 315 dias seguintes. A cada quinzena ser\u00e3o realizadas inspe\u00e7\u00f5es noturnas e diurnas dos equipamentos, com previs\u00e3o de servi\u00e7os como raspagem de incrusta\u00e7\u00f5es, limpeza e lavagem das lanternas, verifica\u00e7\u00e3o do funcionamento das fotoc\u00e9lulas e verifica\u00e7\u00e3o da carga das baterias.<\/p>\n\n\n\n<p>Todos os servi\u00e7os e equipamentos seguem um projeto elaborado e aprovado pela Portos do Paran\u00e1.<\/p>\n\n\n\n<p>AEN<\/p>\n","protected":false},"excerpt":{"rendered":"<p>A Secretaria de Infraestrutura e Log\u00edstica do Paran\u00e1 (SEIL) assinou o contrato da obra para instala\u00e7\u00e3o de nova sinaliza\u00e7\u00e3o n\u00e1utica nos acessos \u00e0s comunidades de Nova Bras\u00edlia e Encantadas na Ilha do Mel, em Paranagu\u00e1, regi\u00e3o do Litoral. O investimento \u00e9 de R$ 916.816,00, prevendo a instala\u00e7\u00e3o de duas balizas e dois faroletes em Encantadas, [&hellip;]<\/p>\n","protected":false},"author":2,"featured_media":66842,"comment_status":"open","ping_status":"open","sticky":false,"template":"","format":"standard","meta":{"advanced_seo_description":"","jetpack_seo_html_title":"","jetpack_seo_noindex":false,"_jetpack_memberships_contains_paid_content":false,"footnotes":""},"categories":[40,76],"tags":[715,1211],"class_list":{"0":"post-66841","1":"post","2":"type-post","3":"status-publish","4":"format-standard","5":"has-post-thumbnail","7":"category-destaques","8":"category-ilha-do-mel","9":"tag-ilha-do-mel","10":"tag-sinalizacao-nautica"},"jetpack_featured_media_url":"https:\/\/www.paranapraia.com.br\/wp-content\/uploads\/2025\/05\/sinalizacao_nautica_1_-_claudio_neves-_portos_do_parana-scaled.jpg","jetpack_sharing_enabled":true,"_links":{"self":[{"href":"https:\/\/www.paranapraia.com.br\/index.php\/wp-json\/wp\/v2\/posts\/66841"}],"collection":[{"href":"https:\/\/www.paranapraia.com.br\/index.php\/wp-json\/wp\/v2\/posts"}],"about":[{"href":"https:\/\/www.paranapraia.com.br\/index.php\/wp-json\/wp\/v2\/types\/post"}],"author":[{"embeddable":true,"href":"https:\/\/www.paranapraia.com.br\/index.php\/wp-json\/wp\/v2\/users\/2"}],"replies":[{"embeddable":true,"href":"https:\/\/www.paranapraia.com.br\/index.php\/wp-json\/wp\/v2\/comments?post=66841"}],"version-history":[{"count":1,"href":"https:\/\/www.paranapraia.com.br\/index.php\/wp-json\/wp\/v2\/posts\/66841\/revisions"}],"predecessor-version":[{"id":66843,"href":"https:\/\/www.paranapraia.com.br\/index.php\/wp-json\/wp\/v2\/posts\/66841\/revisions\/66843"}],"wp:featuredmedia":[{"embeddable":true,"href":"https:\/\/www.paranapraia.com.br\/index.php\/wp-json\/wp\/v2\/media\/66842"}],"wp:attachment":[{"href":"https:\/\/www.paranapraia.com.br\/index.php\/wp-json\/wp\/v2\/media?parent=66841"}],"wp:term":[{"taxonomy":"category","embeddable":true,"href":"https:\/\/www.paranapraia.com.br\/index.php\/wp-json\/wp\/v2\/categories?post=66841"},{"taxonomy":"post_tag","embeddable":true,"href":"https:\/\/www.paranapraia.com.br\/index.php\/wp-json\/wp\/v2\/tags?post=66841"}],"curies":[{"name":"wp","href":"https:\/\/api.w.org\/{rel}","templated":true}]}}