{"id":66803,"date":"2025-05-12T15:31:00","date_gmt":"2025-05-12T18:31:00","guid":{"rendered":"https:\/\/www.paranapraia.com.br\/?p=66803"},"modified":"2025-05-12T15:31:02","modified_gmt":"2025-05-12T18:31:02","slug":"paranagua-destaca-protagonismo-feminino-em-reuniao-com-a-primeira-dama-do-parana","status":"publish","type":"post","link":"https:\/\/www.paranapraia.com.br\/index.php\/2025\/05\/12\/paranagua-destaca-protagonismo-feminino-em-reuniao-com-a-primeira-dama-do-parana\/","title":{"rendered":"Paranagu\u00e1 destaca protagonismo feminino em reuni\u00e3o com a primeira-dama do Paran\u00e1"},"content":{"rendered":"\n<p>Na \u00faltima quinta-feira (8), representantes do munic\u00edpio de Paranagu\u00e1 participaram de uma reuni\u00e3o institucional com a primeira-dama do Paran\u00e1, Luciana Saito Massa, no Pal\u00e1cio Igua\u00e7u, em Curitiba. A pauta central do encontro foi o fortalecimento das pol\u00edticas p\u00fablicas voltadas \u00e0s mulheres, com \u00eanfase nas a\u00e7\u00f5es do Outubro Rosa e na amplia\u00e7\u00e3o do acesso \u00e0 sa\u00fade feminina.<\/p>\n\n\n\n<p>A primeira-dama de Paranagu\u00e1, Patr\u00edcia Bamvakiades Ramos agradeceu a hospitalidade da primeira-dama do estado: \u201cFomos bem recebidas pela primeira dama e as informa\u00e7\u00f5es que obtivemos nos ajuda a melhorar as pol\u00edticas p\u00fablicas direcionadas \u00e0s mulheres em nossa cidade\u201d, disse Patr\u00edcia Ramos.<\/p>\n\n\n\n<p>A vice-prefeita de Paranagu\u00e1, Fabiana Parro, ressaltou a import\u00e2ncia do di\u00e1logo sobre preven\u00e7\u00e3o ao c\u00e2ncer de mama e de colo do \u00fatero, destacando o compromisso da gest\u00e3o municipal em fortalecer as redes de cuidado e acolhimento. \u201cConversamos sobre pol\u00edticas p\u00fablicas para as mulheres, preven\u00e7\u00e3o ao c\u00e2ncer e a\u00e7\u00f5es que podemos realizar em conjunto no Outubro Rosa. Aproveitei a oportunidade para convidar a primeira-dama a conhecer de perto o trabalho social realizado em nossa cidade\u201d, afirmou.<\/p>\n\n\n\n<p>Luciana Massa reiterou seu engajamento com causas sociais voltadas \u00e0s mulheres e elogiou as iniciativas desenvolvidas em Paranagu\u00e1. Ela tamb\u00e9m destacou a aten\u00e7\u00e3o especial do governador Carlos Massa Ratinho J\u00fanior com as demandas do litoral paranaense.<\/p>\n\n\n\n<p>O encontro tamb\u00e9m contou com a presen\u00e7a da diretora de Rela\u00e7\u00f5es P\u00fablicas da Prefeitura, Jiseli Pireli, e de representantes do Conselho da Mulher Empreendedora e da Cultura da ACIAP (CMEC) e do Instituto Peito Aberto \u2014 organiza\u00e7\u00e3o refer\u00eancia no apoio a mulheres em tratamento contra o c\u00e2ncer de mama.<\/p>\n\n\n\n<p>A reuni\u00e3o refor\u00e7ou o protagonismo de Paranagu\u00e1 em pautas sociais e de sa\u00fade p\u00fablica, evidenciando o comprometimento do munic\u00edpio com o bem-estar e empoderamento das mulheres.<\/p>\n\n\n\n<p>Assessoria<\/p>\n","protected":false},"excerpt":{"rendered":"<p>Na \u00faltima quinta-feira (8), representantes do munic\u00edpio de Paranagu\u00e1 participaram de uma reuni\u00e3o institucional com a primeira-dama do Paran\u00e1, Luciana Saito Massa, no Pal\u00e1cio Igua\u00e7u, em Curitiba. A pauta central do encontro foi o fortalecimento das pol\u00edticas p\u00fablicas voltadas \u00e0s mulheres, com \u00eanfase nas a\u00e7\u00f5es do Outubro Rosa e na amplia\u00e7\u00e3o do acesso \u00e0 sa\u00fade [&hellip;]<\/p>\n","protected":false},"author":2,"featured_media":66804,"comment_status":"open","ping_status":"open","sticky":false,"template":"","format":"standard","meta":{"advanced_seo_description":"","jetpack_seo_html_title":"","jetpack_seo_noindex":false,"_jetpack_memberships_contains_paid_content":false,"footnotes":""},"categories":[77],"tags":[321],"class_list":{"0":"post-66803","1":"post","2":"type-post","3":"status-publish","4":"format-standard","5":"has-post-thumbnail","7":"category-paranagua","8":"tag-paranagua"},"jetpack_featured_media_url":"https:\/\/www.paranapraia.com.br\/wp-content\/uploads\/2025\/05\/thumb-13-scaled.jpg","jetpack_sharing_enabled":true,"_links":{"self":[{"href":"https:\/\/www.paranapraia.com.br\/index.php\/wp-json\/wp\/v2\/posts\/66803"}],"collection":[{"href":"https:\/\/www.paranapraia.com.br\/index.php\/wp-json\/wp\/v2\/posts"}],"about":[{"href":"https:\/\/www.paranapraia.com.br\/index.php\/wp-json\/wp\/v2\/types\/post"}],"author":[{"embeddable":true,"href":"https:\/\/www.paranapraia.com.br\/index.php\/wp-json\/wp\/v2\/users\/2"}],"replies":[{"embeddable":true,"href":"https:\/\/www.paranapraia.com.br\/index.php\/wp-json\/wp\/v2\/comments?post=66803"}],"version-history":[{"count":1,"href":"https:\/\/www.paranapraia.com.br\/index.php\/wp-json\/wp\/v2\/posts\/66803\/revisions"}],"predecessor-version":[{"id":66805,"href":"https:\/\/www.paranapraia.com.br\/index.php\/wp-json\/wp\/v2\/posts\/66803\/revisions\/66805"}],"wp:featuredmedia":[{"embeddable":true,"href":"https:\/\/www.paranapraia.com.br\/index.php\/wp-json\/wp\/v2\/media\/66804"}],"wp:attachment":[{"href":"https:\/\/www.paranapraia.com.br\/index.php\/wp-json\/wp\/v2\/media?parent=66803"}],"wp:term":[{"taxonomy":"category","embeddable":true,"href":"https:\/\/www.paranapraia.com.br\/index.php\/wp-json\/wp\/v2\/categories?post=66803"},{"taxonomy":"post_tag","embeddable":true,"href":"https:\/\/www.paranapraia.com.br\/index.php\/wp-json\/wp\/v2\/tags?post=66803"}],"curies":[{"name":"wp","href":"https:\/\/api.w.org\/{rel}","templated":true}]}}