{"id":66800,"date":"2025-05-12T15:27:43","date_gmt":"2025-05-12T18:27:43","guid":{"rendered":"https:\/\/www.paranapraia.com.br\/?p=66800"},"modified":"2025-05-12T15:27:46","modified_gmt":"2025-05-12T18:27:46","slug":"fabiana-parro-e-homenageada-como-mae-inspiradora-no-santuario-de-nossa-senhora-do-rocio","status":"publish","type":"post","link":"https:\/\/www.paranapraia.com.br\/index.php\/2025\/05\/12\/fabiana-parro-e-homenageada-como-mae-inspiradora-no-santuario-de-nossa-senhora-do-rocio\/","title":{"rendered":"Fabiana Parro \u00e9 homenageada como \u201cM\u00e3e Inspiradora\u201d no Santu\u00e1rio de Nossa Senhora do Rocio"},"content":{"rendered":"\n<p>A vice-prefeita de Paranagu\u00e1, Fabiana Parro, recebeu uma homenagem especial no Santu\u00e1rio de Nossa Senhora do Rocio numa agenda de eventos dedicados ao Dia das M\u00e3es. Nas redes sociais, o Santu\u00e1rio homenageou diversas mulheres crist\u00e3s. O evento, realizado s\u00e1bado (10), teve como tema \u201cM\u00e3e Inspiradora\u201d e reconheceu hist\u00f3rias de mulheres cuja f\u00e9 e for\u00e7a deixaram um legado de amor e supera\u00e7\u00e3o. Entre elas, a bela hist\u00f3ria da vice-prefeita.<\/p>\n\n\n\n<p>A trajet\u00f3ria de Fabiana Parro foi um dos destaques da cerim\u00f4nia. Ap\u00f3s enfrentar e vencer o c\u00e2ncer, ela encontrou na f\u00e9 a for\u00e7a necess\u00e1ria para transformar sua dor em prop\u00f3sito. Vendo a dificuldade de pessoas que, como ela, sofriam com o tratamento, viveu intensamente a experi\u00eancia e a partir dela nasceu o Instituto Peito Aberto, uma iniciativa que acolhe e apoia mulheres em tratamento oncol\u00f3gico.<\/p>\n\n\n\n<p>Mais do que ocupar atualmente o segundo cargo p\u00fablico mais importante da cidade, Fabiana representa valores profundos: fam\u00edlia, supera\u00e7\u00e3o e Deus. Sua hist\u00f3ria emocionou os presentes ao Santu\u00e1rio e refor\u00e7ou a import\u00e2ncia da empatia, da solidariedade e da espiritualidade na constru\u00e7\u00e3o de uma sociedade mais humana.<\/p>\n\n\n\n<p>A homenagem reafirmou o papel transformador das mulheres na vida de suas fam\u00edlias e comunidades \u2014 e celebrou Fabiana como exemplo vivo dessa miss\u00e3o. \u201cEstou muito feliz e emocionada com essa homenagem. Quem simplesmente pensou primeiro em sobreviver para seguir no conv\u00edvio da fam\u00edlia, hoje adquiriu uma responsabilidade muito maior. A de dedicar tempo e trabalho a toda uma cidade. Nessas horas me sinto honrada pela confian\u00e7a e sigo na inten\u00e7\u00e3o de fazer a diferen\u00e7a na vida das pessoas da nossa querida Paranagu\u00e1\u201d, disse a vice-prefeita.<\/p>\n\n\n\n<p>Assessoria<\/p>\n","protected":false},"excerpt":{"rendered":"<p>A vice-prefeita de Paranagu\u00e1, Fabiana Parro, recebeu uma homenagem especial no Santu\u00e1rio de Nossa Senhora do Rocio numa agenda de eventos dedicados ao Dia das M\u00e3es. Nas redes sociais, o Santu\u00e1rio homenageou diversas mulheres crist\u00e3s. O evento, realizado s\u00e1bado (10), teve como tema \u201cM\u00e3e Inspiradora\u201d e reconheceu hist\u00f3rias de mulheres cuja f\u00e9 e for\u00e7a deixaram [&hellip;]<\/p>\n","protected":false},"author":2,"featured_media":66801,"comment_status":"open","ping_status":"open","sticky":false,"template":"","format":"standard","meta":{"advanced_seo_description":"","jetpack_seo_html_title":"","jetpack_seo_noindex":false,"_jetpack_memberships_contains_paid_content":false,"footnotes":""},"categories":[40,77],"tags":[321],"class_list":{"0":"post-66800","1":"post","2":"type-post","3":"status-publish","4":"format-standard","5":"has-post-thumbnail","7":"category-destaques","8":"category-paranagua","9":"tag-paranagua"},"jetpack_featured_media_url":"https:\/\/www.paranapraia.com.br\/wp-content\/uploads\/2025\/05\/thumb-12-scaled.jpg","jetpack_sharing_enabled":true,"_links":{"self":[{"href":"https:\/\/www.paranapraia.com.br\/index.php\/wp-json\/wp\/v2\/posts\/66800"}],"collection":[{"href":"https:\/\/www.paranapraia.com.br\/index.php\/wp-json\/wp\/v2\/posts"}],"about":[{"href":"https:\/\/www.paranapraia.com.br\/index.php\/wp-json\/wp\/v2\/types\/post"}],"author":[{"embeddable":true,"href":"https:\/\/www.paranapraia.com.br\/index.php\/wp-json\/wp\/v2\/users\/2"}],"replies":[{"embeddable":true,"href":"https:\/\/www.paranapraia.com.br\/index.php\/wp-json\/wp\/v2\/comments?post=66800"}],"version-history":[{"count":1,"href":"https:\/\/www.paranapraia.com.br\/index.php\/wp-json\/wp\/v2\/posts\/66800\/revisions"}],"predecessor-version":[{"id":66802,"href":"https:\/\/www.paranapraia.com.br\/index.php\/wp-json\/wp\/v2\/posts\/66800\/revisions\/66802"}],"wp:featuredmedia":[{"embeddable":true,"href":"https:\/\/www.paranapraia.com.br\/index.php\/wp-json\/wp\/v2\/media\/66801"}],"wp:attachment":[{"href":"https:\/\/www.paranapraia.com.br\/index.php\/wp-json\/wp\/v2\/media?parent=66800"}],"wp:term":[{"taxonomy":"category","embeddable":true,"href":"https:\/\/www.paranapraia.com.br\/index.php\/wp-json\/wp\/v2\/categories?post=66800"},{"taxonomy":"post_tag","embeddable":true,"href":"https:\/\/www.paranapraia.com.br\/index.php\/wp-json\/wp\/v2\/tags?post=66800"}],"curies":[{"name":"wp","href":"https:\/\/api.w.org\/{rel}","templated":true}]}}