{"id":66797,"date":"2025-05-12T15:16:40","date_gmt":"2025-05-12T18:16:40","guid":{"rendered":"https:\/\/www.paranapraia.com.br\/?p=66797"},"modified":"2025-05-12T15:16:42","modified_gmt":"2025-05-12T18:16:42","slug":"dia-d-de-imunizacao-contra-a-gripe-da-prefeitura-de-paranagua-imuniza-cerca-de-4-mil-pessoas","status":"publish","type":"post","link":"https:\/\/www.paranapraia.com.br\/index.php\/2025\/05\/12\/dia-d-de-imunizacao-contra-a-gripe-da-prefeitura-de-paranagua-imuniza-cerca-de-4-mil-pessoas\/","title":{"rendered":"Dia D de imuniza\u00e7\u00e3o contra a gripe da Prefeitura de Paranagu\u00e1 imuniza cerca de 4 mil pessoas"},"content":{"rendered":"\n<p>A Prefeitura de Paranagu\u00e1, por meio da Secretaria Municipal de Sa\u00fade (Semsa), realizou no \u00faltimo s\u00e1bado (10), o Dia D de Vacina\u00e7\u00e3o Contra a Gripe, mobilizando todas as Unidades B\u00e1sicas de Sa\u00fade (UBS) do munic\u00edpio. Com equipes de enfermagem \u00e0 disposi\u00e7\u00e3o, cerca de 4 mil pessoas foram vacinadas em um \u00fanico dia, demonstrando o compromisso da gest\u00e3o municipal com a preven\u00e7\u00e3o e o cuidado com a sa\u00fade da popula\u00e7\u00e3o.<\/p>\n\n\n\n<p>Al\u00e9m das UBSs, o Esta\u00e7\u00e3o Mall tamb\u00e9m foi um ponto de vacina\u00e7\u00e3o, com equipes de enfermagem e a presen\u00e7a do Z\u00e9 Gotinha.<\/p>\n\n\n\n<p>A secret\u00e1ria de sa\u00fade, Patr\u00edcia Scacalossi, destacou a import\u00e2ncia da mobiliza\u00e7\u00e3o e refor\u00e7ou o apelo para que os moradores que ainda n\u00e3o se vacinaram procurem uma unidade de sa\u00fade durante a semana. \u201cPrecisamos melhorar a ades\u00e3o. A vacina continua dispon\u00edvel nas UBSs e \u00e9 essencial que todos que ainda n\u00e3o se imunizaram aproveitem essa oportunidade\u201d, destacou.<\/p>\n\n\n\n<p>Para se vacinar, \u00e9 necess\u00e1rio apresentar um documento oficial com foto, o cart\u00e3o do Sistema \u00danico de Sa\u00fade (SUS), comprovante de endere\u00e7o (caso seja necess\u00e1rio atualiza\u00e7\u00e3o cadastral) e a carteira de vacina\u00e7\u00e3o \u2014 obrigat\u00f3ria no caso de crian\u00e7as. A imuniza\u00e7\u00e3o \u00e9 contraindicada para pessoas com febre no momento da aplica\u00e7\u00e3o ou com alergia \u00e0 prote\u00edna do ovo.<\/p>\n\n\n\n<p>A a\u00e7\u00e3o integra os esfor\u00e7os cont\u00ednuos da Prefeitura para garantir a cobertura vacinal e proteger os grupos mais vulner\u00e1veis contra complica\u00e7\u00f5es decorrentes do v\u00edrus influenza.<\/p>\n\n\n\n<p>Assessoria<\/p>\n","protected":false},"excerpt":{"rendered":"<p>A Prefeitura de Paranagu\u00e1, por meio da Secretaria Municipal de Sa\u00fade (Semsa), realizou no \u00faltimo s\u00e1bado (10), o Dia D de Vacina\u00e7\u00e3o Contra a Gripe, mobilizando todas as Unidades B\u00e1sicas de Sa\u00fade (UBS) do munic\u00edpio. Com equipes de enfermagem \u00e0 disposi\u00e7\u00e3o, cerca de 4 mil pessoas foram vacinadas em um \u00fanico dia, demonstrando o compromisso [&hellip;]<\/p>\n","protected":false},"author":2,"featured_media":66798,"comment_status":"open","ping_status":"open","sticky":false,"template":"","format":"standard","meta":{"advanced_seo_description":"","jetpack_seo_html_title":"","jetpack_seo_noindex":false,"_jetpack_memberships_contains_paid_content":false,"footnotes":""},"categories":[77,50],"tags":[321],"class_list":{"0":"post-66797","1":"post","2":"type-post","3":"status-publish","4":"format-standard","5":"has-post-thumbnail","7":"category-paranagua","8":"category-saude","9":"tag-paranagua"},"jetpack_featured_media_url":"https:\/\/www.paranapraia.com.br\/wp-content\/uploads\/2025\/05\/thumb-11-scaled.jpg","jetpack_sharing_enabled":true,"_links":{"self":[{"href":"https:\/\/www.paranapraia.com.br\/index.php\/wp-json\/wp\/v2\/posts\/66797"}],"collection":[{"href":"https:\/\/www.paranapraia.com.br\/index.php\/wp-json\/wp\/v2\/posts"}],"about":[{"href":"https:\/\/www.paranapraia.com.br\/index.php\/wp-json\/wp\/v2\/types\/post"}],"author":[{"embeddable":true,"href":"https:\/\/www.paranapraia.com.br\/index.php\/wp-json\/wp\/v2\/users\/2"}],"replies":[{"embeddable":true,"href":"https:\/\/www.paranapraia.com.br\/index.php\/wp-json\/wp\/v2\/comments?post=66797"}],"version-history":[{"count":1,"href":"https:\/\/www.paranapraia.com.br\/index.php\/wp-json\/wp\/v2\/posts\/66797\/revisions"}],"predecessor-version":[{"id":66799,"href":"https:\/\/www.paranapraia.com.br\/index.php\/wp-json\/wp\/v2\/posts\/66797\/revisions\/66799"}],"wp:featuredmedia":[{"embeddable":true,"href":"https:\/\/www.paranapraia.com.br\/index.php\/wp-json\/wp\/v2\/media\/66798"}],"wp:attachment":[{"href":"https:\/\/www.paranapraia.com.br\/index.php\/wp-json\/wp\/v2\/media?parent=66797"}],"wp:term":[{"taxonomy":"category","embeddable":true,"href":"https:\/\/www.paranapraia.com.br\/index.php\/wp-json\/wp\/v2\/categories?post=66797"},{"taxonomy":"post_tag","embeddable":true,"href":"https:\/\/www.paranapraia.com.br\/index.php\/wp-json\/wp\/v2\/tags?post=66797"}],"curies":[{"name":"wp","href":"https:\/\/api.w.org\/{rel}","templated":true}]}}