{"id":66788,"date":"2025-05-12T11:55:51","date_gmt":"2025-05-12T14:55:51","guid":{"rendered":"https:\/\/www.paranapraia.com.br\/?p=66788"},"modified":"2025-05-12T11:55:54","modified_gmt":"2025-05-12T14:55:54","slug":"ultimos-dias-para-se-inscrever-no-alfabetiza-parana-prazo-termina-nesta-quinta-feira","status":"publish","type":"post","link":"https:\/\/www.paranapraia.com.br\/index.php\/2025\/05\/12\/ultimos-dias-para-se-inscrever-no-alfabetiza-parana-prazo-termina-nesta-quinta-feira\/","title":{"rendered":"\u00daltimos dias para se inscrever no Alfabetiza Paran\u00e1: prazo termina nesta quinta-feira"},"content":{"rendered":"\n<p>As inscri\u00e7\u00f5es para participar do Alfabetiza Paran\u00e1 est\u00e3o abertas at\u00e9 esta quinta-feira (15) e podem ser feitas pelo&nbsp;<strong><a href=\"https:\/\/aluno.escoladigital.pr.gov.br\/alfabetiza-parana\" target=\"_blank\" rel=\"noreferrer noopener\">site do programa<\/a><\/strong>&nbsp;ou diretamente em uma escola estadual do munic\u00edpio de resid\u00eancia. A iniciativa \u00e9 do Governo do Estado e oferece aulas gratuitas para jovens, adultos e idosos que desejam aprender a ler e escrever.<\/p>\n\n\n\n<p>Com in\u00edcio das aulas previsto para 19 de maio e dura\u00e7\u00e3o de seis meses, o programa vai atender at\u00e9 17 mil estudantes, distribu\u00eddos em 1.200 turmas presenciais em 396 munic\u00edpios paranaenses.<\/p>\n\n\n\n<p>O programa \u00e9 voltado a pessoas com 15 anos ou mais que ainda n\u00e3o foram alfabetizadas. A carga hor\u00e1ria total \u00e9 de 300 horas presenciais, e os participantes recebem kit de material escolar, caderno de atividades e lanche gratuito durante os encontros.<\/p>\n\n\n\n<p>O&nbsp;Alfabetiza Paran\u00e1&nbsp;\u00e9 coordenado pela Secretaria de Estado da Educa\u00e7\u00e3o (Seed-PR), por meio do Departamento de Educa\u00e7\u00e3o Profissional e Educa\u00e7\u00e3o de Jovens e Adultos (EJA). A iniciativa conta com o financiamento de R$ 17 milh\u00f5es, oriundos de recursos remanescentes do Programa Brasil Alfabetizado, repassados pelo governo federal. A Seed-PR \u00e9 respons\u00e1vel pela gest\u00e3o e pagamento das bolsas dos professores alfabetizadores, que foram selecionados via chamamento p\u00fablico.<\/p>\n\n\n\n<p>Cada professor poder\u00e1 atuar em at\u00e9 duas turmas e receber\u00e1 R$ 1.200,00 por turma, mensalmente. Esses profissionais ser\u00e3o respons\u00e1veis por organizar as turmas, aplicar testes cognitivos de entrada e sa\u00edda e acompanhar o desempenho dos alunos ao longo do processo de alfabetiza\u00e7\u00e3o.<\/p>\n\n\n\n<p><strong>Servi\u00e7o:<\/strong><\/p>\n\n\n\n<p>Per\u00edodo de inscri\u00e7\u00f5es: at\u00e9 15 de maio<\/p>\n\n\n\n<p>P\u00fablico-alvo: Pessoas com 15 anos ou mais, n\u00e3o alfabetizadas<\/p>\n\n\n\n<p>Inscri\u00e7\u00f5es&nbsp;<a href=\"https:\/\/aluno.escoladigital.pr.gov.br\/alfabetiza-parana\" target=\"_blank\" rel=\"noreferrer noopener\">AQUI<\/a><\/p>\n\n\n\n<p>In\u00edcio das aulas: 19 de maio de 2025<\/p>\n\n\n\n<p>Dura\u00e7\u00e3o: 6 meses (300 horas)<\/p>\n\n\n\n<p>Benef\u00edcios: Alimenta\u00e7\u00e3o, caderno de atividades e kit escolar gratuitos<\/p>\n","protected":false},"excerpt":{"rendered":"<p>As inscri\u00e7\u00f5es para participar do Alfabetiza Paran\u00e1 est\u00e3o abertas at\u00e9 esta quinta-feira (15) e podem ser feitas pelo&nbsp;site do programa&nbsp;ou diretamente em uma escola estadual do munic\u00edpio de resid\u00eancia. A iniciativa \u00e9 do Governo do Estado e oferece aulas gratuitas para jovens, adultos e idosos que desejam aprender a ler e escrever. Com in\u00edcio das [&hellip;]<\/p>\n","protected":false},"author":2,"featured_media":66789,"comment_status":"open","ping_status":"open","sticky":false,"template":"","format":"standard","meta":{"advanced_seo_description":"","jetpack_seo_html_title":"","jetpack_seo_noindex":false,"_jetpack_memberships_contains_paid_content":false,"footnotes":""},"categories":[40,650],"tags":[319],"class_list":{"0":"post-66788","1":"post","2":"type-post","3":"status-publish","4":"format-standard","5":"has-post-thumbnail","7":"category-destaques","8":"category-parana","9":"tag-parana"},"jetpack_featured_media_url":"https:\/\/www.paranapraia.com.br\/wp-content\/uploads\/2025\/05\/dsc08251-aprimorado-nr-scaled.jpg","jetpack_sharing_enabled":true,"_links":{"self":[{"href":"https:\/\/www.paranapraia.com.br\/index.php\/wp-json\/wp\/v2\/posts\/66788"}],"collection":[{"href":"https:\/\/www.paranapraia.com.br\/index.php\/wp-json\/wp\/v2\/posts"}],"about":[{"href":"https:\/\/www.paranapraia.com.br\/index.php\/wp-json\/wp\/v2\/types\/post"}],"author":[{"embeddable":true,"href":"https:\/\/www.paranapraia.com.br\/index.php\/wp-json\/wp\/v2\/users\/2"}],"replies":[{"embeddable":true,"href":"https:\/\/www.paranapraia.com.br\/index.php\/wp-json\/wp\/v2\/comments?post=66788"}],"version-history":[{"count":1,"href":"https:\/\/www.paranapraia.com.br\/index.php\/wp-json\/wp\/v2\/posts\/66788\/revisions"}],"predecessor-version":[{"id":66790,"href":"https:\/\/www.paranapraia.com.br\/index.php\/wp-json\/wp\/v2\/posts\/66788\/revisions\/66790"}],"wp:featuredmedia":[{"embeddable":true,"href":"https:\/\/www.paranapraia.com.br\/index.php\/wp-json\/wp\/v2\/media\/66789"}],"wp:attachment":[{"href":"https:\/\/www.paranapraia.com.br\/index.php\/wp-json\/wp\/v2\/media?parent=66788"}],"wp:term":[{"taxonomy":"category","embeddable":true,"href":"https:\/\/www.paranapraia.com.br\/index.php\/wp-json\/wp\/v2\/categories?post=66788"},{"taxonomy":"post_tag","embeddable":true,"href":"https:\/\/www.paranapraia.com.br\/index.php\/wp-json\/wp\/v2\/tags?post=66788"}],"curies":[{"name":"wp","href":"https:\/\/api.w.org\/{rel}","templated":true}]}}