{"id":66782,"date":"2025-05-12T10:02:35","date_gmt":"2025-05-12T13:02:35","guid":{"rendered":"https:\/\/www.paranapraia.com.br\/?p=66782"},"modified":"2025-05-12T10:02:38","modified_gmt":"2025-05-12T13:02:38","slug":"atracoes-do-frio-arraias-festas-da-tainha-e-do-feijao-e-tradicoes-regionais-movimentam-o-turismo","status":"publish","type":"post","link":"https:\/\/www.paranapraia.com.br\/index.php\/2025\/05\/12\/atracoes-do-frio-arraias-festas-da-tainha-e-do-feijao-e-tradicoes-regionais-movimentam-o-turismo\/","title":{"rendered":"Atra\u00e7\u00f5es do frio: arrai\u00e1s, festas da tainha e do feij\u00e3o e tradi\u00e7\u00f5es regionais movimentam o turismo"},"content":{"rendered":"\n<p>O frio chega ao Paran\u00e1 com alguns munic\u00edpios j\u00e1 registrando temperaturas pr\u00f3ximas de 0\u00ba. O clima \u00e9 um convite aos turistas amantes das temperaturas mais baixas, que podem aproveitar in\u00fameras atra\u00e7\u00f5es ligadas \u00e0 cultura e tradi\u00e7\u00f5es paranaenses desta \u00e9poca.<\/p>\n\n\n\n<p>Pensando nisso, o\u00a0Viaje Paran\u00e1, \u00f3rg\u00e3o de promo\u00e7\u00e3o do turismo no Estado, separou uma s\u00e9rie de eventos, festivais e programa\u00e7\u00f5es que v\u00e3o aquecer os turistas. Muito fazem parte no\u00a0calend\u00e1rio institucional da Secretaria do Turismo (Setu-PR), que divulga gratuitamente eventos ligados a diversas recortes do setor.<\/p>\n\n\n\n<p>A a\u00e7\u00e3o faz parte da campanha de inverno lan\u00e7ada pelo Governo do Estado, atrav\u00e9s da Secretaria do Turismo e Viaje Paran\u00e1. O objetivo \u00e9 chamar a aten\u00e7\u00e3o para os diversos produtos e atrativos do Paran\u00e1, como pousadas confort\u00e1veis, acolhedoras e charmosas, vin\u00edcolas premiadas, cervejarias, op\u00e7\u00f5es de descanso em meio \u00e0 natureza.<\/p>\n\n\n\n<p><strong>ARRAI\u00c1S E FESTAS JUNINAS<\/strong>&nbsp;\u2013&nbsp;Foz do Igua\u00e7u tem a sua tradicional sua Festa Ma\u00edna. O evento acontece desde de 2007 e j\u00e1 \u00e9 t\u00edpica do munic\u00edpio, com suas semelhan\u00e7as \u00e0s tradicionais festas juninas e julinas, por\u00e9m, realizada em maio. A programa\u00e7\u00e3o \u00e9 organizada pela Catedral Nossa Senhora de Guadalupe, entre os dias 23 e 25 de maio. Haver\u00e1 shows, quadrilha, dan\u00e7as t\u00edpicas, sinhazinha, pescaria e uma grande pra\u00e7a de alimenta\u00e7\u00e3o com comidas t\u00edpicas.&nbsp;O artesanato tamb\u00e9m estar\u00e1 presente, com artistas que prestigiam o evento e exp\u00f5em e vendem seus produtos.<\/p>\n\n\n\n<p>Curitiba recebera a festa de&nbsp;S\u00e3o Jo\u00e3o,&nbsp;no Parque Barigui. O evento, que segundo a organiza\u00e7\u00e3o ser\u00e1 a maior festa junina da hist\u00f3ria da Capital, acontece entre os dias 19 a 22 de junho, durante o feriado prolongado de&nbsp;Corpus Christi.&nbsp;A programa\u00e7\u00e3o vai contar com gastronomia, atra\u00e7\u00f5es nacionais, cultura local e divers\u00e3o a um p\u00fablico estimado em 30 mil pessoas. Os ingressos j\u00e1 est\u00e3o \u00e0 venda.<\/p>\n\n\n\n<p>Em Cascavel, no Oeste, acontecem duas festas juninas organizadas pelas comunidades religiosas locais. Entre os dias 13 e 15 de junho, turistas e moradores locais podem curtir a programa\u00e7\u00e3o da Par\u00f3quia Santo Ant\u00f4nio, com m\u00fasica, barraquinhas e churrasco. Al\u00e9m dela, acontece a 47\u00aa Festa de S\u00e3o Jo\u00e3o Batista, entre os dias 20 e 22 de junho, na Par\u00f3quia S\u00e3o Jo\u00e3o Batista.<\/p>\n\n\n\n<p>No Sudoeste do Paran\u00e1, o munic\u00edpio de S\u00e3o Jo\u00e3o realiza mais uma edi\u00e7\u00e3o de sua festa junina. A atra\u00e7\u00e3o \u00e9 a maior Fogueira de S\u00e3o Jo\u00e3o do Brasil, segundo os organizadores. Com entrada franca, o evento acontece entre os dias 19 a 21 de junho. S\u00e3o atra\u00e7\u00f5es shows musicais, apresenta\u00e7\u00f5es culturais, comidas t\u00edpicas, brincadeiras e a tradicional fogueira gigante, que j\u00e1 \u00e9 marca registrada do munic\u00edpio.<\/p>\n\n\n\n<p>Em Goioer\u00ea (Oeste) o Arrai\u00e1 das Candeias movimenta o fim de semana de 24 e 25 de maio. Organizado pela Par\u00f3quia Nossa Senhora das Candeias, o munic\u00edpio se torna palco de uma festa animada, com atra\u00e7\u00f5es musicais, apresenta\u00e7\u00f5es culturais e gastronomia. Campo Mour\u00e3o, no Noroeste, promove a 14\u00aa edi\u00e7\u00e3o do Louvor Junino, no dia 14 de junho.<\/p>\n\n\n\n<p>Ibipor\u00e3, no Norte, celebra a sua 47\u00aa Festa Junina municipal entre os dias 7 a 15 de junho. No Litoral, Pontal do Paran\u00e1 promove mais uma edi\u00e7\u00e3o do seu Arrai\u00e1 Cai\u00e7ara, de 26 a 29 de junho, novamente com o Centro de Eventos do Balne\u00e1rio Marissol como palco, reunindo m\u00fasica, dan\u00e7a, culin\u00e1ria e atividades culturais envolvendo escolas, projetos sociais e a comunidade local.<\/p>\n\n\n\n<figure class=\"wp-block-image\"><a href=\"https:\/\/www.aen.pr.gov.br\/Galeria-de-Imagens\/SETU-Festas-juninas-gastronomia-e-tradicoes-Parana-tem-eventos-ideais-para#&amp;gid=1&amp;pid=15\"><img decoding=\"async\" src=\"https:\/\/www.aen.pr.gov.br\/sites\/default\/arquivos_restritos\/files\/imagem\/2025-05\/festa_nacional_do_feijao_preto_e_a_maior_feijoada_do_mundo_-_creditos_prefeitura_de_prudentopolis_1-2_2.jpg\" alt=\"-\"\/><\/a><figcaption class=\"wp-element-caption\">Em Prudent\u00f3polis, at\u00e9 m\u00e1quina \u00e9 usada na &#8220;maior feijoada do Brasil&#8221;. Foto: Prefeitura de Prudent\u00f3polis<\/figcaption><\/figure>\n\n\n\n<p><br><strong>GASTRONOMIA E FESTIVAIS<\/strong>&nbsp;\u2013 Em Curitiba, nos dias 29 e 30 de maio, a atra\u00e7\u00e3o \u00e9 o Pr\u00eamio Queijo do Paran\u00e1, que acontece no Museu Oscar Niemeyer (MON), com apoio do Governo do Estado. A edi\u00e7\u00e3o deste ano, a segunda do evento, teve recorde de 515&nbsp;queijos inscritos de 107 produtores e latic\u00ednios de 76 munic\u00edpios, superando os 290 participantes da primeira edi\u00e7\u00e3o. Com 21 categorias, que contemplam queijos elaborados a partir de leite de vaca, cabra, ovelha ou b\u00fafala, al\u00e9m de cria\u00e7\u00f5es especiais, o pr\u00eamio \u00e9 uma vitrine para a diversidade e a excel\u00eancia da produ\u00e7\u00e3o queijeira paranaense.<\/p>\n\n\n\n<p>De 11 a 13 de julho, acontece a Festa do Vinho e do Queijo de Salgado Filho, munic\u00edpio do Sudoeste do Paran\u00e1. Na regi\u00e3o Noroeste, Campo Mour\u00e3o conta com a 30\u00aa Festa Nacional do Carneiro no Buraco, entre 10 e 13 de julho.<\/p>\n\n\n\n<p>Organizado pela Par\u00f3quia S\u00e3o Jos\u00e9 de Santa Felicidade, a Festa do Frango, Polenta e Vinho nos dias 4, 5 e 6 de julho, re\u00fane o melhor da gastronomia do bairro italiano e tur\u00edstico de Curitiba. Ainda na Capital acontece a 13\u00aa edi\u00e7\u00e3o do Festival de Inverno do Centro Hist\u00f3rico de Curitiba entre os dias 26 e 29 de junho, um convite ao aconchego do inverno paranaense. Assim como muitos outros eventos da \u00e9poca, o festival ter\u00e1 m\u00fasica, gastronomia e atividades culturais.<\/p>\n\n\n\n<p>Em Prudent\u00f3polis, nos Campos Gerais, chama aten\u00e7\u00e3o dos visitantes a 14\u00aa edi\u00e7\u00e3o da Festa Nacional do Feij\u00e3o Preto, que acontece no Centro de Eventos Terra das Cachoeiras nos dias 15 a 17 de agosto, ofertando aos visitantes a \u201cmaior feijoada do Brasil\u201d \u2013 segundo a organiza\u00e7\u00e3o.<\/p>\n\n\n\n<p>Os meses de maio a julho t\u00eam um significado especial para as popula\u00e7\u00f5es cai\u00e7aras do Litoral, porque \u00e9 nesta \u00e9poca que surgem nas \u00e1guas paranaenses os cardumes de tainha, em grande abund\u00e2ncia \u2013 por isso, a captura artesanal da esp\u00e9cie \u00e9 autorizada neste per\u00edodo. A abund\u00e2ncia do peixe acabou resultando em diversas festas gastron\u00f4micas. Munic\u00edpios como Paranagu\u00e1, Pontal do Paran\u00e1 e Guaratuba, al\u00e9m da Ilha do Mel, realizam programa\u00e7\u00f5es anualmente nesta \u00e9poca.<\/p>\n\n\n\n<p>Al\u00e9m da tainha, a Cambira \u00e9 um prato t\u00edpico de Pontal do Paran\u00e1, \u00e0 base de fil\u00e9 de peixe salgado e defumado que, uma vez seco, vai para a panela de barro com \u00e1gua e especiarias (tomate, piment\u00e3o, coentro, pimenta e bananas). Um dos eventos tradicionais da temporada de frio no Paran\u00e1 \u00e9 justamente o Festival da Gastronomia Cai\u00e7ara, que neste ano est\u00e1 previsto para ser realizado de 30 de junho a 30 de julho.<\/p>\n\n\n\n<figure class=\"wp-block-image\"><a href=\"https:\/\/www.aen.pr.gov.br\/Galeria-de-Imagens\/SETU-Festas-juninas-gastronomia-e-tradicoes-Parana-tem-eventos-ideais-para#&amp;gid=1&amp;pid=23\"><img decoding=\"async\" src=\"https:\/\/www.aen.pr.gov.br\/sites\/default\/arquivos_restritos\/files\/imagem\/2025-05\/festival_de_balonismo_-_creditos_secretaria_de_turismo_de_ponta_grossa_3_0.jpg\" alt=\"-\"\/><\/a><figcaption class=\"wp-element-caption\">Ponta Grossa, nos Campos Gerais, vai realizar a 3\u00aa edi\u00e7\u00e3o do Festival de Balonismo, entre 25 e 27 de julho.&nbsp;Foto: Prefeitura de Ponta Grossa<\/figcaption><\/figure>\n\n\n\n<p><br><strong>BEBIDAS QUENTES<\/strong>&nbsp;\u2013 No ramo das bebidas quentes, a Associa\u00e7\u00e3o Brasileira de Bares e Restaurantes (Abrasel-PR) realiza o Circuito Gastron\u00f4mico dos Caf\u00e9s Especiais durante todos os dias do m\u00eas de agosto em Curitiba, Londrina, Maring\u00e1 e Ponta Grossa. Em Lobato, no Vale do Iva\u00ed, \u00e9 promovido do dia 1\u00ba ao 3 de agosto, a Festa da Leitoa no Tacho.<\/p>\n\n\n\n<p><strong>TRADI\u00c7\u00d5ES E RA\u00cdZES<\/strong>&nbsp;\u2013&nbsp;Curitiba tem mais uma edi\u00e7\u00e3o da Feira de Malhas, Fios e Couros, entre os dias 30 de maio e 8 de junho, uma boa op\u00e7\u00e3o para comprar roupas para a esta\u00e7\u00e3o mais fria do ano, na capital mais fria do Pa\u00eds.<\/p>\n\n\n\n<p>J\u00e1 o Festival Folcl\u00f3rico de Curitiba, de 30 de junho a 10 de julho, no Teatro Gua\u00edra, real\u00e7a as tradi\u00e7\u00f5es culturais paranaenses. J\u00e1 no Norte Pioneiro, Ribeir\u00e3o Claro, \u00e0s margens da Represa de Chavantes e do Angra Doce, realiza a FesCaf\u00e9, que celebra a cafeicultura do munic\u00edpio, entre os dias 4 e 7 de julho.<\/p>\n\n\n\n<p>De 18 a 24 de agosto, Prudent\u00f3polis apresenta as ra\u00edzes de seu povo com a XIV Semana da Comunidade Ucraniana, no Centro Paroquial S\u00e3o Josafat.&nbsp;Prudent\u00f3polis possui a maior concentra\u00e7\u00e3o de ucranianos no Brasil e a preserva\u00e7\u00e3o da cultura e sua transmiss\u00e3o para as novas gera\u00e7\u00f5es \u00e9 um dos pilares da popula\u00e7\u00e3o.<\/p>\n\n\n\n<p>Prevista para os dias 4 a 14 de setembro, a 32\u00aa Feira da Lou\u00e7a de Campo Largo \u00e9 uma op\u00e7\u00e3o de evento na Regi\u00e3o Metropolitana de Curitiba (RMC), que resgata a mem\u00f3ria cultural da produ\u00e7\u00e3o de lou\u00e7as e cer\u00e2micas do munic\u00edpio. A expectativa da organiza\u00e7\u00e3o para este ano \u00e9 superar a \u00faltima edi\u00e7\u00e3o, que contou com mais de 160 mil visitantes.<\/p>\n\n\n\n<p>Para celebrar as culturas orientais no Paran\u00e1, o Norte do Estado recebe a 21\u00aa edi\u00e7\u00e3o da Londrina Matsuri, de 5 a 7 de setembro, que conta com apresenta\u00e7\u00f5es culturais, matsuri dance e oficinas da cultura japonesa. O evento celebra a chegada da primavera e os 130 anos do Tratado de Amizade entre Brasil e Jap\u00e3o.<\/p>\n\n\n\n<p>De 4 a 7 de setembro, tamb\u00e9m no Norte Pioneiro, acontece a FrutFest de Carl\u00f3polis, que valoriza a produ\u00e7\u00e3o de frutas do munic\u00edpio, como a goiaba local, reconhecida como um dos 16 produtos do Paran\u00e1 com Selo de Indica\u00e7\u00e3o Geogr\u00e1fica. Enquanto Ponta Grossa promove a 13\u00aa Expo&amp;Flor, tradicional exposi\u00e7\u00e3o de flores de Holambra, de 6 a 15 de setembro no Parque Ambiental. &nbsp;<\/p>\n\n\n\n<figure class=\"wp-block-image\"><a href=\"https:\/\/www.aen.pr.gov.br\/Galeria-de-Imagens\/SETU-Festas-juninas-gastronomia-e-tradicoes-Parana-tem-eventos-ideais-para#&amp;gid=1&amp;pid=30\"><img decoding=\"async\" src=\"https:\/\/www.aen.pr.gov.br\/sites\/default\/arquivos_restritos\/files\/imagem\/2025-05\/festival_folclorico_de_curitiba_-_creditos_divulgacao_6_0.jpg\" alt=\"-\"\/><\/a><figcaption class=\"wp-element-caption\">O Festival Folcl\u00f3rico de Curitiba, de 30 de junho a 10 de julho, real\u00e7a as tradi\u00e7\u00f5es culturais paranaenses. Foto: Prefeitura de Curitiba<\/figcaption><\/figure>\n\n\n\n<p><br><strong>CULTURA E M\u00daSICA&nbsp;<\/strong>\u2013&nbsp;Curitiba tamb\u00e9m \u00e9 famosa por suas feiras gastron\u00f4micas, culturais e de artesanato. Algumas acontecem somente no inverno e outras ao longo de todo o ano, mas com um charme adicional na esta\u00e7\u00e3o mais fria.&nbsp;As chamadas \u201cfeirinhas\u201d s\u00e3o bons locais para encontrar outros turistas, experimentar pratos t\u00edpicos e viver a vida curitibana \u2013 que n\u00e3o para, mesmo com baixas temperaturas.<\/p>\n\n\n\n<p>As principais delas s\u00e3o a Feirinha de Inverno da Pra\u00e7a Os\u00f3rio, a Feirinha da Santos Andrade, a Feira do Largo da Ordem e a Feira Gastron\u00f4mica do Batel.<\/p>\n\n\n\n<p>Ainda na Capital, duas boas op\u00e7\u00f5es para os amantes da cultura marcam presen\u00e7a nas esta\u00e7\u00f5es frias. O Festival Olhar de Cinema, que acontece entre 11 e 19 de junho e \u00e9 considerado um dos mais importantes dedicados \u00e0 s\u00e9tima arte no Brasil, reunindo produ\u00e7\u00f5es independentes de todo o mundo. Enquanto o Festival Internacional de Hip Hop ocupa o Teatro Positivo, entre 4 e 6 de julho, com performances e apresenta\u00e7\u00f5es.<\/p>\n\n\n\n<p><strong>CONTEMPLA\u00c7\u00c3O E NATUREZA<\/strong>&nbsp;\u2013&nbsp;Ponta Grossa, nos Campos Gerais, vai realizar a 3\u00aa edi\u00e7\u00e3o do Festival de Balonismo, entre 25 e 27 de julho.&nbsp;O munic\u00edpio vai promover um espet\u00e1culo de cores no c\u00e9u, onde o p\u00fablico poder\u00e1 acompanhar uma s\u00e9rie de voos competitivos, Night Glow, pra\u00e7a de alimenta\u00e7\u00e3o e artesanato.<\/p>\n\n\n\n<p>J\u00e1 de 14 a 28 de agosto, acontece o Mata Atl\u00e2ntica EcoFestival, em diversas partes do Litoral paranaense, Curitiba e Regi\u00e3o Metropolitana. A programa\u00e7\u00e3o impulsiona os segmentos de turismo de aventura, m\u00fasica, arte, cinema, com atividades diversas na regi\u00e3o do Bioma Mata Atl\u00e2ntica no Paran\u00e1.<\/p>\n\n\n\n<p><strong>Confira o calend\u00e1rio de eventos para aproveitar as esta\u00e7\u00f5es frias do Paran\u00e1 neste ano:<\/strong><\/p>\n\n\n\n<p>23 a 25 de maio \u2013 Festa Ma\u00edna \u2013 Foz do Igua\u00e7u<\/p>\n\n\n\n<p>24 e 25 de maio \u2013 Arrai\u00e1 das Candeias \u2013 Goioer\u00ea<\/p>\n\n\n\n<p>30 de maio a 8 de junho&nbsp;\u2013 Feira de Malhas, Fios e Couros \u2013 Curitiba<\/p>\n\n\n\n<p>7 a 15 de junho \u2013 Festa Junina &#8211; Ibipor\u00e3<\/p>\n\n\n\n<p>14 de junho \u2013 Louvor Junino \u2013 Campo Mour\u00e3o<\/p>\n\n\n\n<p>13 a 15 de junho \u2013 Festa Junina da Par\u00f3quia Santo Antonio \u2013 Cascavel<\/p>\n\n\n\n<p>19 a 21 de junho \u2013 Festa de S\u00e3o Jo\u00e3o \u2013 S\u00e3o Jo\u00e3o<\/p>\n\n\n\n<p>19 a 22 de junho \u2013 Festa Junina &#8211; Curitiba<\/p>\n\n\n\n<p>20 a 22 de junho \u2013 Festa Junina da Par\u00f3quia S\u00e3o Jo\u00e3o Batista \u2013 Cascavel<\/p>\n\n\n\n<p>26 a 29 de junho \u2013 Arrai\u00e1 Cai\u00e7ara \u2013 Pontal do Paran\u00e1<\/p>\n\n\n\n<p>26 a 29 de junho \u2013 Festival de Inverno do Centro Hist\u00f3rico \u2013 Curitiba<\/p>\n\n\n\n<p>30 de junho a 10 de julho&nbsp;\u2013 Festival Folcl\u00f3rico &#8211; Curitiba<\/p>\n\n\n\n<p>30 de junho a 30 de julho \u2013 Festival da Gastronomia Cai\u00e7ara \u2013 Pontal do Paran\u00e1<\/p>\n\n\n\n<p>4 a 6 de julho&nbsp;\u2013 Festival Internacional de Hip Hop &#8211; Curitiba<\/p>\n\n\n\n<p>4 a 6 de julho&nbsp;\u2013 Festa do Frango Polenta e Vinho \u2013 Curitiba<\/p>\n\n\n\n<p>4 a 7 de julho \u2013 FesCaf\u00e9 \u2013 Ribeir\u00e3o Claro<\/p>\n\n\n\n<p>11 a 19 de julho&nbsp;\u2013 Festival Olhar de Cinema \u2013 Curitiba<\/p>\n\n\n\n<p>11 a 13 de julho&nbsp;\u2013 Festa do Vinho e do Queijo \u2013 Salgado Filho<\/p>\n\n\n\n<p>10 a 13 de julho&nbsp;\u2013 30\u00aa Festa Nacional do Carneiro no Buraco \u2013 Campo Mour\u00e3o<\/p>\n\n\n\n<p>25 a 27 de julho&nbsp;\u2013 3\u00aa edi\u00e7\u00e3o do Festival de Balonismo \u2013 Ponta &nbsp;Grossa<\/p>\n\n\n\n<p>1 a 3 de agosto&nbsp;\u2013 Festa da Leitoa no Tacho \u2013 Lobato<\/p>\n\n\n\n<p>1 a 31 de agosto&nbsp;\u2013 Circuito Gastron\u00f4mico dos Caf\u00e9s Especiais \u2013 Curitiba, Londrina, Maring\u00e1 e Ponta Grossa<\/p>\n\n\n\n<p>4 a 28 de agosto \u2013 Mata Atl\u00e2ntica EcoFestival \u2013 Litoral, Curitiba e RMC<\/p>\n\n\n\n<p>15 a 17 de agosto&nbsp;\u2013 14\u00aa Festa Nacional do Feij\u00e3o Preto \u2013 Prudent\u00f3polis<\/p>\n\n\n\n<p>18 a 24 de agosto&nbsp;\u2013 XIV Semana da Comunidade Ucraniana \u2013 Prudent\u00f3polis<\/p>\n\n\n\n<p>4 a 7 de setembro \u2013 FrutFest \u2013 Carl\u00f3polis<\/p>\n\n\n\n<p>5 a 7 de setembro&nbsp;\u2013 Londrina Matsuri &#8211; Londrina<\/p>\n\n\n\n<p>4 a 14 de setembro&nbsp;\u2013 32\u00aa Feira da Lou\u00e7a \u2013 Campo Largo<\/p>\n\n\n\n<p>6 a 15 de setembro&nbsp;\u2013 13\u00aa Expo&amp;Flor \u2013 Ponta Grossa<\/p>\n","protected":false},"excerpt":{"rendered":"<p>O frio chega ao Paran\u00e1 com alguns munic\u00edpios j\u00e1 registrando temperaturas pr\u00f3ximas de 0\u00ba. O clima \u00e9 um convite aos turistas amantes das temperaturas mais baixas, que podem aproveitar in\u00fameras atra\u00e7\u00f5es ligadas \u00e0 cultura e tradi\u00e7\u00f5es paranaenses desta \u00e9poca. Pensando nisso, o\u00a0Viaje Paran\u00e1, \u00f3rg\u00e3o de promo\u00e7\u00e3o do turismo no Estado, separou uma s\u00e9rie de eventos, [&hellip;]<\/p>\n","protected":false},"author":2,"featured_media":66783,"comment_status":"open","ping_status":"open","sticky":false,"template":"","format":"standard","meta":{"advanced_seo_description":"","jetpack_seo_html_title":"","jetpack_seo_noindex":false,"_jetpack_memberships_contains_paid_content":false,"footnotes":""},"categories":[40],"tags":[],"class_list":{"0":"post-66782","1":"post","2":"type-post","3":"status-publish","4":"format-standard","5":"has-post-thumbnail","7":"category-destaques"},"jetpack_featured_media_url":"https:\/\/www.paranapraia.com.br\/wp-content\/uploads\/2025\/05\/festival_folclorico_de_curitiba_-_creditos_divulgacao_2_0-scaled.jpg","jetpack_sharing_enabled":true,"_links":{"self":[{"href":"https:\/\/www.paranapraia.com.br\/index.php\/wp-json\/wp\/v2\/posts\/66782"}],"collection":[{"href":"https:\/\/www.paranapraia.com.br\/index.php\/wp-json\/wp\/v2\/posts"}],"about":[{"href":"https:\/\/www.paranapraia.com.br\/index.php\/wp-json\/wp\/v2\/types\/post"}],"author":[{"embeddable":true,"href":"https:\/\/www.paranapraia.com.br\/index.php\/wp-json\/wp\/v2\/users\/2"}],"replies":[{"embeddable":true,"href":"https:\/\/www.paranapraia.com.br\/index.php\/wp-json\/wp\/v2\/comments?post=66782"}],"version-history":[{"count":1,"href":"https:\/\/www.paranapraia.com.br\/index.php\/wp-json\/wp\/v2\/posts\/66782\/revisions"}],"predecessor-version":[{"id":66784,"href":"https:\/\/www.paranapraia.com.br\/index.php\/wp-json\/wp\/v2\/posts\/66782\/revisions\/66784"}],"wp:featuredmedia":[{"embeddable":true,"href":"https:\/\/www.paranapraia.com.br\/index.php\/wp-json\/wp\/v2\/media\/66783"}],"wp:attachment":[{"href":"https:\/\/www.paranapraia.com.br\/index.php\/wp-json\/wp\/v2\/media?parent=66782"}],"wp:term":[{"taxonomy":"category","embeddable":true,"href":"https:\/\/www.paranapraia.com.br\/index.php\/wp-json\/wp\/v2\/categories?post=66782"},{"taxonomy":"post_tag","embeddable":true,"href":"https:\/\/www.paranapraia.com.br\/index.php\/wp-json\/wp\/v2\/tags?post=66782"}],"curies":[{"name":"wp","href":"https:\/\/api.w.org\/{rel}","templated":true}]}}