{"id":66772,"date":"2025-05-11T20:45:13","date_gmt":"2025-05-11T23:45:13","guid":{"rendered":"https:\/\/www.paranapraia.com.br\/?p=66772"},"modified":"2025-05-11T20:45:16","modified_gmt":"2025-05-11T23:45:16","slug":"mpe-pr-pede-cassacao-do-prefeito-e-vice-de-curitiba-por-abuso-de-poder-politico","status":"publish","type":"post","link":"https:\/\/www.paranapraia.com.br\/index.php\/2025\/05\/11\/mpe-pr-pede-cassacao-do-prefeito-e-vice-de-curitiba-por-abuso-de-poder-politico\/","title":{"rendered":"MPE-PR pede cassa\u00e7\u00e3o do prefeito e vice de Curitiba por abuso de poder pol\u00edtico"},"content":{"rendered":"\n<p>O Minist\u00e9rio P\u00fablico Eleitoral do Paran\u00e1 (MPE-PR) recomendou a cassa\u00e7\u00e3o dos mandatos do prefeito de Curitiba, Eduardo Pimentel (PSD), e de seu vice, Paulo Martins (PL), por suposto abuso de poder pol\u00edtico e de autoridade durante o per\u00edodo pr\u00e9-eleitoral de 2024. Al\u00e9m disso, o MPE-PR solicitou que ambos, juntamente com o ex-prefeito Rafael Greca (PSD), fiquem ineleg\u00edveis por oito anos. A decis\u00e3o agora cabe \u00e0 Justi\u00e7a Eleitoral .<\/p>\n\n\n\n<p>A a\u00e7\u00e3o foi movida pela jornalista Cristina Graeml (Podemos), que concorreu \u00e0 prefeitura em 2024. Ela acusa a campanha de Pimentel de se beneficiar de coer\u00e7\u00e3o praticada por servidores p\u00fablicos na arrecada\u00e7\u00e3o de recursos eleitorais. Segundo a den\u00fancia, o ex-superintendente de tecnologia da prefeitura, Ant\u00f4nio Carlos Rebello, teria exigido que servidores comissionados comprassem convites de R$ 3 mil para um jantar de arrecada\u00e7\u00e3o do PSD, realizado em 3 de setembro de 2024, com o valor destinado \u00e0 campanha de Pimentel. \u00c1udios divulgados pelo portal Metr\u00f3poles mostram Rebello amea\u00e7ando exonerar servidores que n\u00e3o colaborassem. A defesa dos investigados alega que as grava\u00e7\u00f5es s\u00e3o clandestinas e, portanto, ilegais .<\/p>\n\n\n\n<p>O prefeito Eduardo Pimentel nega qualquer irregularidade, afirmando que sua campanha utilizou apenas recursos legais e que desconhecia qualquer pr\u00e1tica il\u00edcita. Ele classifica o parecer do Minist\u00e9rio P\u00fablico como uma opini\u00e3o e demonstra confian\u00e7a no arquivamento do caso .<\/p>\n\n\n\n<p>A promotora eleitoral Cynthia Maria de Almeida Pierri sustenta que h\u00e1 ind\u00edcios s\u00f3lidos de coa\u00e7\u00e3o, independentemente dos \u00e1udios, citando doa\u00e7\u00f5es suspeitas e a exonera\u00e7\u00e3o imediata de Rebello. Segundo ela, os elementos dispon\u00edveis s\u00e3o suficientes para comprovar abuso de poder pol\u00edtico e justificar a cassa\u00e7\u00e3o dos mandatos e a inelegibilidade dos investigados.<\/p>\n\n\n\n<p>Reda\u00e7\u00e3o\\Uol<\/p>\n","protected":false},"excerpt":{"rendered":"<p>O Minist\u00e9rio P\u00fablico Eleitoral do Paran\u00e1 (MPE-PR) recomendou a cassa\u00e7\u00e3o dos mandatos do prefeito de Curitiba, Eduardo Pimentel (PSD), e de seu vice, Paulo Martins (PL), por suposto abuso de poder pol\u00edtico e de autoridade durante o per\u00edodo pr\u00e9-eleitoral de 2024. Al\u00e9m disso, o MPE-PR solicitou que ambos, juntamente com o ex-prefeito Rafael Greca (PSD), [&hellip;]<\/p>\n","protected":false},"author":2,"featured_media":66773,"comment_status":"open","ping_status":"open","sticky":false,"template":"","format":"standard","meta":{"advanced_seo_description":"","jetpack_seo_html_title":"","jetpack_seo_noindex":false,"_jetpack_memberships_contains_paid_content":false,"footnotes":""},"categories":[71],"tags":[406],"class_list":{"0":"post-66772","1":"post","2":"type-post","3":"status-publish","4":"format-standard","5":"has-post-thumbnail","7":"category-curitiba","8":"tag-curitiba"},"jetpack_featured_media_url":"https:\/\/www.paranapraia.com.br\/wp-content\/uploads\/2025\/05\/Screenshot_2025-05-11-20-44-27-190_com.android.chrome-edit-scaled.jpg","jetpack_sharing_enabled":true,"_links":{"self":[{"href":"https:\/\/www.paranapraia.com.br\/index.php\/wp-json\/wp\/v2\/posts\/66772"}],"collection":[{"href":"https:\/\/www.paranapraia.com.br\/index.php\/wp-json\/wp\/v2\/posts"}],"about":[{"href":"https:\/\/www.paranapraia.com.br\/index.php\/wp-json\/wp\/v2\/types\/post"}],"author":[{"embeddable":true,"href":"https:\/\/www.paranapraia.com.br\/index.php\/wp-json\/wp\/v2\/users\/2"}],"replies":[{"embeddable":true,"href":"https:\/\/www.paranapraia.com.br\/index.php\/wp-json\/wp\/v2\/comments?post=66772"}],"version-history":[{"count":2,"href":"https:\/\/www.paranapraia.com.br\/index.php\/wp-json\/wp\/v2\/posts\/66772\/revisions"}],"predecessor-version":[{"id":66775,"href":"https:\/\/www.paranapraia.com.br\/index.php\/wp-json\/wp\/v2\/posts\/66772\/revisions\/66775"}],"wp:featuredmedia":[{"embeddable":true,"href":"https:\/\/www.paranapraia.com.br\/index.php\/wp-json\/wp\/v2\/media\/66773"}],"wp:attachment":[{"href":"https:\/\/www.paranapraia.com.br\/index.php\/wp-json\/wp\/v2\/media?parent=66772"}],"wp:term":[{"taxonomy":"category","embeddable":true,"href":"https:\/\/www.paranapraia.com.br\/index.php\/wp-json\/wp\/v2\/categories?post=66772"},{"taxonomy":"post_tag","embeddable":true,"href":"https:\/\/www.paranapraia.com.br\/index.php\/wp-json\/wp\/v2\/tags?post=66772"}],"curies":[{"name":"wp","href":"https:\/\/api.w.org\/{rel}","templated":true}]}}