{"id":66703,"date":"2025-05-10T15:34:49","date_gmt":"2025-05-10T18:34:49","guid":{"rendered":"https:\/\/www.paranapraia.com.br\/?p=66703"},"modified":"2025-05-10T15:34:53","modified_gmt":"2025-05-10T18:34:53","slug":"estado-capacita-mais-de-500-tecnicos-municipais-sobre-cadunico-e-bolsa-familia","status":"publish","type":"post","link":"https:\/\/www.paranapraia.com.br\/index.php\/2025\/05\/10\/estado-capacita-mais-de-500-tecnicos-municipais-sobre-cadunico-e-bolsa-familia\/","title":{"rendered":"Estado capacita mais de 500 t\u00e9cnicos municipais sobre Cad\u00danico e Bolsa Fam\u00edlia"},"content":{"rendered":"\n<p>A Secretaria de Estado do Desenvolvimento Social e Fam\u00edlia (Sedef) encerrou nesta sexta-feira (09), em Guarapuava, o ciclo de capacita\u00e7\u00f5es&nbsp;sobre as atualiza\u00e7\u00f5es do Cadastro \u00danico (Cad\u00danico) e do Programa Bolsa Fam\u00edlia. O treinamento&nbsp;foi realizado por&nbsp;mais de 500&nbsp;t\u00e9cnicos municipais respons\u00e1veis pelos programas.&nbsp;Al\u00e9m de&nbsp;Guarapuava,&nbsp;o curso foi aplicado&nbsp;nas cinco regionais do Estado.&nbsp;Agentes de&nbsp;Cianorte, Corn\u00e9lio Proc\u00f3pio, Capanema e Pinhais&nbsp;tamb\u00e9m&nbsp;receberam o treinamento.<\/p>\n\n\n\n<p>A&nbsp;forma\u00e7\u00e3o teve&nbsp;como objetivo capacitar gestores e profissionais que atuam diretamente no atendimento \u00e0 popula\u00e7\u00e3o, garantindo que as fam\u00edlias em situa\u00e7\u00e3o de vulnerabilidade social possam acessar os benef\u00edcios e servi\u00e7os de forma eficiente e integrada.&nbsp;O curso&nbsp;foi&nbsp;ministrado&nbsp;pela equipe t\u00e9cnica da Sedef.&nbsp;Em&nbsp;Capanema,&nbsp;o curso contou&nbsp;108 participantes.&nbsp;J\u00e1 em Pinhais, 80 pessoas receberam a capacita\u00e7\u00e3o. Em&nbsp;Cianorte&nbsp;foram&nbsp;118; Corn\u00e9lio Proc\u00f3pio&nbsp;teve&nbsp;126;&nbsp;e, por fim, em&nbsp;Guarapuava 79&nbsp;t\u00e9cnicos receberam as orienta\u00e7\u00f5es.<\/p>\n\n\n\n<p>A s\u00e9rie de encontros iniciada&nbsp;em&nbsp;mar\u00e7o teve&nbsp;como foco aprimorar o conhecimento t\u00e9cnico sobre os processos de inscri\u00e7\u00e3o, atualiza\u00e7\u00e3o cadastral e os crit\u00e9rios de elegibilidade para o Cadastro \u00danico, ferramenta essencial para o acesso a diversos programas sociais, como o Bolsa Fam\u00edlia. A iniciativa equiparou&nbsp;as a\u00e7\u00f5es nos munic\u00edpios, devido a mudan\u00e7as de sistema ocorridas nos \u00faltimos tempos.<\/p>\n\n\n\n<p>Para o&nbsp;secret\u00e1rio do Desenvolvimento Social e Fam\u00edlia, Rog\u00e9rio Carboni, as atualiza\u00e7\u00f5es dos profissionais&nbsp;foram&nbsp;essenciais para o fortalecimento das&nbsp;pol\u00edticas&nbsp;p\u00fablicas&nbsp;voltadas para fam\u00edlias em situa\u00e7\u00e3o de vulnerabilidade social.&nbsp;\u201cTivemos&nbsp;resultados positivos&nbsp;durante estes treinamentos.&nbsp;As atualiza\u00e7\u00f5es dar\u00e3o&nbsp;o&nbsp;embasamento te\u00f3rico essencial para o fortalecimento da pol\u00edtica, resultando assim em&nbsp;um&nbsp;melhor atendimento&nbsp;da&nbsp;popula\u00e7\u00e3o\u201d.<\/p>\n\n\n\n<p>Segundo coordenador Estadual do Cadastro \u00danico e Programa Bolsa Fam\u00edlia da Sedef, Leandro Telles da Silva, o encontro de Coordenadores do Cadastro \u00danico e Programa Bolsa Fam\u00edlia foi planejado para atender diretamente as demandas dos munic\u00edpios. \u201cNo decorrer das 20 horas da capacita\u00e7\u00e3o, foram tratados diversos assuntos relacionados aos novos sistemas e normativas, atendimento adequado \u00e0 popula\u00e7\u00e3o, cess\u00e3o de dados do Cad\u00danico para subsidiar pol\u00edticas p\u00fablicas locais, bem como a troca de experi\u00eancias entre os profissionais. Consideramos que os encontros descentralizados permitem tratar melhor as demandas regionais, visto que cada regi\u00e3o do Paran\u00e1 possui caracter\u00edsticas distintas que impactam diretamente nas necessidades de atendimento \u00e0 popula\u00e7\u00e3o\u201d, explicou.<\/p>\n\n\n\n<p><strong>CONTE\u00daDO \u2013&nbsp;<\/strong>Os cursos abordaram desde a atualiza\u00e7\u00e3o de dados, novos sistemas, uso adequado das plataformas de gest\u00e3o do Bolsa Fam\u00edlia, al\u00e9m de orienta\u00e7\u00f5es sobre a revis\u00e3o dos crit\u00e9rios de elegibilidade. A capacita\u00e7\u00e3o&nbsp;foi&nbsp;realizada em formato presencial com a participa\u00e7\u00e3o de t\u00e9cnicos da Sedef.&nbsp;Durante os encontros, eles&nbsp;compartilharam&nbsp;informa\u00e7\u00f5es detalhadas sobre os procedimentos corretos para o cadastramento, a revis\u00e3o cadastral e a inscri\u00e7\u00e3o de novos benefici\u00e1rios.<\/p>\n\n\n\n<p>J\u00e1 os&nbsp;profissionais dos munic\u00edpios tiveram&nbsp;a oportunidade de tirar d\u00favidas diretamente com os especialistas e realizar exerc\u00edcios pr\u00e1ticos para melhorar a aplicabilidade do conte\u00fado no dia a dia de trabalho.<\/p>\n\n\n\n<p>AEN<\/p>\n","protected":false},"excerpt":{"rendered":"<p>A Secretaria de Estado do Desenvolvimento Social e Fam\u00edlia (Sedef) encerrou nesta sexta-feira (09), em Guarapuava, o ciclo de capacita\u00e7\u00f5es&nbsp;sobre as atualiza\u00e7\u00f5es do Cadastro \u00danico (Cad\u00danico) e do Programa Bolsa Fam\u00edlia. O treinamento&nbsp;foi realizado por&nbsp;mais de 500&nbsp;t\u00e9cnicos municipais respons\u00e1veis pelos programas.&nbsp;Al\u00e9m de&nbsp;Guarapuava,&nbsp;o curso foi aplicado&nbsp;nas cinco regionais do Estado.&nbsp;Agentes de&nbsp;Cianorte, Corn\u00e9lio Proc\u00f3pio, Capanema e Pinhais&nbsp;tamb\u00e9m&nbsp;receberam [&hellip;]<\/p>\n","protected":false},"author":2,"featured_media":66704,"comment_status":"open","ping_status":"open","sticky":false,"template":"","format":"standard","meta":{"advanced_seo_description":"","jetpack_seo_html_title":"","jetpack_seo_noindex":false,"_jetpack_memberships_contains_paid_content":false,"footnotes":""},"categories":[40],"tags":[319],"class_list":{"0":"post-66703","1":"post","2":"type-post","3":"status-publish","4":"format-standard","5":"has-post-thumbnail","7":"category-destaques","8":"tag-parana"},"jetpack_featured_media_url":"https:\/\/www.paranapraia.com.br\/wp-content\/uploads\/2025\/05\/cadunico_guarapuava_5-scaled.jpg","jetpack_sharing_enabled":true,"_links":{"self":[{"href":"https:\/\/www.paranapraia.com.br\/index.php\/wp-json\/wp\/v2\/posts\/66703"}],"collection":[{"href":"https:\/\/www.paranapraia.com.br\/index.php\/wp-json\/wp\/v2\/posts"}],"about":[{"href":"https:\/\/www.paranapraia.com.br\/index.php\/wp-json\/wp\/v2\/types\/post"}],"author":[{"embeddable":true,"href":"https:\/\/www.paranapraia.com.br\/index.php\/wp-json\/wp\/v2\/users\/2"}],"replies":[{"embeddable":true,"href":"https:\/\/www.paranapraia.com.br\/index.php\/wp-json\/wp\/v2\/comments?post=66703"}],"version-history":[{"count":1,"href":"https:\/\/www.paranapraia.com.br\/index.php\/wp-json\/wp\/v2\/posts\/66703\/revisions"}],"predecessor-version":[{"id":66705,"href":"https:\/\/www.paranapraia.com.br\/index.php\/wp-json\/wp\/v2\/posts\/66703\/revisions\/66705"}],"wp:featuredmedia":[{"embeddable":true,"href":"https:\/\/www.paranapraia.com.br\/index.php\/wp-json\/wp\/v2\/media\/66704"}],"wp:attachment":[{"href":"https:\/\/www.paranapraia.com.br\/index.php\/wp-json\/wp\/v2\/media?parent=66703"}],"wp:term":[{"taxonomy":"category","embeddable":true,"href":"https:\/\/www.paranapraia.com.br\/index.php\/wp-json\/wp\/v2\/categories?post=66703"},{"taxonomy":"post_tag","embeddable":true,"href":"https:\/\/www.paranapraia.com.br\/index.php\/wp-json\/wp\/v2\/tags?post=66703"}],"curies":[{"name":"wp","href":"https:\/\/api.w.org\/{rel}","templated":true}]}}