{"id":66697,"date":"2025-05-10T15:28:59","date_gmt":"2025-05-10T18:28:59","guid":{"rendered":"https:\/\/www.paranapraia.com.br\/?p=66697"},"modified":"2025-05-10T15:29:02","modified_gmt":"2025-05-10T18:29:02","slug":"dia-d-estadual-de-multivacinacao-mobiliza-milhares-de-paranaenses-neste-sabado","status":"publish","type":"post","link":"https:\/\/www.paranapraia.com.br\/index.php\/2025\/05\/10\/dia-d-estadual-de-multivacinacao-mobiliza-milhares-de-paranaenses-neste-sabado\/","title":{"rendered":"Dia D Estadual de Multivacina\u00e7\u00e3o mobiliza milhares de paranaenses neste s\u00e1bado"},"content":{"rendered":"\n<p>Milhares de paranaenses aderiram ao Dia D Estadual de Multivacina\u00e7\u00e3o e movimentam as unidades de atendimento neste s\u00e1bado, 10 de maio. Realizada pelo Governo do Estado, por meio da&nbsp;Secretaria da Sa\u00fade (Sesa), a mobiliza\u00e7\u00e3o estadual tem como objetivo ampliar a cobertura vacinal e refor\u00e7ar a imunidade da popula\u00e7\u00e3o. A a\u00e7\u00e3o iniciou 8h da manh\u00e3 com a abertura de 1.543 salas de vacina\u00e7\u00e3o em todo o Estado. A meta \u00e9 aplicar cerca de 300 mil doses em todas as faixas et\u00e1rias.<\/p>\n\n\n\n<p>Os n\u00fameros da vacina\u00e7\u00e3o est\u00e3o sendo computados e o balan\u00e7o dever\u00e1 ser divulgado na pr\u00f3xima semana.<\/p>\n\n\n\n<p>A vacina contra a gripe (Influenza), que at\u00e9 ent\u00e3o era destinada apenas aos grupos priorit\u00e1rios, passou a ser ofertada \u00e0 popula\u00e7\u00e3o geral com mais de seis meses de idade, como estrat\u00e9gia para elevar os \u00edndices de cobertura vacinal. De acordo com o Vacin\u00f4metro Nacional, no Paran\u00e1 a cobertura entre gestantes, crian\u00e7as e idosos est\u00e1 em 25,24%. O Estado j\u00e1 distribuiu aos munic\u00edpios 3.768.000 doses da vacina e aproximadamente 2,5 milh\u00f5es ainda precisam ser aplicadas.<\/p>\n\n\n\n<p>A senhora Eni Nunes, de 68 anos, aproveitou o s\u00e1bado para receber o imunizante na unidade de sa\u00fade de Colombo, na Regi\u00e3o Metropolitana de Curitiba. \u201cTomo a vacina da gripe todo ano. Se tem a vacina \u00e9 para prevenir, ent\u00e3o que as pessoas venham tomar porque \u00e9 uma preven\u00e7\u00e3o\u201d, disse ela.<\/p>\n\n\n\n<p>Al\u00e9m da Influenza, tamb\u00e9m s\u00e3o ofertadas as vacinas contra a Covid-19, febre amarela, sarampo e demais imunizantes estabelecidos no calend\u00e1rio do Programa Nacional de Imuniza\u00e7\u00f5es (PNI). Ao todo, 11.825 profissionais da sa\u00fade est\u00e3o mobilizados para a atualiza\u00e7\u00e3o da caderneta vacinal de crian\u00e7as, adolescentes, adultos, idosos, gestantes e pu\u00e9rperas.<\/p>\n\n\n\n<p>O secret\u00e1rio estadual da Sa\u00fade, Beto Preto, acompanhou de perto a mobiliza\u00e7\u00e3o na Unidade B\u00e1sica de Sa\u00fade Alvorada, em Londrina, no Norte do Estado. \u201cO Dia D acontece at\u00e9 o final da tarde em todo o Paran\u00e1, e por isso convocamos os paranaenses para que compare\u00e7am. Queremos usar todas as vacinas que temos dispon\u00edveis e proteger ainda mais toda nossa gente\u201d, afirmou.<\/p>\n\n\n\n<p>Em Curitiba, o diretor-geral da Sesa, C\u00e9sar Neves, esteve presente na Unidade de Sa\u00fade Iracema, em Curitiba, acompanhado do prefeito Eduardo Pimentel. \u201c\u00c9 importante a conscientiza\u00e7\u00e3o da popula\u00e7\u00e3o para se vacinar. A vacina \u00e9 a salva-vidas, e vacina \u00e9 sa\u00fade&#8221;, afirmou o refeito. &#8220;\u00c9 muito importante a integra\u00e7\u00e3o que estamos tendo aqui, a sa\u00fade p\u00fablica municipal, estadual e federal. As tr\u00eas esferas de governo trabalhando muito para a gente trazer sa\u00fade p\u00fablica para a popula\u00e7\u00e3o\u201d, disse Pimentel.&nbsp;<\/p>\n\n\n\n<p>AEN<\/p>\n","protected":false},"excerpt":{"rendered":"<p>Milhares de paranaenses aderiram ao Dia D Estadual de Multivacina\u00e7\u00e3o e movimentam as unidades de atendimento neste s\u00e1bado, 10 de maio. Realizada pelo Governo do Estado, por meio da&nbsp;Secretaria da Sa\u00fade (Sesa), a mobiliza\u00e7\u00e3o estadual tem como objetivo ampliar a cobertura vacinal e refor\u00e7ar a imunidade da popula\u00e7\u00e3o. A a\u00e7\u00e3o iniciou 8h da manh\u00e3 com [&hellip;]<\/p>\n","protected":false},"author":2,"featured_media":66698,"comment_status":"open","ping_status":"open","sticky":false,"template":"","format":"standard","meta":{"advanced_seo_description":"","jetpack_seo_html_title":"","jetpack_seo_noindex":false,"_jetpack_memberships_contains_paid_content":false,"footnotes":""},"categories":[40],"tags":[319],"class_list":{"0":"post-66697","1":"post","2":"type-post","3":"status-publish","4":"format-standard","5":"has-post-thumbnail","7":"category-destaques","8":"tag-parana"},"jetpack_featured_media_url":"https:\/\/www.paranapraia.com.br\/wp-content\/uploads\/2025\/05\/whatsapp_image_2025-05-10_at_10.08.04_1-scaled.jpg","jetpack_sharing_enabled":true,"_links":{"self":[{"href":"https:\/\/www.paranapraia.com.br\/index.php\/wp-json\/wp\/v2\/posts\/66697"}],"collection":[{"href":"https:\/\/www.paranapraia.com.br\/index.php\/wp-json\/wp\/v2\/posts"}],"about":[{"href":"https:\/\/www.paranapraia.com.br\/index.php\/wp-json\/wp\/v2\/types\/post"}],"author":[{"embeddable":true,"href":"https:\/\/www.paranapraia.com.br\/index.php\/wp-json\/wp\/v2\/users\/2"}],"replies":[{"embeddable":true,"href":"https:\/\/www.paranapraia.com.br\/index.php\/wp-json\/wp\/v2\/comments?post=66697"}],"version-history":[{"count":1,"href":"https:\/\/www.paranapraia.com.br\/index.php\/wp-json\/wp\/v2\/posts\/66697\/revisions"}],"predecessor-version":[{"id":66699,"href":"https:\/\/www.paranapraia.com.br\/index.php\/wp-json\/wp\/v2\/posts\/66697\/revisions\/66699"}],"wp:featuredmedia":[{"embeddable":true,"href":"https:\/\/www.paranapraia.com.br\/index.php\/wp-json\/wp\/v2\/media\/66698"}],"wp:attachment":[{"href":"https:\/\/www.paranapraia.com.br\/index.php\/wp-json\/wp\/v2\/media?parent=66697"}],"wp:term":[{"taxonomy":"category","embeddable":true,"href":"https:\/\/www.paranapraia.com.br\/index.php\/wp-json\/wp\/v2\/categories?post=66697"},{"taxonomy":"post_tag","embeddable":true,"href":"https:\/\/www.paranapraia.com.br\/index.php\/wp-json\/wp\/v2\/tags?post=66697"}],"curies":[{"name":"wp","href":"https:\/\/api.w.org\/{rel}","templated":true}]}}