{"id":66689,"date":"2025-05-09T22:59:39","date_gmt":"2025-05-10T01:59:39","guid":{"rendered":"https:\/\/www.paranapraia.com.br\/?p=66689"},"modified":"2025-05-09T22:59:43","modified_gmt":"2025-05-10T01:59:43","slug":"palestra-sobre-mobilidade-urbana-reune-moradores-e-autoridades-na-ilha-dos-valadares","status":"publish","type":"post","link":"https:\/\/www.paranapraia.com.br\/index.php\/2025\/05\/09\/palestra-sobre-mobilidade-urbana-reune-moradores-e-autoridades-na-ilha-dos-valadares\/","title":{"rendered":"Palestra sobre mobilidade urbana re\u00fane moradores e autoridades na Ilha dos Valadares"},"content":{"rendered":"\n<p>Na noite de quinta-feira (8), a Par\u00f3quia Nossa Senhora dos Navegantes, na Ilha dos Valadares, sediou uma discuss\u00e3o sobre mobilidade urbana. A Prefeitura de Paranagu\u00e1, por meio da Secretaria Regional da Ilha dos Valadares (Serval), organizou a palestra em parceria com a Secretaria Municipal de Seguran\u00e7a (Semseg), Guarda Civil Municipal, Secretaria de Planejamento e Gest\u00e3o (Semplog) e Secretaria de Inclus\u00e3o (Semi).<\/p>\n\n\n\n<p>O evento reuniu moradores, t\u00e9cnicos, autoridades e os vereadores Aldo Jos\u00e9 e Lena da Farm\u00e1cia. O objetivo foi debater os desafios e propor solu\u00e7\u00f5es para o tr\u00e2nsito da regi\u00e3o, especialmente ap\u00f3s a constru\u00e7\u00e3o da ponte.<\/p>\n\n\n\n<p>O secret\u00e1rio da Serval, Marcelo Dias, destacou que esse foi apenas o primeiro de outros encontros que ser\u00e3o realizados para tratar do tema. \u201cEstamos ouvindo a comunidade, que \u00e9 a mais interessada nesse processo. Agrade\u00e7o a todos que participaram, em especial aos palestrantes\u201d, afirmou.<\/p>\n\n\n\n<p>Durante a palestra, o engenheiro civil da Secretaria de Planejamento e Gest\u00e3o, Reilly da Cunha Algodoal, explicou que a mobilidade urbana deve priorizar os pedestres. \u201cDevemos pensar a ilha como uma pir\u00e2mide invertida. No topo est\u00e1 o pedestre, seguido das bicicletas, transporte coletivo, transporte de cargas e, por \u00faltimo, os autom\u00f3veis de passeio\u201d, disse.<\/p>\n\n\n\n<p>A diretora de Planejamento Urbano, Kim Tosini Costa, refor\u00e7ou a import\u00e2ncia de ouvir os moradores. \u201cEsse tipo de encontro nos ajuda a compreender as principais car\u00eancias de uma regi\u00e3o com grande popula\u00e7\u00e3o, muitos ve\u00edculos. Estudar a mobilidade urbana \u00e9 essencial para buscarmos solu\u00e7\u00f5es que atendam a todos\u201d, declarou.<\/p>\n\n\n\n<p>O morador Amauri Carvalho, presidente do Conselho de Pais do Col\u00e9gio Cid\u00e1lia Rebello Gomes, apontou que a ponte trouxe benef\u00edcios, mas tamb\u00e9m desafios. \u201c\u00c9 fundamental discutir a mobilidade da ilha para garantir seguran\u00e7a e fluidez para todos\u201d, afirmou.<\/p>\n\n\n\n<p>Uma das propostas debatidas no encontro foi a transforma\u00e7\u00e3o em bin\u00e1rio das ruas Natanael Cor\u00e1 e Jos\u00e9 Vicente Elias, principais vias de circula\u00e7\u00e3o da regi\u00e3o. A medida visa melhorar o tr\u00e1fego e reduzir os conflitos entre pedestres e ve\u00edculos.<\/p>\n\n\n\n<p>Assessoria<\/p>\n","protected":false},"excerpt":{"rendered":"<p>Na noite de quinta-feira (8), a Par\u00f3quia Nossa Senhora dos Navegantes, na Ilha dos Valadares, sediou uma discuss\u00e3o sobre mobilidade urbana. A Prefeitura de Paranagu\u00e1, por meio da Secretaria Regional da Ilha dos Valadares (Serval), organizou a palestra em parceria com a Secretaria Municipal de Seguran\u00e7a (Semseg), Guarda Civil Municipal, Secretaria de Planejamento e Gest\u00e3o [&hellip;]<\/p>\n","protected":false},"author":2,"featured_media":66690,"comment_status":"open","ping_status":"open","sticky":false,"template":"","format":"standard","meta":{"advanced_seo_description":"","jetpack_seo_html_title":"","jetpack_seo_noindex":false,"_jetpack_memberships_contains_paid_content":false,"footnotes":""},"categories":[77],"tags":[],"class_list":{"0":"post-66689","1":"post","2":"type-post","3":"status-publish","4":"format-standard","5":"has-post-thumbnail","7":"category-paranagua"},"jetpack_featured_media_url":"https:\/\/www.paranapraia.com.br\/wp-content\/uploads\/2025\/05\/thumb-2025-05-09T225843.084-scaled.jpeg","jetpack_sharing_enabled":true,"_links":{"self":[{"href":"https:\/\/www.paranapraia.com.br\/index.php\/wp-json\/wp\/v2\/posts\/66689"}],"collection":[{"href":"https:\/\/www.paranapraia.com.br\/index.php\/wp-json\/wp\/v2\/posts"}],"about":[{"href":"https:\/\/www.paranapraia.com.br\/index.php\/wp-json\/wp\/v2\/types\/post"}],"author":[{"embeddable":true,"href":"https:\/\/www.paranapraia.com.br\/index.php\/wp-json\/wp\/v2\/users\/2"}],"replies":[{"embeddable":true,"href":"https:\/\/www.paranapraia.com.br\/index.php\/wp-json\/wp\/v2\/comments?post=66689"}],"version-history":[{"count":1,"href":"https:\/\/www.paranapraia.com.br\/index.php\/wp-json\/wp\/v2\/posts\/66689\/revisions"}],"predecessor-version":[{"id":66691,"href":"https:\/\/www.paranapraia.com.br\/index.php\/wp-json\/wp\/v2\/posts\/66689\/revisions\/66691"}],"wp:featuredmedia":[{"embeddable":true,"href":"https:\/\/www.paranapraia.com.br\/index.php\/wp-json\/wp\/v2\/media\/66690"}],"wp:attachment":[{"href":"https:\/\/www.paranapraia.com.br\/index.php\/wp-json\/wp\/v2\/media?parent=66689"}],"wp:term":[{"taxonomy":"category","embeddable":true,"href":"https:\/\/www.paranapraia.com.br\/index.php\/wp-json\/wp\/v2\/categories?post=66689"},{"taxonomy":"post_tag","embeddable":true,"href":"https:\/\/www.paranapraia.com.br\/index.php\/wp-json\/wp\/v2\/tags?post=66689"}],"curies":[{"name":"wp","href":"https:\/\/api.w.org\/{rel}","templated":true}]}}