{"id":66686,"date":"2025-05-09T20:04:52","date_gmt":"2025-05-09T23:04:52","guid":{"rendered":"https:\/\/www.paranapraia.com.br\/?p=66686"},"modified":"2025-05-09T20:04:55","modified_gmt":"2025-05-09T23:04:55","slug":"mandriao-antartico-volta-a-natureza-apos-cuidados-em-pontal-do-parana","status":"publish","type":"post","link":"https:\/\/www.paranapraia.com.br\/index.php\/2025\/05\/09\/mandriao-antartico-volta-a-natureza-apos-cuidados-em-pontal-do-parana\/","title":{"rendered":"Mandri\u00e3o-ant\u00e1rtico volta \u00e0 natureza ap\u00f3s cuidados em Pontal do Paran\u00e1"},"content":{"rendered":"\n<p>Ave marinha rara passou por tratamento cl\u00ednico e foi solta em Pontal do Sul.<\/p>\n\n\n\n<p>Pela primeira vez em quase uma d\u00e9cada, o Laborat\u00f3rio de Ecologia e Conserva\u00e7\u00e3o da Universidade Federal do Paran\u00e1 (LEC-UFPR), atrav\u00e9s do Projeto de Monitoramento de Praias da Bacia de Santos (PMP-BS) um mandri\u00e3o-ant\u00e1rtico (Stercorarius antarcticus) foi reabilitado e devolvido \u00e0 natureza no litoral paranaense. A soltura ocorreu no dia 2 de maio, em Pontal do Sul, pr\u00f3ximo ao local onde a ave foi encontrada debilitada.<\/p>\n\n\n\n<p>O animal foi resgatado em 5 de abril durante atividade de campo do PMP-BS. Apresentava sinais de debilidade e dificuldades respirat\u00f3rias. Encaminhado ao centro de Reabilita\u00e7\u00e3o, Despetroliza\u00e7\u00e3o e An\u00e1lise de Sa\u00fade de Fauna Marinha (CReD\/LEC-UFPR), passou por exames cl\u00ednicos e laboratoriais, que indicaram pneumonia.<\/p>\n\n\n\n<p>O tratamento incluiu medica\u00e7\u00e3o, nebuliza\u00e7\u00e3o e sess\u00f5es de hidroterapia, aplicadas para recupera\u00e7\u00e3o respirat\u00f3ria e est\u00edmulo ao movimento. A ave tamb\u00e9m ficou em isolamento enquanto eram realizados testes para doen\u00e7as, com resultado negativo.<\/p>\n\n\n\n<p>Ap\u00f3s recupera\u00e7\u00e3o, o mandri\u00e3o recebeu uma anilha de identifica\u00e7\u00e3o individual, que permite o rastreamento de seu hist\u00f3rico e movimenta\u00e7\u00f5es futuras em caso de novo avistamento.<\/p>\n\n\n\n<p>A soltura reuniu a equipe t\u00e9cnica do projeto. O registro do mandri\u00e3o-ant\u00e1rtico se soma aos dados acumulados pelo PMP-BS ao longo de quase uma d\u00e9cada de atua\u00e7\u00e3o no litoral do Paran\u00e1.<\/p>\n\n\n\n<p>A realiza\u00e7\u00e3o do Projeto de Monitoramento de Praias da Bacia de Santos (PMP-BS) \u00e9 uma exig\u00eancia do licenciamento ambiental federal. No estado do Paran\u00e1, a execu\u00e7\u00e3o do projeto \u00e9 realizada pela equipe LEC\/UFPR (@lecufpr e www.lecufpr.net).<\/p>\n\n\n\n<p>\ud83d\udcf7 Foto: Ana Cl\u00e1udia Nunes LEC-UFPR<br>Foto: Edgar Fernandez<br>V\u00eddeo: LEC-UFPR<\/p>\n","protected":false},"excerpt":{"rendered":"<p>Ave marinha rara passou por tratamento cl\u00ednico e foi solta em Pontal do Sul. Pela primeira vez em quase uma d\u00e9cada, o Laborat\u00f3rio de Ecologia e Conserva\u00e7\u00e3o da Universidade Federal do Paran\u00e1 (LEC-UFPR), atrav\u00e9s do Projeto de Monitoramento de Praias da Bacia de Santos (PMP-BS) um mandri\u00e3o-ant\u00e1rtico (Stercorarius antarcticus) foi reabilitado e devolvido \u00e0 natureza [&hellip;]<\/p>\n","protected":false},"author":2,"featured_media":66687,"comment_status":"open","ping_status":"open","sticky":false,"template":"","format":"standard","meta":{"advanced_seo_description":"","jetpack_seo_html_title":"","jetpack_seo_noindex":false,"_jetpack_memberships_contains_paid_content":false,"footnotes":""},"categories":[40,65],"tags":[319,318],"class_list":{"0":"post-66686","1":"post","2":"type-post","3":"status-publish","4":"format-standard","5":"has-post-thumbnail","7":"category-destaques","8":"category-pontal-do-parana","9":"tag-parana","10":"tag-pontal-do-parana"},"jetpack_featured_media_url":"https:\/\/www.paranapraia.com.br\/wp-content\/uploads\/2025\/05\/FB_IMG_1746831738635.jpg","jetpack_sharing_enabled":true,"_links":{"self":[{"href":"https:\/\/www.paranapraia.com.br\/index.php\/wp-json\/wp\/v2\/posts\/66686"}],"collection":[{"href":"https:\/\/www.paranapraia.com.br\/index.php\/wp-json\/wp\/v2\/posts"}],"about":[{"href":"https:\/\/www.paranapraia.com.br\/index.php\/wp-json\/wp\/v2\/types\/post"}],"author":[{"embeddable":true,"href":"https:\/\/www.paranapraia.com.br\/index.php\/wp-json\/wp\/v2\/users\/2"}],"replies":[{"embeddable":true,"href":"https:\/\/www.paranapraia.com.br\/index.php\/wp-json\/wp\/v2\/comments?post=66686"}],"version-history":[{"count":1,"href":"https:\/\/www.paranapraia.com.br\/index.php\/wp-json\/wp\/v2\/posts\/66686\/revisions"}],"predecessor-version":[{"id":66688,"href":"https:\/\/www.paranapraia.com.br\/index.php\/wp-json\/wp\/v2\/posts\/66686\/revisions\/66688"}],"wp:featuredmedia":[{"embeddable":true,"href":"https:\/\/www.paranapraia.com.br\/index.php\/wp-json\/wp\/v2\/media\/66687"}],"wp:attachment":[{"href":"https:\/\/www.paranapraia.com.br\/index.php\/wp-json\/wp\/v2\/media?parent=66686"}],"wp:term":[{"taxonomy":"category","embeddable":true,"href":"https:\/\/www.paranapraia.com.br\/index.php\/wp-json\/wp\/v2\/categories?post=66686"},{"taxonomy":"post_tag","embeddable":true,"href":"https:\/\/www.paranapraia.com.br\/index.php\/wp-json\/wp\/v2\/tags?post=66686"}],"curies":[{"name":"wp","href":"https:\/\/api.w.org\/{rel}","templated":true}]}}