{"id":66681,"date":"2025-05-09T15:48:38","date_gmt":"2025-05-09T18:48:38","guid":{"rendered":"https:\/\/www.paranapraia.com.br\/?p=66681"},"modified":"2025-05-09T15:48:40","modified_gmt":"2025-05-09T18:48:40","slug":"pcpr-participa-de-operacao-nacional-em-combate-ao-crime-organizado-em-diversas-regioes-do-pais","status":"publish","type":"post","link":"https:\/\/www.paranapraia.com.br\/index.php\/2025\/05\/09\/pcpr-participa-de-operacao-nacional-em-combate-ao-crime-organizado-em-diversas-regioes-do-pais\/","title":{"rendered":"PCPR participa de opera\u00e7\u00e3o nacional em combate ao crime organizado em diversas regi\u00f5es do Pa\u00eds"},"content":{"rendered":"\n<p>A Pol\u00edcia Civil do Paran\u00e1 (PCPR) participou de uma opera\u00e7\u00e3o nacional coordenada pela Secretaria Nacional de Seguran\u00e7a P\u00fablica (Senasp) e deflagrada em combate ao crime organizado em diversas regi\u00f5es do Pa\u00eds. No Paran\u00e1, a a\u00e7\u00e3o mobilizou cerca de 150 agentes das pol\u00edcias Civil, Militar e Penal, com foco na fiscaliza\u00e7\u00e3o de monitorados por tornozeleira eletr\u00f4nica e repress\u00e3o a atividades criminosas.&nbsp;<\/p>\n\n\n\n<p>Foram cumpridos seis mandados de busca em hoteis utilizados como apoio log\u00edstico por grupos criminosos. A a\u00e7\u00e3o resultou na pris\u00e3o de oito pessoas e na apreens\u00e3o de mais de seis quilos de drogas no dia 24 de abril.<\/p>\n\n\n\n<p>Conforme o delegado da PCPR Rodrigo Brown, em \u00e2mbito nacional, a opera\u00e7\u00e3o envolveu as Pol\u00edcias Civis dos 26 estados e do Distrito Federal. Ao todo, foram cumpridos 565 mandados de busca e apreens\u00e3o e efetuadas 541 pris\u00f5es.&nbsp;<\/p>\n\n\n\n<p>As a\u00e7\u00f5es resultaram na apreens\u00e3o de 1,5 tonelada de drogas, 110 armas de fogo e no confisco de R$ 17,4 milh\u00f5es em bens. Tamb\u00e9m foi determinada a representa\u00e7\u00e3o pelo bloqueio judicial de R$ 67,9 milh\u00f5es, dos quais R$ 11,6 milh\u00f5es j\u00e1 foram efetivamente bloqueados.&nbsp;<\/p>\n\n\n\n<p>O preju\u00edzo estimado ao crime organizado ultrapassa R$ 35,3 milh\u00f5es. As a\u00e7\u00f5es da Renorcrim, nome dado \u00e0 opera\u00e7\u00e3o, ocorreram entre os dias 18 de abril e 2 de maio, com foco na pris\u00e3o de lideran\u00e7as e na descapitaliza\u00e7\u00e3o das organiza\u00e7\u00f5es criminosas.<\/p>\n\n\n\n<p>&#8220;O grande ganho para a PCPR foi a integra\u00e7\u00e3o com as demais Pol\u00edcias Civis do Brasil, especialmente com as unidades que combatem o crime organizado, otimizando a troca de informa\u00e7\u00f5es e apoio operacional. Al\u00e9m de ter colaborado&nbsp;com a seguran\u00e7a p\u00fablica no enfrentamento das fac\u00e7\u00f5es criminosas, que \u00e9 uma das maiores demandas atuais de nosso pa\u00eds\u201d, completa o delegado.&nbsp;<\/p>\n\n\n\n<p>PCPR<\/p>\n\n\n\n<p><\/p>\n","protected":false},"excerpt":{"rendered":"<p>A Pol\u00edcia Civil do Paran\u00e1 (PCPR) participou de uma opera\u00e7\u00e3o nacional coordenada pela Secretaria Nacional de Seguran\u00e7a P\u00fablica (Senasp) e deflagrada em combate ao crime organizado em diversas regi\u00f5es do Pa\u00eds. No Paran\u00e1, a a\u00e7\u00e3o mobilizou cerca de 150 agentes das pol\u00edcias Civil, Militar e Penal, com foco na fiscaliza\u00e7\u00e3o de monitorados por tornozeleira eletr\u00f4nica [&hellip;]<\/p>\n","protected":false},"author":2,"featured_media":66682,"comment_status":"open","ping_status":"open","sticky":false,"template":"","format":"standard","meta":{"advanced_seo_description":"","jetpack_seo_html_title":"","jetpack_seo_noindex":false,"_jetpack_memberships_contains_paid_content":false,"footnotes":""},"categories":[33],"tags":[319],"class_list":{"0":"post-66681","1":"post","2":"type-post","3":"status-publish","4":"format-standard","5":"has-post-thumbnail","7":"category-policia","8":"tag-parana"},"jetpack_featured_media_url":"https:\/\/www.paranapraia.com.br\/wp-content\/uploads\/2025\/05\/whatsapp_image_2025-03-26_at_10.12.341-scaled.jpg","jetpack_sharing_enabled":true,"_links":{"self":[{"href":"https:\/\/www.paranapraia.com.br\/index.php\/wp-json\/wp\/v2\/posts\/66681"}],"collection":[{"href":"https:\/\/www.paranapraia.com.br\/index.php\/wp-json\/wp\/v2\/posts"}],"about":[{"href":"https:\/\/www.paranapraia.com.br\/index.php\/wp-json\/wp\/v2\/types\/post"}],"author":[{"embeddable":true,"href":"https:\/\/www.paranapraia.com.br\/index.php\/wp-json\/wp\/v2\/users\/2"}],"replies":[{"embeddable":true,"href":"https:\/\/www.paranapraia.com.br\/index.php\/wp-json\/wp\/v2\/comments?post=66681"}],"version-history":[{"count":1,"href":"https:\/\/www.paranapraia.com.br\/index.php\/wp-json\/wp\/v2\/posts\/66681\/revisions"}],"predecessor-version":[{"id":66683,"href":"https:\/\/www.paranapraia.com.br\/index.php\/wp-json\/wp\/v2\/posts\/66681\/revisions\/66683"}],"wp:featuredmedia":[{"embeddable":true,"href":"https:\/\/www.paranapraia.com.br\/index.php\/wp-json\/wp\/v2\/media\/66682"}],"wp:attachment":[{"href":"https:\/\/www.paranapraia.com.br\/index.php\/wp-json\/wp\/v2\/media?parent=66681"}],"wp:term":[{"taxonomy":"category","embeddable":true,"href":"https:\/\/www.paranapraia.com.br\/index.php\/wp-json\/wp\/v2\/categories?post=66681"},{"taxonomy":"post_tag","embeddable":true,"href":"https:\/\/www.paranapraia.com.br\/index.php\/wp-json\/wp\/v2\/tags?post=66681"}],"curies":[{"name":"wp","href":"https:\/\/api.w.org\/{rel}","templated":true}]}}