{"id":66678,"date":"2025-05-09T15:45:44","date_gmt":"2025-05-09T18:45:44","guid":{"rendered":"https:\/\/www.paranapraia.com.br\/?p=66678"},"modified":"2025-05-09T15:45:47","modified_gmt":"2025-05-09T18:45:47","slug":"secretaria-da-mulher-realizou-homenagem-as-maes-no-terminal-urbano","status":"publish","type":"post","link":"https:\/\/www.paranapraia.com.br\/index.php\/2025\/05\/09\/secretaria-da-mulher-realizou-homenagem-as-maes-no-terminal-urbano\/","title":{"rendered":"Secretaria da Mulher realizou homenagem \u00e0s m\u00e3es no terminal urbano"},"content":{"rendered":"\n<p>Em comemora\u00e7\u00e3o ao Dia das M\u00e3es no pr\u00f3ximo domingo (11), a Secretaria Municipal da Mulher (Semmu) realizou evento alusivo \u00e0 data no Terminal Urbano na tarde de quinta-feira (8).<\/p>\n\n\n\n<p>O evento foi organizado pela Semmu e equipe do Ponto de Atendimento \u00e0 Mulher (PAM). As mulheres que circularam pelo local tiveram a oportunidade de ouvir uma boa m\u00fasica com a cantora Monique Santin, fazer esmalta\u00e7\u00e3o nas unhas, massagens e corte de cabelo. Profissionais da Secretaria Municipal de Sa\u00fade (Semsa) tamb\u00e9m foram parceiros da a\u00e7\u00e3o e realizaram testes r\u00e1pidos de glicemia, HIV, s\u00edfilis, hepatite C e B.<\/p>\n\n\n\n<p>Daiane \u00c1vila Christakis, secret\u00e1ria Municipal da Mulher, acompanhou de perto todo o evento e destacou a import\u00e2ncia de prestigiar as mulheres e m\u00e3es nesta a\u00e7\u00e3o. &#8220;N\u00e3o poder\u00edamos deixar este dia passar em branco, justamente pelos obst\u00e1culos sofridos pelas mulheres. Justamente por serem m\u00e3es, muitas vezes t\u00eam subempregos e dificuldades em conciliar essa dupla jornada. Buscamos acolher as mulheres e fizemos no terminal esta a\u00e7\u00e3o porque o PAM e nossa secretaria est\u00e3o estabelecidas aqui, e ofertamos uma s\u00e9rie de servi\u00e7os \u00e0s mulheres\u201d.<\/p>\n\n\n\n<p>Daiane tamb\u00e9m destacou algumas atividades e presta\u00e7\u00e3o de servi\u00e7os ofertados pela Semmu. \u201cNosso acolhimento \u00e9 amplo e auxiliamos essas mulheres em todas suas necessidade, tais como curso de capacita\u00e7\u00e3o para entrar no mercado de trabalho, faz aqui o curriculum com ajuda da equipe do PAM. S\u00e3o inseridas em grupos de cursos e atividades ligadas para mulheres e tamb\u00e9m, aux\u00edlio jur\u00eddico, principalmente para mulheres v\u00edtimas de viol\u00eancia, al\u00e9m de serem encaminhadas para a Casa da Mulher\u201d, explicou a secret\u00e1ria.<\/p>\n\n\n\n<p>Assessoria<\/p>\n\n\n\n<p><\/p>\n","protected":false},"excerpt":{"rendered":"<p>Em comemora\u00e7\u00e3o ao Dia das M\u00e3es no pr\u00f3ximo domingo (11), a Secretaria Municipal da Mulher (Semmu) realizou evento alusivo \u00e0 data no Terminal Urbano na tarde de quinta-feira (8). O evento foi organizado pela Semmu e equipe do Ponto de Atendimento \u00e0 Mulher (PAM). As mulheres que circularam pelo local tiveram a oportunidade de ouvir [&hellip;]<\/p>\n","protected":false},"author":2,"featured_media":66679,"comment_status":"open","ping_status":"open","sticky":false,"template":"","format":"standard","meta":{"advanced_seo_description":"","jetpack_seo_html_title":"","jetpack_seo_noindex":false,"_jetpack_memberships_contains_paid_content":false,"footnotes":""},"categories":[77],"tags":[321],"class_list":{"0":"post-66678","1":"post","2":"type-post","3":"status-publish","4":"format-standard","5":"has-post-thumbnail","7":"category-paranagua","8":"tag-paranagua"},"jetpack_featured_media_url":"https:\/\/www.paranapraia.com.br\/wp-content\/uploads\/2025\/05\/thumb-6-scaled.jpg","jetpack_sharing_enabled":true,"_links":{"self":[{"href":"https:\/\/www.paranapraia.com.br\/index.php\/wp-json\/wp\/v2\/posts\/66678"}],"collection":[{"href":"https:\/\/www.paranapraia.com.br\/index.php\/wp-json\/wp\/v2\/posts"}],"about":[{"href":"https:\/\/www.paranapraia.com.br\/index.php\/wp-json\/wp\/v2\/types\/post"}],"author":[{"embeddable":true,"href":"https:\/\/www.paranapraia.com.br\/index.php\/wp-json\/wp\/v2\/users\/2"}],"replies":[{"embeddable":true,"href":"https:\/\/www.paranapraia.com.br\/index.php\/wp-json\/wp\/v2\/comments?post=66678"}],"version-history":[{"count":1,"href":"https:\/\/www.paranapraia.com.br\/index.php\/wp-json\/wp\/v2\/posts\/66678\/revisions"}],"predecessor-version":[{"id":66680,"href":"https:\/\/www.paranapraia.com.br\/index.php\/wp-json\/wp\/v2\/posts\/66678\/revisions\/66680"}],"wp:featuredmedia":[{"embeddable":true,"href":"https:\/\/www.paranapraia.com.br\/index.php\/wp-json\/wp\/v2\/media\/66679"}],"wp:attachment":[{"href":"https:\/\/www.paranapraia.com.br\/index.php\/wp-json\/wp\/v2\/media?parent=66678"}],"wp:term":[{"taxonomy":"category","embeddable":true,"href":"https:\/\/www.paranapraia.com.br\/index.php\/wp-json\/wp\/v2\/categories?post=66678"},{"taxonomy":"post_tag","embeddable":true,"href":"https:\/\/www.paranapraia.com.br\/index.php\/wp-json\/wp\/v2\/tags?post=66678"}],"curies":[{"name":"wp","href":"https:\/\/api.w.org\/{rel}","templated":true}]}}