{"id":66675,"date":"2025-05-09T15:41:45","date_gmt":"2025-05-09T18:41:45","guid":{"rendered":"https:\/\/www.paranapraia.com.br\/?p=66675"},"modified":"2025-05-09T15:41:48","modified_gmt":"2025-05-09T18:41:48","slug":"projeto-passarinhar-parana-pico-do-marumbi-estreia-no-global-big-day-neste-sabado","status":"publish","type":"post","link":"https:\/\/www.paranapraia.com.br\/index.php\/2025\/05\/09\/projeto-passarinhar-parana-pico-do-marumbi-estreia-no-global-big-day-neste-sabado\/","title":{"rendered":"Projeto Passarinhar Paran\u00e1: Pico do Marumbi estreia no Global Big Day neste s\u00e1bado"},"content":{"rendered":"\n<p>O Instituto \u00c1gua e Terra (IAT), autarquia vinculada \u00e0 Secretaria de Estado do Desenvolvimento Sustent\u00e1vel (Sedest), promove neste s\u00e1bado (10) uma nova a\u00e7\u00e3o do projeto Passarinhar Paran\u00e1, desta vez para celebrar o Dia Mundial das Aves Migrat\u00f3rias, dentro do Global Big Day. O evento, no Parque Estadual Pico do Marumbi, entre os munic\u00edpios de Quatro Barras, Piraquara e Morretes, come\u00e7a \u00e0s 5 horas, \u00e9 gratuito e sem necessidade de inscri\u00e7\u00e3o pr\u00e9via.<\/p>\n\n\n\n<p>Esse \u00e9 o primeiro ano que o Marumbi integra a comemora\u00e7\u00e3o internacional \u2013 o Global Big Day \u00e9 considerado o maior evento do mundo em n\u00famero de observadores e registros de aves em um \u00fanico dia. De acordo com o chefe respons\u00e1vel pela Unidade de Conserva\u00e7\u00e3o (UC), Gabriel Camargo Macedo, a a\u00e7\u00e3o funcionar\u00e1 como um \u201claborat\u00f3rio\u201d, com atividades livres e volunt\u00e1rias, sem acompanhamento de especialistas ou atividades guiadas.<\/p>\n\n\n\n<p>Ele explica que, para participar do Global Big Day, basta baixar e se cadastrar no aplicativo gratuito &#8220;eBird&#8221;. Ao visitar o parque estadual neste s\u00e1bado, as aves avistadas devem ser registradas diretamente no App. Por\u00e9m, por causa da aus\u00eancia de sinal telef\u00f4nico e internet no Marumbi, a recomenda\u00e7\u00e3o \u00e9 para que o aplicativo seja instalado previamente nos aparelhos eletr\u00f4nicos, j\u00e1 que o eBird tamb\u00e9m funciona offline.<\/p>\n\n\n\n<p>\u201cO objetivo da a\u00e7\u00e3o \u00e9 estimular a pr\u00e1tica de observa\u00e7\u00e3o de aves de forma democr\u00e1tica, apresentar as pessoas ao Global Big Day, traz\u00ea-las para dentro do per\u00edmetro do parque\u201d, afirma o t\u00e9cnico. \u201cMas lembrando que a participa\u00e7\u00e3o pode ser dar de qualquer lugar, de dentro da sua casa, olhando para o quintal ou pela janela do pr\u00e9dio, basta buscar um p\u00e1ssaro pelo olhar\u201d, acrescenta.<\/p>\n\n\n\n<p>O evento contar\u00e1 com duas bases de apoio dentro do parque \u2013 Base IAT Prainhas e Base IAT Marumbi \u2013 para orienta\u00e7\u00f5es iniciais e d\u00favidas pontuais. No entanto, n\u00e3o haver\u00e1 acompanhamento durante a observa\u00e7\u00e3o. A atividade ser\u00e1 desenvolvida individualmente e voluntariamente pelos visitantes dentro das \u00e1reas de livre acesso da UC.<\/p>\n\n\n\n<p>O Parque Estadual Pico do Marumbi abriga uma grande diversidade de aves, oferecendo in\u00fameras oportunidades de encontros com esp\u00e9cies da Mata Atl\u00e2ntica, como a sa\u00edra-sete-cores, sa\u00edra-militar, sanha\u00e7o, jacu, jacutinga, gralha-azul, maritacas e o tucano-do-bico-verde, entre outras.<\/p>\n\n\n\n<p><strong>GLOBAL BIG DAY<\/strong>&nbsp;\u2013 Considerado o maior evento do mundo em n\u00famero de observadores e registros de aves em um \u00fanico dia, o evento tem o intuito de aproximar a sociedade da natureza e incentivar a coleta de dados para a conserva\u00e7\u00e3o. Em 2024, mais de 63 mil pessoas participaram do Global Big Day, registrando 156 mil listas de esp\u00e9cies.<\/p>\n\n\n\n<p>\u201cA participa\u00e7\u00e3o no Global Big Day \u00e9 uma oportunidade \u00fanica para quem deseja se conectar \u00e0 natureza e colaborar para a preserva\u00e7\u00e3o da avifauna do Paran\u00e1\u201d, diz Macedo.<\/p>\n\n\n\n<p>Para uma experi\u00eancia mais proveitosa, \u00e9 recomendado que os observadores usem roupas discretas e sapatos fechados, caminhem silenciosamente pelas trilhas, utilizem repelente e protetor solar. Al\u00e9m disso, o IAT indica que os visitantes mantenham uma dist\u00e2ncia segura das aves, evitando o uso de flash pr\u00f3ximo aos ninhos ao tirar fotos.<\/p>\n\n\n\n<p><strong>PASSARINHAR PARAN\u00c1<\/strong>&nbsp;\u2013 O IAT desenvolveu o Passarinhar Paran\u00e1, vinculado ao projeto Parques Paran\u00e1 e coordenado pela diretoria de Patrim\u00f4nio Natural do Instituto, com o intuito de fomentar o uso p\u00fablico e o turismo nas Unidades de Conserva\u00e7\u00e3o (UCs) do Estado, com foco no desenvolvimento socioecon\u00f4mico e ecoturismo consciente. O objetivo \u00e9 despertar o interesse da sociedade para observa\u00e7\u00e3o de p\u00e1ssaros, ampliando o conhecimento sobre a fauna local. Funciona, ainda, como uma estrat\u00e9gia de amparo para a conserva\u00e7\u00e3o de esp\u00e9cies raras.<\/p>\n\n\n\n<p>AEN<\/p>\n","protected":false},"excerpt":{"rendered":"<p>O Instituto \u00c1gua e Terra (IAT), autarquia vinculada \u00e0 Secretaria de Estado do Desenvolvimento Sustent\u00e1vel (Sedest), promove neste s\u00e1bado (10) uma nova a\u00e7\u00e3o do projeto Passarinhar Paran\u00e1, desta vez para celebrar o Dia Mundial das Aves Migrat\u00f3rias, dentro do Global Big Day. O evento, no Parque Estadual Pico do Marumbi, entre os munic\u00edpios de Quatro [&hellip;]<\/p>\n","protected":false},"author":2,"featured_media":66676,"comment_status":"open","ping_status":"open","sticky":false,"template":"","format":"standard","meta":{"advanced_seo_description":"","jetpack_seo_html_title":"","jetpack_seo_noindex":false,"_jetpack_memberships_contains_paid_content":false,"footnotes":""},"categories":[40],"tags":[319],"class_list":{"0":"post-66675","1":"post","2":"type-post","3":"status-publish","4":"format-standard","5":"has-post-thumbnail","7":"category-destaques","8":"tag-parana"},"jetpack_featured_media_url":"https:\/\/www.paranapraia.com.br\/wp-content\/uploads\/2025\/05\/whatsapp_image_2021-03-01_at_14.55.03-scaled.jpg","jetpack_sharing_enabled":true,"_links":{"self":[{"href":"https:\/\/www.paranapraia.com.br\/index.php\/wp-json\/wp\/v2\/posts\/66675"}],"collection":[{"href":"https:\/\/www.paranapraia.com.br\/index.php\/wp-json\/wp\/v2\/posts"}],"about":[{"href":"https:\/\/www.paranapraia.com.br\/index.php\/wp-json\/wp\/v2\/types\/post"}],"author":[{"embeddable":true,"href":"https:\/\/www.paranapraia.com.br\/index.php\/wp-json\/wp\/v2\/users\/2"}],"replies":[{"embeddable":true,"href":"https:\/\/www.paranapraia.com.br\/index.php\/wp-json\/wp\/v2\/comments?post=66675"}],"version-history":[{"count":1,"href":"https:\/\/www.paranapraia.com.br\/index.php\/wp-json\/wp\/v2\/posts\/66675\/revisions"}],"predecessor-version":[{"id":66677,"href":"https:\/\/www.paranapraia.com.br\/index.php\/wp-json\/wp\/v2\/posts\/66675\/revisions\/66677"}],"wp:featuredmedia":[{"embeddable":true,"href":"https:\/\/www.paranapraia.com.br\/index.php\/wp-json\/wp\/v2\/media\/66676"}],"wp:attachment":[{"href":"https:\/\/www.paranapraia.com.br\/index.php\/wp-json\/wp\/v2\/media?parent=66675"}],"wp:term":[{"taxonomy":"category","embeddable":true,"href":"https:\/\/www.paranapraia.com.br\/index.php\/wp-json\/wp\/v2\/categories?post=66675"},{"taxonomy":"post_tag","embeddable":true,"href":"https:\/\/www.paranapraia.com.br\/index.php\/wp-json\/wp\/v2\/tags?post=66675"}],"curies":[{"name":"wp","href":"https:\/\/api.w.org\/{rel}","templated":true}]}}