{"id":66671,"date":"2025-05-09T15:13:08","date_gmt":"2025-05-09T18:13:08","guid":{"rendered":"https:\/\/www.paranapraia.com.br\/?p=66671"},"modified":"2025-05-09T15:13:11","modified_gmt":"2025-05-09T18:13:11","slug":"habemus-papam-em-visita-ao-parana-em-2004-novo-papa-impressionou-pela-simplicidade","status":"publish","type":"post","link":"https:\/\/www.paranapraia.com.br\/index.php\/2025\/05\/09\/habemus-papam-em-visita-ao-parana-em-2004-novo-papa-impressionou-pela-simplicidade\/","title":{"rendered":"Habemus Papam: em visita ao Paran\u00e1 em 2004, novo Papa impressionou pela simplicidade"},"content":{"rendered":"\n<p>Anunciado na quinta-feira (8) como o sucessor de Francisco no comando da Igreja Cat\u00f3lica, o Papa Le\u00e3o XIV j\u00e1 esteve no Paran\u00e1. Em 2004, o ent\u00e3o Frei Robert Prevost ocupava o cargo de prior-geral da Ordem de Santo Agostinho e esteve em comunidades agostinianas em Curitiba e Rol\u00e2ndia, no Norte do Estado, al\u00e9m de passar tamb\u00e9m por Ponta Grossa, nos Campos Gerais.<\/p>\n\n\n\n<p>O Estado conta com duas comunidades da Prov\u00edncia Agostiniana, a qual o novo Papa pertence: a Par\u00f3quia S\u00e3o Pedro Ap\u00f3stolo e Nossa Senhora de F\u00e1tima, em Rol\u00e2ndia, e a Par\u00f3quia Nossa Senhora da Cabe\u00e7a, na Cidade Industrial de Curitiba. Foi nesses lugares que Frei Robert fez suas visitas pastorais no in\u00edcio dos anos 2000, uma das miss\u00f5es pertinentes ao superior da Ordem.<\/p>\n\n\n\n<p>Natural de Bela Vista do Para\u00edso, o Frei Maciel Alves Bueno se mudou ainda crian\u00e7a para Rol\u00e2ndia, onde come\u00e7ou a se envolver com as atividades da igreja. Ordenado em 2002, no ano seguinte ele assumiu como reitor do Semin\u00e1rio Santo Agostinho na cidade em 2003, cargo que ocupava quando o Frei Robert visitou a comunidade no ano seguinte.<\/p>\n\n\n\n<p>\u00c9 ele quem aparece em fotos ao lado do novo Papa em uma missa celebrada Par\u00f3quia de S\u00e3o Pedro naquele ano. \u201cComo superior, uma de suas responsabilidades era visitar comunidades ao redor do mundo e incentivar os frades na vida pastoral. Foi isso que ele veio fazer em Rol\u00e2ndia. Ele ficou hospedado no nosso semin\u00e1rio por tr\u00eas ou quatro dias, conversou com cada frade individualmente. Ele tamb\u00e9m visitou nossas obras na cidade, que na \u00e9poca eram o semin\u00e1rio e a par\u00f3quia, celebrou missas e conversou com algumas pessoas\u201d, contou.<\/p>\n\n\n\n<p>\u201cNa \u00e9poca ele era um frade como n\u00f3s. Ocupava uma posi\u00e7\u00e3o importante na Ordem, mas ainda n\u00e3o tinha sido ordenado bispo. E muito por causa da nossa espiritualidade enquanto agostinianos, a rela\u00e7\u00e3o com ele foi sempre de muita proximidade\u201d, disse Frei Maciel. \u201cO novo pont\u00edfice \u00e9 uma pessoa tranquila, simples e bem humorada, que conversa com outras pessoas. Foi isso que ele mostrou em Rol\u00e2ndia, muito bom humor e carisma, dava risada, abra\u00e7ava. A gente at\u00e9 brincava com os outros frades: vai dar um abra\u00e7o no chefe. E ele acolhia todos com muita tranquilidade\u201d<\/p>\n\n\n\n<p>Frei Maciel conta ainda que esteve em outras ocasi\u00f5es com Frei Robert, agora Papa Le\u00e3o XIV. Ap\u00f3s a fuma\u00e7a branca subir pela chamin\u00e9, o momento em que o novo papa apareceu na varanda da Bas\u00edlica de S\u00e3o Pedro foi de muita emo\u00e7\u00e3o para os frades agostinianos. \u201cEu estava em comunidade com outros confrades e a gente pulou, gritou, chorou por ver um irm\u00e3o nosso se tornar o sucessor de S\u00e3o Pedro e do Papa Francisco. Agora vem a responsabilidade, porque precisamos apoi\u00e1-lo nessa miss\u00e3o\u201d, afirmou.<\/p>\n\n\n\n<p>A Ordem de S\u00e3o Agostinho (OSA) foi fundada em 1244 pelo Papa Inoc\u00eancio IV. \u00c9 composta pelos frades mendicantes, que fazem votos de pobreza, renunciando qualquer tipo de propriedade, e seguem a linha de pensamento de Santo Agostinho. No Brasil, tem duas divis\u00f5es administrativas, a Prov\u00edncia Agostiniana Consola\u00e7\u00e3o e a Prov\u00edncia Agostiniana do Brasil, esta presente no Paran\u00e1, S\u00e3o Paulo e Goi\u00e1s, com aproximadamente 50 frades espalhados por esses estados. O Papa Le\u00e3o XIV era, atualmente, o \u00fanico cardeal da Ordem e se tornou o primeiro pont\u00edfice agostiniano.<\/p>\n\n\n\n<p><strong>ASSINATURA DO PAPA<\/strong>&nbsp;\u2013 O per\u00edodo de Frei Robert como prior-geral dos agostinianos deixou outras marcas no Paran\u00e1, inclusive um documento assinado por ele. Uma das paroquianas de Rol\u00e2ndia \u00e9 Marlene Vieira da Silva, que \u00e9 m\u00e3e do Frei Rodrigo, que foi ordenado na Par\u00f3quia S\u00e3o Pedro Ap\u00f3stolo e Nossa Senhora de F\u00e1tima em 2012.<\/p>\n\n\n\n<p>Como m\u00e3e de um frade agostiniano, ela se torna afiliada \u00e0 Ordem. \u00c9 justamente seu documento de afilia\u00e7\u00e3o que conta com a assinatura do Frei Robert Francis Prevost. \u201cDoravante a consideramos membro de nossa fam\u00edlia do mesmo modo que aqueles que o s\u00e3o pela profiss\u00e3o dos votos religiosos\u201d, diz o documento, que \u00e9 guardado emoldurado por Marlene.<\/p>\n\n\n\n<p><strong>RELA\u00c7\u00c3O DO PARAN\u00c1 COM PAPA<\/strong>&nbsp;\u2013 Em julho de 2025 se completar\u00e1 o anivers\u00e1rio de 45 anos da&nbsp;visita do Papa Jo\u00e3o Paulo II a Curitiba, em meio a uma viagem que passaria por 13 cidades brasileiras. O evento \u00e9 considerado um dos que mais reuniram pessoas na hist\u00f3ria do Paran\u00e1. Todos queriam ver e saudar o Sumo Pont\u00edfice, uma figura carism\u00e1tica e respeitada, que ultrapassou as fronteiras da Igreja Cat\u00f3lica..<\/p>\n\n\n\n<p>Na chegada \u00e0 cidade, vindo de Porto Alegre, beijou o solo paranaense assim que desceu do avi\u00e3o, \u00e0s 16h30 do dia 5 de julho de 1980. A bordo de um Ford Galaxie Landau preto, modificado, com abertura de um teto solar, a santidade partiu em carreata at\u00e9 o Est\u00e1dio Major Ant\u00f4nio Couto Pereira. Na \u00e9poca ele tinha 60 anos.<\/p>\n\n\n\n<p>AEN<\/p>\n","protected":false},"excerpt":{"rendered":"<p>Anunciado na quinta-feira (8) como o sucessor de Francisco no comando da Igreja Cat\u00f3lica, o Papa Le\u00e3o XIV j\u00e1 esteve no Paran\u00e1. Em 2004, o ent\u00e3o Frei Robert Prevost ocupava o cargo de prior-geral da Ordem de Santo Agostinho e esteve em comunidades agostinianas em Curitiba e Rol\u00e2ndia, no Norte do Estado, al\u00e9m de passar [&hellip;]<\/p>\n","protected":false},"author":2,"featured_media":66672,"comment_status":"open","ping_status":"open","sticky":false,"template":"","format":"standard","meta":{"advanced_seo_description":"","jetpack_seo_html_title":"","jetpack_seo_noindex":false,"_jetpack_memberships_contains_paid_content":false,"footnotes":""},"categories":[40],"tags":[1196],"class_list":{"0":"post-66671","1":"post","2":"type-post","3":"status-publish","4":"format-standard","5":"has-post-thumbnail","7":"category-destaques","8":"tag-papa"},"jetpack_featured_media_url":"https:\/\/www.paranapraia.com.br\/wp-content\/uploads\/2025\/05\/whatsapp_image_2025-05-09_at_14.34.29_1-scaled.jpg","jetpack_sharing_enabled":true,"_links":{"self":[{"href":"https:\/\/www.paranapraia.com.br\/index.php\/wp-json\/wp\/v2\/posts\/66671"}],"collection":[{"href":"https:\/\/www.paranapraia.com.br\/index.php\/wp-json\/wp\/v2\/posts"}],"about":[{"href":"https:\/\/www.paranapraia.com.br\/index.php\/wp-json\/wp\/v2\/types\/post"}],"author":[{"embeddable":true,"href":"https:\/\/www.paranapraia.com.br\/index.php\/wp-json\/wp\/v2\/users\/2"}],"replies":[{"embeddable":true,"href":"https:\/\/www.paranapraia.com.br\/index.php\/wp-json\/wp\/v2\/comments?post=66671"}],"version-history":[{"count":1,"href":"https:\/\/www.paranapraia.com.br\/index.php\/wp-json\/wp\/v2\/posts\/66671\/revisions"}],"predecessor-version":[{"id":66673,"href":"https:\/\/www.paranapraia.com.br\/index.php\/wp-json\/wp\/v2\/posts\/66671\/revisions\/66673"}],"wp:featuredmedia":[{"embeddable":true,"href":"https:\/\/www.paranapraia.com.br\/index.php\/wp-json\/wp\/v2\/media\/66672"}],"wp:attachment":[{"href":"https:\/\/www.paranapraia.com.br\/index.php\/wp-json\/wp\/v2\/media?parent=66671"}],"wp:term":[{"taxonomy":"category","embeddable":true,"href":"https:\/\/www.paranapraia.com.br\/index.php\/wp-json\/wp\/v2\/categories?post=66671"},{"taxonomy":"post_tag","embeddable":true,"href":"https:\/\/www.paranapraia.com.br\/index.php\/wp-json\/wp\/v2\/tags?post=66671"}],"curies":[{"name":"wp","href":"https:\/\/api.w.org\/{rel}","templated":true}]}}