{"id":66664,"date":"2025-05-09T15:00:43","date_gmt":"2025-05-09T18:00:43","guid":{"rendered":"https:\/\/www.paranapraia.com.br\/?p=66664"},"modified":"2025-05-09T15:00:46","modified_gmt":"2025-05-09T18:00:46","slug":"secretaria-municipal-de-turismo-marca-presenca-na-5a-reuniao-do-portal-serra-da-prata","status":"publish","type":"post","link":"https:\/\/www.paranapraia.com.br\/index.php\/2025\/05\/09\/secretaria-municipal-de-turismo-marca-presenca-na-5a-reuniao-do-portal-serra-da-prata\/","title":{"rendered":"Secretaria Municipal de Turismo marca presen\u00e7a na 5\u00aa Reuni\u00e3o do Portal Serra da Prata"},"content":{"rendered":"\n<p>Na \u00faltima quinta-feira (8), aconteceu a 5\u00aa Reuni\u00e3o do Portal Serra da Prata, com a participa\u00e7\u00e3o de representantes do setor privado, equipe t\u00e9cnica da Sanepar e representantes da Secretaria de Turismo de Paranagu\u00e1 (Setur), fortalecendo o di\u00e1logo entre poder p\u00fablico e iniciativa privada em prol do desenvolvimento sustent\u00e1vel da regi\u00e3o.<\/p>\n\n\n\n<p>Durante o encontro, foram discutidos temas fundamentais como a valoriza\u00e7\u00e3o da Grande Reserva Mata Atl\u00e2ntica, o mapeamento dos pontos tur\u00edsticos nos munic\u00edpios que comp\u00f5em o Portal e a identifica\u00e7\u00e3o de boas oportunidades de conserva\u00e7\u00e3o ambiental.<\/p>\n\n\n\n<p>Foi tamb\u00e9m realizada uma orienta\u00e7\u00e3o t\u00e9cnica sobre a organiza\u00e7\u00e3o e estrutura\u00e7\u00e3o do site oficial do Portal, com o objetivo de aprimorar a comunica\u00e7\u00e3o, promover os atrativos regionais e fortalecer a identidade da iniciativa.<\/p>\n\n\n\n<p>A reuni\u00e3o refor\u00e7ou o compromisso conjunto com a preserva\u00e7\u00e3o do meio ambiente e com o aproveitamento consciente do potencial tur\u00edstico da regi\u00e3o, sempre alinhado com pr\u00e1ticas sustent\u00e1veis e integradas entre os munic\u00edpios.<\/p>\n\n\n\n<p>Assessoria<\/p>\n","protected":false},"excerpt":{"rendered":"<p>Na \u00faltima quinta-feira (8), aconteceu a 5\u00aa Reuni\u00e3o do Portal Serra da Prata, com a participa\u00e7\u00e3o de representantes do setor privado, equipe t\u00e9cnica da Sanepar e representantes da Secretaria de Turismo de Paranagu\u00e1 (Setur), fortalecendo o di\u00e1logo entre poder p\u00fablico e iniciativa privada em prol do desenvolvimento sustent\u00e1vel da regi\u00e3o. Durante o encontro, foram discutidos [&hellip;]<\/p>\n","protected":false},"author":2,"featured_media":66666,"comment_status":"open","ping_status":"open","sticky":false,"template":"","format":"standard","meta":{"advanced_seo_description":"","jetpack_seo_html_title":"","jetpack_seo_noindex":false,"_jetpack_memberships_contains_paid_content":false,"footnotes":""},"categories":[77],"tags":[321],"class_list":{"0":"post-66664","1":"post","2":"type-post","3":"status-publish","4":"format-standard","5":"has-post-thumbnail","7":"category-paranagua","8":"tag-paranagua"},"jetpack_featured_media_url":"https:\/\/www.paranapraia.com.br\/wp-content\/uploads\/2025\/05\/thumb-4-2-scaled.jpg","jetpack_sharing_enabled":true,"_links":{"self":[{"href":"https:\/\/www.paranapraia.com.br\/index.php\/wp-json\/wp\/v2\/posts\/66664"}],"collection":[{"href":"https:\/\/www.paranapraia.com.br\/index.php\/wp-json\/wp\/v2\/posts"}],"about":[{"href":"https:\/\/www.paranapraia.com.br\/index.php\/wp-json\/wp\/v2\/types\/post"}],"author":[{"embeddable":true,"href":"https:\/\/www.paranapraia.com.br\/index.php\/wp-json\/wp\/v2\/users\/2"}],"replies":[{"embeddable":true,"href":"https:\/\/www.paranapraia.com.br\/index.php\/wp-json\/wp\/v2\/comments?post=66664"}],"version-history":[{"count":1,"href":"https:\/\/www.paranapraia.com.br\/index.php\/wp-json\/wp\/v2\/posts\/66664\/revisions"}],"predecessor-version":[{"id":66667,"href":"https:\/\/www.paranapraia.com.br\/index.php\/wp-json\/wp\/v2\/posts\/66664\/revisions\/66667"}],"wp:featuredmedia":[{"embeddable":true,"href":"https:\/\/www.paranapraia.com.br\/index.php\/wp-json\/wp\/v2\/media\/66666"}],"wp:attachment":[{"href":"https:\/\/www.paranapraia.com.br\/index.php\/wp-json\/wp\/v2\/media?parent=66664"}],"wp:term":[{"taxonomy":"category","embeddable":true,"href":"https:\/\/www.paranapraia.com.br\/index.php\/wp-json\/wp\/v2\/categories?post=66664"},{"taxonomy":"post_tag","embeddable":true,"href":"https:\/\/www.paranapraia.com.br\/index.php\/wp-json\/wp\/v2\/tags?post=66664"}],"curies":[{"name":"wp","href":"https:\/\/api.w.org\/{rel}","templated":true}]}}