{"id":66661,"date":"2025-05-09T14:57:39","date_gmt":"2025-05-09T17:57:39","guid":{"rendered":"https:\/\/www.paranapraia.com.br\/?p=66661"},"modified":"2025-05-09T14:57:42","modified_gmt":"2025-05-09T17:57:42","slug":"auditores-da-receita-federal-visitam-instalacoes-do-porto-de-paranagua","status":"publish","type":"post","link":"https:\/\/www.paranapraia.com.br\/index.php\/2025\/05\/09\/auditores-da-receita-federal-visitam-instalacoes-do-porto-de-paranagua\/","title":{"rendered":"Auditores da Receita Federal visitam instala\u00e7\u00f5es do Porto de Paranagu\u00e1"},"content":{"rendered":"\n<p>A Portos do Paran\u00e1 recebeu, na \u00faltima quinta-feira (8), uma comitiva formada por 12 auditores-fiscais da Receita Federal. Eles integram a Equipe de Repress\u00e3o Portu\u00e1ria da 9\u00aa \u00c1rea Fiscal, que atua nos estados do Paran\u00e1 e de Santa Catarina. Durante a visita, conheceram a atual estrutura de movimenta\u00e7\u00e3o de cargas, a organiza\u00e7\u00e3o administrativa e os projetos futuros da empresa p\u00fablica. Tamb\u00e9m percorreram as instala\u00e7\u00f5es alfandegadas dos portos de Paranagu\u00e1 e Antonina.<\/p>\n\n\n\n<p>\u201c\u00c9 sempre importante estreitar rela\u00e7\u00f5es e fortalecer a parceria que j\u00e1 temos com a Receita Federal, recebendo essa equipe que realiza um trabalho fundamental nos nossos portos. Apresentamos um panorama institucional da Portos do Paran\u00e1 e tamb\u00e9m os nossos projetos em andamento, principalmente nas \u00e1reas de opera\u00e7\u00e3o e seguran\u00e7a\u201d, destacou Gabriel Vieira, diretor de Opera\u00e7\u00f5es Portu\u00e1rias.<\/p>\n\n\n\n<p>De acordo com Sandro Huttner Chimisso, auditor-fiscal e chefe da Equipe de Repress\u00e3o Portu\u00e1ria da 9\u00aa \u00c1rea Fiscal da Receita Federal, o objetivo da visita foi conhecer de perto as 30 \u00e1reas alfandegadas dos portos de Paranagu\u00e1 e Antonina e promover a integra\u00e7\u00e3o da equipe, que tem nove membros atuando em outras unidades, como os portos de S\u00e3o Francisco do Sul e Navegantes\/Itaja\u00ed.<\/p>\n\n\n\n<p>\u201cPara muitos da equipe, esses recintos n\u00e3o fazem parte da rotina, j\u00e1 que nosso foco est\u00e1 concentrado nos terminais conteineiros. \u00c9 importante conhecer novas realidades, absorver informa\u00e7\u00f5es, fazer contatos e integrar melhor uma equipe que atua em uma regi\u00e3o extensa, com cerca de 430 quil\u00f4metros\u201d, explicou Chimisso.<\/p>\n\n\n\n<p>Para o gerente de Fiscaliza\u00e7\u00e3o da Diretoria de Opera\u00e7\u00f5es Portu\u00e1rias, Fernando Pinheiro Dias, a visita foi bastante produtiva tamb\u00e9m para a Portos do Paran\u00e1.<\/p>\n\n\n\n<p>\u201cDiariamente, em nossas rotinas de fiscaliza\u00e7\u00e3o, mantemos di\u00e1logo constante com a Receita Federal, especialmente nas libera\u00e7\u00f5es e nos processos de recebimento e despacho de cargas nos fluxos de importa\u00e7\u00e3o e exporta\u00e7\u00e3o. Essa integra\u00e7\u00e3o \u00e9 essencial para que eles compreendam a nossa realidade e tamb\u00e9m para que nos mostrem suas demandas, nas quais podemos contribuir\u201d, finalizou o gerente.<\/p>\n\n\n\n<p>Assessoria<\/p>\n","protected":false},"excerpt":{"rendered":"<p>A Portos do Paran\u00e1 recebeu, na \u00faltima quinta-feira (8), uma comitiva formada por 12 auditores-fiscais da Receita Federal. Eles integram a Equipe de Repress\u00e3o Portu\u00e1ria da 9\u00aa \u00c1rea Fiscal, que atua nos estados do Paran\u00e1 e de Santa Catarina. Durante a visita, conheceram a atual estrutura de movimenta\u00e7\u00e3o de cargas, a organiza\u00e7\u00e3o administrativa e os [&hellip;]<\/p>\n","protected":false},"author":2,"featured_media":66662,"comment_status":"open","ping_status":"open","sticky":false,"template":"","format":"standard","meta":{"advanced_seo_description":"","jetpack_seo_html_title":"","jetpack_seo_noindex":false,"_jetpack_memberships_contains_paid_content":false,"footnotes":""},"categories":[40,74],"tags":[321],"class_list":{"0":"post-66661","1":"post","2":"type-post","3":"status-publish","4":"format-standard","5":"has-post-thumbnail","7":"category-destaques","8":"category-setor-portuario","9":"tag-paranagua"},"jetpack_featured_media_url":"https:\/\/www.paranapraia.com.br\/wp-content\/uploads\/2025\/05\/img_2815_1-scaled.jpg","jetpack_sharing_enabled":true,"_links":{"self":[{"href":"https:\/\/www.paranapraia.com.br\/index.php\/wp-json\/wp\/v2\/posts\/66661"}],"collection":[{"href":"https:\/\/www.paranapraia.com.br\/index.php\/wp-json\/wp\/v2\/posts"}],"about":[{"href":"https:\/\/www.paranapraia.com.br\/index.php\/wp-json\/wp\/v2\/types\/post"}],"author":[{"embeddable":true,"href":"https:\/\/www.paranapraia.com.br\/index.php\/wp-json\/wp\/v2\/users\/2"}],"replies":[{"embeddable":true,"href":"https:\/\/www.paranapraia.com.br\/index.php\/wp-json\/wp\/v2\/comments?post=66661"}],"version-history":[{"count":1,"href":"https:\/\/www.paranapraia.com.br\/index.php\/wp-json\/wp\/v2\/posts\/66661\/revisions"}],"predecessor-version":[{"id":66663,"href":"https:\/\/www.paranapraia.com.br\/index.php\/wp-json\/wp\/v2\/posts\/66661\/revisions\/66663"}],"wp:featuredmedia":[{"embeddable":true,"href":"https:\/\/www.paranapraia.com.br\/index.php\/wp-json\/wp\/v2\/media\/66662"}],"wp:attachment":[{"href":"https:\/\/www.paranapraia.com.br\/index.php\/wp-json\/wp\/v2\/media?parent=66661"}],"wp:term":[{"taxonomy":"category","embeddable":true,"href":"https:\/\/www.paranapraia.com.br\/index.php\/wp-json\/wp\/v2\/categories?post=66661"},{"taxonomy":"post_tag","embeddable":true,"href":"https:\/\/www.paranapraia.com.br\/index.php\/wp-json\/wp\/v2\/tags?post=66661"}],"curies":[{"name":"wp","href":"https:\/\/api.w.org\/{rel}","templated":true}]}}