{"id":66658,"date":"2025-05-09T14:55:20","date_gmt":"2025-05-09T17:55:20","guid":{"rendered":"https:\/\/www.paranapraia.com.br\/?p=66658"},"modified":"2025-05-09T14:55:45","modified_gmt":"2025-05-09T17:55:45","slug":"paranagua-no-palacio-iguacu-encontro-reforca-compromisso-com-politicas-publicas-para-mulheres","status":"publish","type":"post","link":"https:\/\/www.paranapraia.com.br\/index.php\/2025\/05\/09\/paranagua-no-palacio-iguacu-encontro-reforca-compromisso-com-politicas-publicas-para-mulheres\/","title":{"rendered":"Paranagu\u00e1 no Pal\u00e1cio Igua\u00e7u: Encontro refor\u00e7a compromisso com pol\u00edticas p\u00fablicas para mulheres"},"content":{"rendered":"\n<p>Nessa quinta-feira (8), a representatividade feminina parnanguara foi pauta de um importante encontro com a primeira-dama do estado do Paran\u00e1, Luciana Saito Massa, no Pal\u00e1cio Igua\u00e7u, em Curitiba.<\/p>\n\n\n\n<p>A agenda teve como foco o reconhecimento da atua\u00e7\u00e3o da primeira-dama em causas sociais e o fortalecimento do di\u00e1logo sobre pol\u00edticas p\u00fablicas voltadas \u00e0s mulheres, com \u00eanfase especial \u00e0 sa\u00fade feminina e ao Outubro Rosa.<\/p>\n\n\n\n<p>Representando o munic\u00edpio de Paranagu\u00e1, estiveram a primeira-dama Patr\u00edcia Bamvakiades Ramos, a vice-prefeita Fabiana Parro, a diretora de Rela\u00e7\u00f5es P\u00fablicas da Prefeitura, Jiseli Pireli e representantes do Conselho da Mulher Empreendedora e da Cultura (CMEC) da Associa\u00e7\u00e3o Comercial, Industrial e Agr\u00edcola de Paranagu\u00e1 (ACIAP) e do Instituto Peito Aberto, refer\u00eancia no suporte a mulheres em tratamento contra o c\u00e2ncer de mama.<\/p>\n\n\n\n<p>O di\u00e1logo tamb\u00e9m evidenciou a aten\u00e7\u00e3o do governador Carlos Massa Ratinho J\u00fanior com o litoral paranaense, demonstrando sensibilidade e abertura para iniciativas que aproximem o poder p\u00fablico estadual das necessidades reais das mulheres do litoral.<\/p>\n\n\n\n<p>A primeira-dama de Paranagu\u00e1 destacou o carinho e aten\u00e7\u00e3o que o governador tem dedicado ao nosso litoral e fez um convite \u00e0 primeira-dama do estado. \u201cAproveitei tamb\u00e9m para convid\u00e1-la para estar conosco em Paranagu\u00e1, para conhecer de perto nosso trabalho.\u201d<\/p>\n\n\n\n<p>Para Fabiana Parro: \u201c\u00c9 uma honra representar Paranagu\u00e1 neste encontro com a primeira-dama do estado. Conversamos sobre pol\u00edticas p\u00fablicas para as mulheres, preven\u00e7\u00e3o ao c\u00e2ncer de mama e de colo do \u00fatero, e a\u00e7\u00f5es que podemos realizar juntas no Outubro Rosa.\u201d<\/p>\n\n\n\n<p>A primeira-dama Luciana reiterou seu compromisso pessoal com a causa feminina, destacando a import\u00e2ncia do Outubro Rosa e o papel fundamental da conscientiza\u00e7\u00e3o precoce no enfrentamento ao c\u00e2ncer.<\/p>\n\n\n\n<p>A diretora executiva do Instituto Peito Aberto, Sara Razzak, refor\u00e7ou o impacto positivo das a\u00e7\u00f5es de acolhimento e informa\u00e7\u00e3o no enfrentamento da doen\u00e7a.<\/p>\n\n\n\n<p>Participaram do encontro pela ACIAP: a presidente do CMEC e superintendente de projetos, Jacqueline Guimbala; a vice-presidente Marlene Janete Martins; e a diretora empresarial Sueli Manzan Ramos.<\/p>\n\n\n\n<p>Esse encontro refor\u00e7a o papel de Paranagu\u00e1 como protagonista em pautas sociais e de sa\u00fade p\u00fablica no estado, e marca mais um passo na constru\u00e7\u00e3o de pol\u00edticas eficazes que respeitam, protegem e empoderam as mulheres paranaenses.<\/p>\n\n\n\n<p>Assessoria<\/p>\n","protected":false},"excerpt":{"rendered":"<p>Nessa quinta-feira (8), a representatividade feminina parnanguara foi pauta de um importante encontro com a primeira-dama do estado do Paran\u00e1, Luciana Saito Massa, no Pal\u00e1cio Igua\u00e7u, em Curitiba. A agenda teve como foco o reconhecimento da atua\u00e7\u00e3o da primeira-dama em causas sociais e o fortalecimento do di\u00e1logo sobre pol\u00edticas p\u00fablicas voltadas \u00e0s mulheres, com \u00eanfase [&hellip;]<\/p>\n","protected":false},"author":2,"featured_media":66659,"comment_status":"open","ping_status":"open","sticky":false,"template":"","format":"standard","meta":{"advanced_seo_description":"","jetpack_seo_html_title":"","jetpack_seo_noindex":false,"_jetpack_memberships_contains_paid_content":false,"footnotes":""},"categories":[40,77],"tags":[321],"class_list":{"0":"post-66658","1":"post","2":"type-post","3":"status-publish","4":"format-standard","5":"has-post-thumbnail","7":"category-destaques","8":"category-paranagua","9":"tag-paranagua"},"jetpack_featured_media_url":"https:\/\/www.paranapraia.com.br\/wp-content\/uploads\/2025\/05\/thumb-2-1-scaled.jpg","jetpack_sharing_enabled":true,"_links":{"self":[{"href":"https:\/\/www.paranapraia.com.br\/index.php\/wp-json\/wp\/v2\/posts\/66658"}],"collection":[{"href":"https:\/\/www.paranapraia.com.br\/index.php\/wp-json\/wp\/v2\/posts"}],"about":[{"href":"https:\/\/www.paranapraia.com.br\/index.php\/wp-json\/wp\/v2\/types\/post"}],"author":[{"embeddable":true,"href":"https:\/\/www.paranapraia.com.br\/index.php\/wp-json\/wp\/v2\/users\/2"}],"replies":[{"embeddable":true,"href":"https:\/\/www.paranapraia.com.br\/index.php\/wp-json\/wp\/v2\/comments?post=66658"}],"version-history":[{"count":1,"href":"https:\/\/www.paranapraia.com.br\/index.php\/wp-json\/wp\/v2\/posts\/66658\/revisions"}],"predecessor-version":[{"id":66660,"href":"https:\/\/www.paranapraia.com.br\/index.php\/wp-json\/wp\/v2\/posts\/66658\/revisions\/66660"}],"wp:featuredmedia":[{"embeddable":true,"href":"https:\/\/www.paranapraia.com.br\/index.php\/wp-json\/wp\/v2\/media\/66659"}],"wp:attachment":[{"href":"https:\/\/www.paranapraia.com.br\/index.php\/wp-json\/wp\/v2\/media?parent=66658"}],"wp:term":[{"taxonomy":"category","embeddable":true,"href":"https:\/\/www.paranapraia.com.br\/index.php\/wp-json\/wp\/v2\/categories?post=66658"},{"taxonomy":"post_tag","embeddable":true,"href":"https:\/\/www.paranapraia.com.br\/index.php\/wp-json\/wp\/v2\/tags?post=66658"}],"curies":[{"name":"wp","href":"https:\/\/api.w.org\/{rel}","templated":true}]}}