{"id":66655,"date":"2025-05-09T14:44:47","date_gmt":"2025-05-09T17:44:47","guid":{"rendered":"https:\/\/www.paranapraia.com.br\/?p=66655"},"modified":"2025-05-09T14:44:50","modified_gmt":"2025-05-09T17:44:50","slug":"dia-d-imunizacao-contra-a-gripe-sera-aberta-a-toda-populacao-paranaense-neste-sabado","status":"publish","type":"post","link":"https:\/\/www.paranapraia.com.br\/index.php\/2025\/05\/09\/dia-d-imunizacao-contra-a-gripe-sera-aberta-a-toda-populacao-paranaense-neste-sabado\/","title":{"rendered":"Dia D: imuniza\u00e7\u00e3o contra a gripe ser\u00e1 aberta a toda popula\u00e7\u00e3o paranaense neste s\u00e1bado"},"content":{"rendered":"\n<p>O Dia D de Multivacina\u00e7\u00e3o, mobiliza\u00e7\u00e3o estadual para&nbsp;aumentar a cobertura vacinal e expandir a imunidade da popula\u00e7\u00e3o&nbsp;ser\u00e1 neste s\u00e1bado (10), a partir das 8 horas. A vacina contra a gripe (Influenza), atualmente direcionada pelo SUS somente para os grupos priorit\u00e1rios, ser\u00e1 liberada a partir desta data para a popula\u00e7\u00e3o em geral, com mais de seis meses de idade. Doses contra a&nbsp;Covid-19, febre amarela e&nbsp;sarampo, al\u00e9m das demais vacinas de rotina tamb\u00e9m estar\u00e3o dispon\u00edveis.<\/p>\n\n\n\n<p>A meta \u00e9 aplicar 300 mil doses na popula\u00e7\u00e3o durante o todo o dia, das 8 \u00e0s 17 horas, nas 1.543 salas abertas no Paran\u00e1.&nbsp; A iniciativa da Secretaria de Estado da Sa\u00fade (Sesa) tem a parceria do Conselho de Secretarias Municipais de Sa\u00fade do Paran\u00e1 (Cosems) e do Minist\u00e9rio da Sa\u00fade e acontece em simult\u00e2neo com o Dia D de vacina\u00e7\u00e3o contra a gripe, do governo federal. &nbsp;<\/p>\n\n\n\n<p>Os 11.825 profissionais da sa\u00fade engajados na a\u00e7\u00e3o atualizar\u00e3o os cart\u00f5es de vacinas&nbsp;de crian\u00e7as, adolescentes, adultos, idosos, gestantes e pu\u00e9rperas, com aplica\u00e7\u00e3o das&nbsp;vacinas dispon\u00edveis: Hepatite B, Pentavalente, Vacina Inativada Poliomielite (VIP), Pneumoc\u00f3cica 10 Valente, Meningoc\u00f3cica C, Meningoc\u00f3cica ACWY, Tr\u00edplice Viral (SCR), Varicela, Hepatite A, Febre Amarela, Rotav\u00edrus, HPV, DTP, DTPa.<\/p>\n\n\n\n<p><strong>COVID-19<\/strong>&nbsp;\u2013&nbsp;Poder\u00e3o receber a vacina contra a Covid-19 pessoas dos grupos priorit\u00e1rios definidos pelo Minist\u00e9rio da Sa\u00fade: residentes e trabalhadores de institui\u00e7\u00f5es de longa perman\u00eancia, pu\u00e9rperas, imunodeprimidos, trabalhadores de sa\u00fade, ribeirinho, quilombolas, ind\u00edgenas vivendo fora ou em terras ind\u00edgenas, pessoas com defici\u00eancia permanente, pessoas com comorbidades, pessoas em situa\u00e7\u00e3o de rua, popula\u00e7\u00e3o privada de liberdade, adolescentes cumprindo medidas socioeducativas e funcion\u00e1rios do sistema prisional a depender das doses presentes nos munic\u00edpios.<\/p>\n\n\n\n<p>J\u00e1 a Pfizer baby ser\u00e1 ofertada para crian\u00e7as menores de 5 anos de idade, a Pfizer pedi\u00e1trica para crian\u00e7as de 5 a 11 anos de idade com comorbidades ou que n\u00e3o receberam nenhuma dose anteriormente e o imunizante Moderna, para a popula\u00e7\u00e3o acima de 12 anos de idade pertencente aos grupos priorit\u00e1rios ou que n\u00e3o receberam a dose contra a Covid-19 anteriormente.<\/p>\n\n\n\n<p>\u201cConvocamos a popula\u00e7\u00e3o do Paran\u00e1 para mais um Dia D de vacina\u00e7\u00e3o, principalmente para a prote\u00e7\u00e3o contra a gripe, e enfatizar a relev\u00e2ncia de manter a vacina\u00e7\u00e3o em dia.&#8221; Com o suporte dos munic\u00edpios e a participa\u00e7\u00e3o ativa da popula\u00e7\u00e3o, vamos expandir nossa cobertura vacinal e intensificar a preven\u00e7\u00e3o de doen\u00e7as que podem ser evitadas&#8221;, afirma o secret\u00e1rio de Estado da Sa\u00fade, Beto Preto.<\/p>\n\n\n\n<p><strong>DENGUE<\/strong>&nbsp;\u2013 As cidades onde os adolescentes poder\u00e3o receber a vacina s\u00e3o pertencentes \u00e0s regionais de Paranagu\u00e1 (1\u00aa RS), Foz do Igua\u00e7u (9\u00aa RS), Cascavel (10\u00aa RS), Campo Mour\u00e3o (11\u00aa RS) Umuarama (12\u00aa RS), Paranava\u00ed&nbsp;(14\u00aa RS), Maring\u00e1 (15\u00aa RS), Apucarana (16\u00aa RS), Londrina (17\u00aa RS), Toledo (20\u00aa RS) e Ivaipor\u00e3 (22\u00aa RS).<\/p>\n\n\n\n<p><strong>HPV&nbsp;<\/strong>\u2013 A vacina contra o HPV \u00e9 recomendada para meninos e meninas de 9 a 14 anos, mas em car\u00e1ter excepcional, tamb\u00e9m ser\u00e1 disponibilizada para a faixa et\u00e1ria de 15 a 19 anos com dose \u00fanica. Esta vacina\u00e7\u00e3o ocorre neste momento de forma excepcional e tempor\u00e1ria.<\/p>\n\n\n\n<p><strong>DIA D&nbsp;<\/strong>\u2013 O Dia D conta ainda com o apoio da&nbsp;Secretaria de Estado da Educa\u00e7\u00e3o (Seed), &nbsp;Associa\u00e7\u00e3o das Associa\u00e7\u00f5es e Cons\u00f3rcios Municipais de Sa\u00fade (Acispar), Associa\u00e7\u00e3o dos Munic\u00edpios do Paran\u00e1 (AMP), Associa\u00e7\u00e3o Comercial do Paran\u00e1 (ACP),&nbsp;Conselho Estadual dos Direitos da Crian\u00e7a e do Adolescente (CEDCA-PR),&nbsp;APAES, escolas municipais e creches, entidades religiosas (cat\u00f3lica, evang\u00e9licas, entre outras), entidades do Sistema S, cooperativas, conselhos profissionais e entidades de classe.<\/p>\n\n\n\n<p>AEN<\/p>\n","protected":false},"excerpt":{"rendered":"<p>O Dia D de Multivacina\u00e7\u00e3o, mobiliza\u00e7\u00e3o estadual para&nbsp;aumentar a cobertura vacinal e expandir a imunidade da popula\u00e7\u00e3o&nbsp;ser\u00e1 neste s\u00e1bado (10), a partir das 8 horas. A vacina contra a gripe (Influenza), atualmente direcionada pelo SUS somente para os grupos priorit\u00e1rios, ser\u00e1 liberada a partir desta data para a popula\u00e7\u00e3o em geral, com mais de seis [&hellip;]<\/p>\n","protected":false},"author":2,"featured_media":66656,"comment_status":"open","ping_status":"open","sticky":false,"template":"","format":"standard","meta":{"advanced_seo_description":"","jetpack_seo_html_title":"","jetpack_seo_noindex":false,"_jetpack_memberships_contains_paid_content":false,"footnotes":""},"categories":[40,50],"tags":[319],"class_list":{"0":"post-66655","1":"post","2":"type-post","3":"status-publish","4":"format-standard","5":"has-post-thumbnail","7":"category-destaques","8":"category-saude","9":"tag-parana"},"jetpack_featured_media_url":"https:\/\/www.paranapraia.com.br\/wp-content\/uploads\/2025\/05\/dsc_0043_intramuscular_idoso-scaled.jpg","jetpack_sharing_enabled":true,"_links":{"self":[{"href":"https:\/\/www.paranapraia.com.br\/index.php\/wp-json\/wp\/v2\/posts\/66655"}],"collection":[{"href":"https:\/\/www.paranapraia.com.br\/index.php\/wp-json\/wp\/v2\/posts"}],"about":[{"href":"https:\/\/www.paranapraia.com.br\/index.php\/wp-json\/wp\/v2\/types\/post"}],"author":[{"embeddable":true,"href":"https:\/\/www.paranapraia.com.br\/index.php\/wp-json\/wp\/v2\/users\/2"}],"replies":[{"embeddable":true,"href":"https:\/\/www.paranapraia.com.br\/index.php\/wp-json\/wp\/v2\/comments?post=66655"}],"version-history":[{"count":1,"href":"https:\/\/www.paranapraia.com.br\/index.php\/wp-json\/wp\/v2\/posts\/66655\/revisions"}],"predecessor-version":[{"id":66657,"href":"https:\/\/www.paranapraia.com.br\/index.php\/wp-json\/wp\/v2\/posts\/66655\/revisions\/66657"}],"wp:featuredmedia":[{"embeddable":true,"href":"https:\/\/www.paranapraia.com.br\/index.php\/wp-json\/wp\/v2\/media\/66656"}],"wp:attachment":[{"href":"https:\/\/www.paranapraia.com.br\/index.php\/wp-json\/wp\/v2\/media?parent=66655"}],"wp:term":[{"taxonomy":"category","embeddable":true,"href":"https:\/\/www.paranapraia.com.br\/index.php\/wp-json\/wp\/v2\/categories?post=66655"},{"taxonomy":"post_tag","embeddable":true,"href":"https:\/\/www.paranapraia.com.br\/index.php\/wp-json\/wp\/v2\/tags?post=66655"}],"curies":[{"name":"wp","href":"https:\/\/api.w.org\/{rel}","templated":true}]}}