{"id":66652,"date":"2025-05-09T14:26:19","date_gmt":"2025-05-09T17:26:19","guid":{"rendered":"https:\/\/www.paranapraia.com.br\/?p=66652"},"modified":"2025-05-09T14:26:22","modified_gmt":"2025-05-09T17:26:22","slug":"prefeitura-faz-nova-pavimentacao-na-rua-major-ernani-vidal","status":"publish","type":"post","link":"https:\/\/www.paranapraia.com.br\/index.php\/2025\/05\/09\/prefeitura-faz-nova-pavimentacao-na-rua-major-ernani-vidal\/","title":{"rendered":"Prefeitura faz nova pavimenta\u00e7\u00e3o na Rua Major Ernani Vidal"},"content":{"rendered":"\n<p>A Secretaria Municipal de Obras P\u00fablicas (Semop) segue com o cronograma de fresagem e pavimenta\u00e7\u00e3o em diversas regi\u00f5es de Paranagu\u00e1. Nessa semana, uma das frentes de trabalho esteve na rua Major Ernani Vidal, no bairro Raia, que recebeu os servi\u00e7os de fresagem e aplica\u00e7\u00e3o de nova camada asf\u00e1ltica \u00e0 quente nessa quinta-feira (8).<\/p>\n\n\n\n<p>A a\u00e7\u00e3o faz parte do plano da gest\u00e3o do prefeito Adriano Ramos para garantir melhorias cont\u00ednuas na malha vi\u00e1ria da cidade, atendendo as necessidades de mobilidade e seguran\u00e7a para pedestres e motoristas.<\/p>\n\n\n\n<p>O secret\u00e1rio municipal de Obras, Ozeias Rebello, reafirmou o compromisso da atual administra\u00e7\u00e3o com a reestrutura\u00e7\u00e3o urbana. \u201cSeguimos atendendo as demandas do munic\u00edpio e estaremos dentro do cronograma, buscando atender as necessidades de todos os bairros da nossa cidade\u201d, declarou.<\/p>\n\n\n\n<p>Assessoria<\/p>\n","protected":false},"excerpt":{"rendered":"<p>A Secretaria Municipal de Obras P\u00fablicas (Semop) segue com o cronograma de fresagem e pavimenta\u00e7\u00e3o em diversas regi\u00f5es de Paranagu\u00e1. Nessa semana, uma das frentes de trabalho esteve na rua Major Ernani Vidal, no bairro Raia, que recebeu os servi\u00e7os de fresagem e aplica\u00e7\u00e3o de nova camada asf\u00e1ltica \u00e0 quente nessa quinta-feira (8). A a\u00e7\u00e3o [&hellip;]<\/p>\n","protected":false},"author":2,"featured_media":66653,"comment_status":"open","ping_status":"open","sticky":false,"template":"","format":"standard","meta":{"advanced_seo_description":"","jetpack_seo_html_title":"","jetpack_seo_noindex":false,"_jetpack_memberships_contains_paid_content":false,"footnotes":""},"categories":[40,77],"tags":[321],"class_list":{"0":"post-66652","1":"post","2":"type-post","3":"status-publish","4":"format-standard","5":"has-post-thumbnail","7":"category-destaques","8":"category-paranagua","9":"tag-paranagua"},"jetpack_featured_media_url":"https:\/\/www.paranapraia.com.br\/wp-content\/uploads\/2025\/05\/fffv-scaled.jpg","jetpack_sharing_enabled":true,"_links":{"self":[{"href":"https:\/\/www.paranapraia.com.br\/index.php\/wp-json\/wp\/v2\/posts\/66652"}],"collection":[{"href":"https:\/\/www.paranapraia.com.br\/index.php\/wp-json\/wp\/v2\/posts"}],"about":[{"href":"https:\/\/www.paranapraia.com.br\/index.php\/wp-json\/wp\/v2\/types\/post"}],"author":[{"embeddable":true,"href":"https:\/\/www.paranapraia.com.br\/index.php\/wp-json\/wp\/v2\/users\/2"}],"replies":[{"embeddable":true,"href":"https:\/\/www.paranapraia.com.br\/index.php\/wp-json\/wp\/v2\/comments?post=66652"}],"version-history":[{"count":1,"href":"https:\/\/www.paranapraia.com.br\/index.php\/wp-json\/wp\/v2\/posts\/66652\/revisions"}],"predecessor-version":[{"id":66654,"href":"https:\/\/www.paranapraia.com.br\/index.php\/wp-json\/wp\/v2\/posts\/66652\/revisions\/66654"}],"wp:featuredmedia":[{"embeddable":true,"href":"https:\/\/www.paranapraia.com.br\/index.php\/wp-json\/wp\/v2\/media\/66653"}],"wp:attachment":[{"href":"https:\/\/www.paranapraia.com.br\/index.php\/wp-json\/wp\/v2\/media?parent=66652"}],"wp:term":[{"taxonomy":"category","embeddable":true,"href":"https:\/\/www.paranapraia.com.br\/index.php\/wp-json\/wp\/v2\/categories?post=66652"},{"taxonomy":"post_tag","embeddable":true,"href":"https:\/\/www.paranapraia.com.br\/index.php\/wp-json\/wp\/v2\/tags?post=66652"}],"curies":[{"name":"wp","href":"https:\/\/api.w.org\/{rel}","templated":true}]}}