{"id":66649,"date":"2025-05-09T14:18:20","date_gmt":"2025-05-09T17:18:20","guid":{"rendered":"https:\/\/www.paranapraia.com.br\/?p=66649"},"modified":"2025-05-09T14:18:46","modified_gmt":"2025-05-09T17:18:46","slug":"portos-do-parana-investiu-r-35-milhoes-em-acoes-ambientais-e-socioambientais-em-2024","status":"publish","type":"post","link":"https:\/\/www.paranapraia.com.br\/index.php\/2025\/05\/09\/portos-do-parana-investiu-r-35-milhoes-em-acoes-ambientais-e-socioambientais-em-2024\/","title":{"rendered":"Portos do Paran\u00e1 investiu R$ 35 milh\u00f5es em a\u00e7\u00f5es ambientais e socioambientais em 2024"},"content":{"rendered":"\n<p>A Portos do Paran\u00e1 investiu R$ 35 milh\u00f5es em programas de meio ambiente e a\u00e7\u00f5es socioambientais em 2024. O valor representa um aumento de 18% em rela\u00e7\u00e3o ao destinado em 2023 (R$ 29,6 milh\u00f5es). Do total, aproximadamente R$ 20 milh\u00f5es foram aplicados diretamente em projetos voltados \u00e0s comunidades do litoral paranaense.<\/p>\n\n\n\n<p>Um dos principais destaques do ano foi o Programa de Recupera\u00e7\u00e3o de \u00c1reas Degradadas (PRAD), conclu\u00eddo em junho. A iniciativa recuperou 400 mil m\u00b2 de \u00e1rea florestal em Antonina \u2014 o equivalente a 40 hectares, ou 40 campos de futebol. Foram plantadas 55.719 mudas de 121 esp\u00e9cies nativas, como cedro, ip\u00ea-amarelo e ip\u00ea-roxo, al\u00e9m de \u00e1rvores frut\u00edferas nativas (ara\u00e7\u00e1, ju\u00e7ara, pitanga) e ex\u00f3ticas (laranja, lim\u00e3o, abacate, acerola).<\/p>\n\n\n\n<p>\u201cO PRAD \u00e9 uma parceria com pequenos agricultores e tem como objetivo o sequestro de carbono por meio da regenera\u00e7\u00e3o florestal. A a\u00e7\u00e3o amplia a biodiversidade, garante seguran\u00e7a alimentar e oferece novas perspectivas de renda \u00e0s fam\u00edlias participantes\u201d, afirmou o diretor de Meio Ambiente da Portos do Paran\u00e1, Jo\u00e3o Paulo Santana. Al\u00e9m disso, o programa contribui para a redu\u00e7\u00e3o do assoreamento na Ba\u00eda de Paranagu\u00e1, favorecendo a navega\u00e7\u00e3o.<\/p>\n\n\n\n<p>Outro destaque \u00e9 o Programa de Educa\u00e7\u00e3o Ambiental (PEA), que re\u00fane 11 projetos com enfoque socioambiental e incorpora pr\u00e1ticas da permacultura \u2013 que consiste no planejamento e na execu\u00e7\u00e3o de solu\u00e7\u00f5es que tornem as ocupa\u00e7\u00f5es humanas mais sustent\u00e1veis. Em 2023, mais de 1.300 pessoas foram beneficiadas em mais de 230 atividades.<\/p>\n\n\n\n<p>O PEA tamb\u00e9m oferece cursos profissionalizantes gratuitos. Em 2024, a primeira Oficina de Coleta e Despolpa de Ju\u00e7ara foi promovida para cerca de 80 moradores da comunidade da Ilha do Amparo, em Paranagu\u00e1. O objetivo \u00e9 fomentar a gera\u00e7\u00e3o de renda aliada \u00e0 conserva\u00e7\u00e3o ambiental. \u201c\u00c9 um momento de troca de saberes com a comunidade, onde mostramos novas formas de utilizar a palmeira ju\u00e7ara, at\u00e9 ent\u00e3o explorada apenas pelo palmito, condenando a esp\u00e9cie\u201d, destacou Santana.<\/p>\n\n\n\n<p>Tamb\u00e9m no \u00e2mbito do PEA, a Portos do Paran\u00e1 firmou parceria com a Universidade Federal do Paran\u00e1 (UFPR) para instalar sistemas ecol\u00f3gicos de tratamento de esgoto em 60 resid\u00eancias na Ilha de Eufrasina, atendendo 100% das casas dos moradores residentes comunidade.<\/p>\n\n\n\n<p>\u201cCada moradia recebe um projeto personalizado conforme suas caracter\u00edsticas\u201d, explicou o professor e coordenador do projeto pela UFPR, Fernando Armani. At\u00e9 o fim de 2024, 42 unidades j\u00e1 haviam recebido os sistemas. Pelo destaque em inova\u00e7\u00e3o e efici\u00eancia, o projeto Saneamento Ecol\u00f3gico foi premiado pela Revista Portos e Navios com o Pr\u00eamio Portos e Navios de Responsabilidade Socioambiental.<\/p>\n\n\n\n<p>Outros projetos relevantes incluem o \u201cSelo Verde\u201d e o \u201cCompostar para Cultivar\u201d. O primeiro funciona como um sistema de certifica\u00e7\u00e3o para com\u00e9rcios locais, incentivando boas pr\u00e1ticas de gest\u00e3o de res\u00edduos s\u00f3lidos. J\u00e1 o segundo promove a compostagem como alternativa sustent\u00e1vel para res\u00edduos org\u00e2nicos em comunidades isoladas.<\/p>\n\n\n\n<p>Desde 2021, foram instaladas composteiras nas duas escolas da Ilha do Mel e em uma escola estadual na Ilha dos Valadares. Em 2025, o projeto ser\u00e1 expandido para as comunidades do Amparo, Pia\u00e7aguera, Eufrasina e Ilha do Teixeira. Estima-se que mais de tr\u00eas toneladas de res\u00edduos da merenda escolar deixem de ser enviadas ao aterro sanit\u00e1rio por ano.<\/p>\n\n\n\n<p><strong>MONITORAMENTO CONT\u00cdNUO<\/strong>&nbsp;\u2013 Os programas de meio ambiente incluem ainda o monitoramento trimestral da qualidade da \u00e1gua, sedimentos e biota aqu\u00e1tica no complexo estuarino de Paranagu\u00e1, realizado desde 2014.<\/p>\n\n\n\n<p><strong>COMPENSA\u00c7\u00d5ES AMBIENTAIS<\/strong>&nbsp;\u2013 Como medida compensat\u00f3ria pelas obras de dragagem de aprofundamento, a Portos do Paran\u00e1 j\u00e1 construiu 13 trapiches em comunidades das ba\u00edas de Paranagu\u00e1 e Antonina. Em 2025, est\u00e1 previsto o in\u00edcio da execu\u00e7\u00e3o do projeto de mais uma estrutura em Pontal do Sul.<\/p>\n\n\n\n<p><strong>COMPROMISSO COM OS ODS<\/strong>&nbsp;\u2013 A Portos do Paran\u00e1 segue comprometida com os 17 Objetivos de Desenvolvimento Sustent\u00e1vel da ONU. As a\u00e7\u00f5es em andamento est\u00e3o alinhadas especialmente aos seguintes ODS: ODS 3 \u2013 Sa\u00fade e Bem-Estar;&nbsp;ODS 6 \u2013 \u00c1gua Pot\u00e1vel e Saneamento;&nbsp;ODS 7 \u2013 Energia Limpa e Acess\u00edvel;&nbsp;ODS 8 \u2013 Trabalho Decente e Crescimento Econ\u00f4mico;&nbsp;ODS 9 \u2013 Ind\u00fastria, Inova\u00e7\u00e3o e Infraestrutura;&nbsp;ODS 11 \u2013 Cidades e Comunidades Sustent\u00e1veis;&nbsp;ODS 13 \u2013 A\u00e7\u00e3o contra a Mudan\u00e7a Global do Clima;&nbsp;ODS 14 \u2013 Vida na \u00c1gua e ODS 15 \u2013 Vida Terrestre.<\/p>\n\n\n\n<p>AEN<\/p>\n","protected":false},"excerpt":{"rendered":"<p>A Portos do Paran\u00e1 investiu R$ 35 milh\u00f5es em programas de meio ambiente e a\u00e7\u00f5es socioambientais em 2024. O valor representa um aumento de 18% em rela\u00e7\u00e3o ao destinado em 2023 (R$ 29,6 milh\u00f5es). Do total, aproximadamente R$ 20 milh\u00f5es foram aplicados diretamente em projetos voltados \u00e0s comunidades do litoral paranaense. Um dos principais destaques [&hellip;]<\/p>\n","protected":false},"author":2,"featured_media":66650,"comment_status":"open","ping_status":"open","sticky":false,"template":"","format":"standard","meta":{"advanced_seo_description":"","jetpack_seo_html_title":"","jetpack_seo_noindex":false,"_jetpack_memberships_contains_paid_content":false,"footnotes":""},"categories":[40,77,74],"tags":[321],"class_list":{"0":"post-66649","1":"post","2":"type-post","3":"status-publish","4":"format-standard","5":"has-post-thumbnail","7":"category-destaques","8":"category-paranagua","9":"category-setor-portuario","10":"tag-paranagua"},"jetpack_featured_media_url":"https:\/\/www.paranapraia.com.br\/wp-content\/uploads\/2025\/05\/oficina_acai_jucara_2024_-scaled.jpg","jetpack_sharing_enabled":true,"_links":{"self":[{"href":"https:\/\/www.paranapraia.com.br\/index.php\/wp-json\/wp\/v2\/posts\/66649"}],"collection":[{"href":"https:\/\/www.paranapraia.com.br\/index.php\/wp-json\/wp\/v2\/posts"}],"about":[{"href":"https:\/\/www.paranapraia.com.br\/index.php\/wp-json\/wp\/v2\/types\/post"}],"author":[{"embeddable":true,"href":"https:\/\/www.paranapraia.com.br\/index.php\/wp-json\/wp\/v2\/users\/2"}],"replies":[{"embeddable":true,"href":"https:\/\/www.paranapraia.com.br\/index.php\/wp-json\/wp\/v2\/comments?post=66649"}],"version-history":[{"count":1,"href":"https:\/\/www.paranapraia.com.br\/index.php\/wp-json\/wp\/v2\/posts\/66649\/revisions"}],"predecessor-version":[{"id":66651,"href":"https:\/\/www.paranapraia.com.br\/index.php\/wp-json\/wp\/v2\/posts\/66649\/revisions\/66651"}],"wp:featuredmedia":[{"embeddable":true,"href":"https:\/\/www.paranapraia.com.br\/index.php\/wp-json\/wp\/v2\/media\/66650"}],"wp:attachment":[{"href":"https:\/\/www.paranapraia.com.br\/index.php\/wp-json\/wp\/v2\/media?parent=66649"}],"wp:term":[{"taxonomy":"category","embeddable":true,"href":"https:\/\/www.paranapraia.com.br\/index.php\/wp-json\/wp\/v2\/categories?post=66649"},{"taxonomy":"post_tag","embeddable":true,"href":"https:\/\/www.paranapraia.com.br\/index.php\/wp-json\/wp\/v2\/tags?post=66649"}],"curies":[{"name":"wp","href":"https:\/\/api.w.org\/{rel}","templated":true}]}}