{"id":66638,"date":"2025-05-09T13:30:34","date_gmt":"2025-05-09T16:30:34","guid":{"rendered":"https:\/\/www.paranapraia.com.br\/?p=66638"},"modified":"2025-05-09T13:44:10","modified_gmt":"2025-05-09T16:44:10","slug":"paranagua-promove-a-18a-semana-do-meio-ambiente-com-foco-na-conscientizacao-ecologica","status":"publish","type":"post","link":"https:\/\/www.paranapraia.com.br\/index.php\/2025\/05\/09\/paranagua-promove-a-18a-semana-do-meio-ambiente-com-foco-na-conscientizacao-ecologica\/","title":{"rendered":"Paranagu\u00e1 promove a 18\u00aa Semana do Meio Ambiente com foco na conscientiza\u00e7\u00e3o ecol\u00f3gica"},"content":{"rendered":"\n<p>A Prefeitura de Paranagu\u00e1, por meio da Secretaria Municipal de Meio Ambiente (Semma), realizar\u00e1 de 2 a 6 de junho, a 18\u00aa edi\u00e7\u00e3o da Semana do Meio Ambiente. O evento, com abertura marcada para \u00e0s 14h na Arena Albertina Salmon, tem como tema \u201cResponsabilidade ambiental, um compromisso de todos!\u201d e contar\u00e1 com uma s\u00e9rie de atividades voltadas \u00e0 educa\u00e7\u00e3o e \u00e0 conscientiza\u00e7\u00e3o ambiental.<\/p>\n\n\n\n<p>O prefeito Adriano Ramos destacou a import\u00e2ncia da iniciativa, ressaltando o envolvimento de escolas, secretarias e empresas locais. \u201c\u00c9 uma oportunidade para que a popula\u00e7\u00e3o conhe\u00e7a as a\u00e7\u00f5es desenvolvidas pela Secretaria de Meio Ambiente e seus parceiros. A participa\u00e7\u00e3o dos alunos das escolas \u00e9 fundamental para despertar o respeito pelo meio em que vivemos\u201d, afirmou.<\/p>\n\n\n\n<p>O secret\u00e1rio de Meio Ambiente, Dahir Elias Fadel J\u00fanior, reuniu-se com representantes de diversos setores para definir a programa\u00e7\u00e3o do evento. Segundo ele, a proposta \u00e9 mobilizar a comunidade em torno da preserva\u00e7\u00e3o ambiental, promovendo o engajamento de diferentes segmentos da sociedade: \u201cEsse evento pretende sensibilizar a popula\u00e7\u00e3o sobre a import\u00e2ncia do meio ambiente, da educa\u00e7\u00e3o ambiental, das melhorias que ser\u00e3o apresentadas atrav\u00e9s das nossas boas a\u00e7\u00f5es. Convocamos desde j\u00e1 as crian\u00e7as das escolas, onde v\u00e1rias empresas estar\u00e3o abordando temas relativos ao meio ambiente, a educa\u00e7\u00e3o ambiental e boas pr\u00e1ticas ambientais como o descarte regular e a separa\u00e7\u00e3o dos res\u00edduos, cujas a\u00e7\u00f5es trar\u00e3o benef\u00edcios \u00e0 popula\u00e7\u00e3o reduzindo o lixo que vai ao aterro e res\u00edduos contribuindo com a sa\u00fade p\u00fablica\u201d, finaliza o secret\u00e1rio.<\/p>\n\n\n\n<p>A Semana do Meio Ambiente ser\u00e1 realizada em parceria com outras secretarias municipais e empresas da cidade oferecendo estandes, exposi\u00e7\u00f5es e atividades educativas voltadas \u00e0 sustentabilidade. A entrada \u00e9 gratuita e aberta a toda a popula\u00e7\u00e3o.<\/p>\n\n\n\n<p>Assessoria<\/p>\n","protected":false},"excerpt":{"rendered":"<p>A Prefeitura de Paranagu\u00e1, por meio da Secretaria Municipal de Meio Ambiente (Semma), realizar\u00e1 de 2 a 6 de junho, a 18\u00aa edi\u00e7\u00e3o da Semana do Meio Ambiente. O evento, com abertura marcada para \u00e0s 14h na Arena Albertina Salmon, tem como tema \u201cResponsabilidade ambiental, um compromisso de todos!\u201d e contar\u00e1 com uma s\u00e9rie de [&hellip;]<\/p>\n","protected":false},"author":2,"featured_media":66639,"comment_status":"open","ping_status":"open","sticky":false,"template":"","format":"standard","meta":{"advanced_seo_description":"","jetpack_seo_html_title":"","jetpack_seo_noindex":false,"_jetpack_memberships_contains_paid_content":false,"footnotes":""},"categories":[40,77],"tags":[321],"class_list":{"0":"post-66638","1":"post","2":"type-post","3":"status-publish","4":"format-standard","5":"has-post-thumbnail","7":"category-destaques","8":"category-paranagua","9":"tag-paranagua"},"jetpack_featured_media_url":"https:\/\/www.paranapraia.com.br\/wp-content\/uploads\/2025\/05\/thumb-1-1-scaled.jpg","jetpack_sharing_enabled":true,"_links":{"self":[{"href":"https:\/\/www.paranapraia.com.br\/index.php\/wp-json\/wp\/v2\/posts\/66638"}],"collection":[{"href":"https:\/\/www.paranapraia.com.br\/index.php\/wp-json\/wp\/v2\/posts"}],"about":[{"href":"https:\/\/www.paranapraia.com.br\/index.php\/wp-json\/wp\/v2\/types\/post"}],"author":[{"embeddable":true,"href":"https:\/\/www.paranapraia.com.br\/index.php\/wp-json\/wp\/v2\/users\/2"}],"replies":[{"embeddable":true,"href":"https:\/\/www.paranapraia.com.br\/index.php\/wp-json\/wp\/v2\/comments?post=66638"}],"version-history":[{"count":1,"href":"https:\/\/www.paranapraia.com.br\/index.php\/wp-json\/wp\/v2\/posts\/66638\/revisions"}],"predecessor-version":[{"id":66640,"href":"https:\/\/www.paranapraia.com.br\/index.php\/wp-json\/wp\/v2\/posts\/66638\/revisions\/66640"}],"wp:featuredmedia":[{"embeddable":true,"href":"https:\/\/www.paranapraia.com.br\/index.php\/wp-json\/wp\/v2\/media\/66639"}],"wp:attachment":[{"href":"https:\/\/www.paranapraia.com.br\/index.php\/wp-json\/wp\/v2\/media?parent=66638"}],"wp:term":[{"taxonomy":"category","embeddable":true,"href":"https:\/\/www.paranapraia.com.br\/index.php\/wp-json\/wp\/v2\/categories?post=66638"},{"taxonomy":"post_tag","embeddable":true,"href":"https:\/\/www.paranapraia.com.br\/index.php\/wp-json\/wp\/v2\/tags?post=66638"}],"curies":[{"name":"wp","href":"https:\/\/api.w.org\/{rel}","templated":true}]}}