{"id":66635,"date":"2025-05-09T11:42:18","date_gmt":"2025-05-09T14:42:18","guid":{"rendered":"https:\/\/www.paranapraia.com.br\/?p=66635"},"modified":"2025-05-09T11:42:21","modified_gmt":"2025-05-09T14:42:21","slug":"curso-de-libras-avanca-na-capacitacao-de-servidores-publicos-em-pontal-do-parana","status":"publish","type":"post","link":"https:\/\/www.paranapraia.com.br\/index.php\/2025\/05\/09\/curso-de-libras-avanca-na-capacitacao-de-servidores-publicos-em-pontal-do-parana\/","title":{"rendered":"Curso de Libras avan\u00e7a na capacita\u00e7\u00e3o de servidores p\u00fablicos em Pontal do Paran\u00e1"},"content":{"rendered":"\n<p>A Prefeitura de Pontal do Paran\u00e1 realiza a segunda edi\u00e7\u00e3o do Curso B\u00e1sico de L\u00edngua Brasileira de Sinais (Libras), destinado a servidores p\u00fablicos. As aulas ocorrem \u00e0s quintas-feiras, das 8h \u00e0s 10h, totalmente gratuito e com carga hor\u00e1ria total de 40 horas e participa\u00e7\u00e3o de 36 alunos.<\/p>\n\n\n\n<p>O curso \u00e9 ministrado pela professora e int\u00e9rprete \u00c9rica \u00c1urea, servidora p\u00fablica e idealizadora da iniciativa. A atividade integra o programa da \u201cEscola de Governo\u201d e tem como foco o atendimento institucional, principalmente em situa\u00e7\u00f5es que envolvem servidores ou usu\u00e1rios surdos.<\/p>\n\n\n\n<p>Libras \u00e9 a l\u00edngua visual-motora utilizada pela comunidade surda no Brasil, com estrutura gramatical pr\u00f3pria. Reconhecida por lei como meio legal de comunica\u00e7\u00e3o, ela est\u00e1 presente em diferentes \u00e1reas, como sa\u00fade, educa\u00e7\u00e3o e servi\u00e7os p\u00fablicos.<\/p>\n\n\n\n<p>\u201cA proposta da forma\u00e7\u00e3o \u00e9 ampliar a capacidade de di\u00e1logo entre os setores da Prefeitura de Pontal do Paran\u00e1 por meio do ensino dos sinais e de pr\u00e1ticas funcionais aplicadas \u00e0 rotina administrativa\u201d, relata a professora.<\/p>\n\n\n\n<p>A Lei n\u00ba 10.436\/2002 reconhece a Libras como l\u00edngua oficial do Brasil, o que marca a import\u00e2ncia de sua inclus\u00e3o e acesso.<\/p>\n\n\n\n<p>A forma\u00e7\u00e3o segue at\u00e9 o cumprimento da carga hor\u00e1ria, com conte\u00fados voltados ao uso pr\u00e1tico da Libras no ambiente de trabalho.<\/p>\n\n\n\n<p>Fotos: Prefeitura de Pontal do Paran\u00e1\/ Clovis Santos.<\/p>\n","protected":false},"excerpt":{"rendered":"<p>A Prefeitura de Pontal do Paran\u00e1 realiza a segunda edi\u00e7\u00e3o do Curso B\u00e1sico de L\u00edngua Brasileira de Sinais (Libras), destinado a servidores p\u00fablicos. As aulas ocorrem \u00e0s quintas-feiras, das 8h \u00e0s 10h, totalmente gratuito e com carga hor\u00e1ria total de 40 horas e participa\u00e7\u00e3o de 36 alunos. O curso \u00e9 ministrado pela professora e int\u00e9rprete [&hellip;]<\/p>\n","protected":false},"author":2,"featured_media":66636,"comment_status":"open","ping_status":"open","sticky":false,"template":"","format":"standard","meta":{"advanced_seo_description":"","jetpack_seo_html_title":"","jetpack_seo_noindex":false,"_jetpack_memberships_contains_paid_content":false,"footnotes":""},"categories":[65],"tags":[567,1194,318],"class_list":{"0":"post-66635","1":"post","2":"type-post","3":"status-publish","4":"format-standard","5":"has-post-thumbnail","7":"category-pontal-do-parana","8":"tag-curso","9":"tag-libras","10":"tag-pontal-do-parana"},"jetpack_featured_media_url":"https:\/\/www.paranapraia.com.br\/wp-content\/uploads\/2025\/05\/FB_IMG_1746801519009-scaled.jpg","jetpack_sharing_enabled":true,"_links":{"self":[{"href":"https:\/\/www.paranapraia.com.br\/index.php\/wp-json\/wp\/v2\/posts\/66635"}],"collection":[{"href":"https:\/\/www.paranapraia.com.br\/index.php\/wp-json\/wp\/v2\/posts"}],"about":[{"href":"https:\/\/www.paranapraia.com.br\/index.php\/wp-json\/wp\/v2\/types\/post"}],"author":[{"embeddable":true,"href":"https:\/\/www.paranapraia.com.br\/index.php\/wp-json\/wp\/v2\/users\/2"}],"replies":[{"embeddable":true,"href":"https:\/\/www.paranapraia.com.br\/index.php\/wp-json\/wp\/v2\/comments?post=66635"}],"version-history":[{"count":1,"href":"https:\/\/www.paranapraia.com.br\/index.php\/wp-json\/wp\/v2\/posts\/66635\/revisions"}],"predecessor-version":[{"id":66637,"href":"https:\/\/www.paranapraia.com.br\/index.php\/wp-json\/wp\/v2\/posts\/66635\/revisions\/66637"}],"wp:featuredmedia":[{"embeddable":true,"href":"https:\/\/www.paranapraia.com.br\/index.php\/wp-json\/wp\/v2\/media\/66636"}],"wp:attachment":[{"href":"https:\/\/www.paranapraia.com.br\/index.php\/wp-json\/wp\/v2\/media?parent=66635"}],"wp:term":[{"taxonomy":"category","embeddable":true,"href":"https:\/\/www.paranapraia.com.br\/index.php\/wp-json\/wp\/v2\/categories?post=66635"},{"taxonomy":"post_tag","embeddable":true,"href":"https:\/\/www.paranapraia.com.br\/index.php\/wp-json\/wp\/v2\/tags?post=66635"}],"curies":[{"name":"wp","href":"https:\/\/api.w.org\/{rel}","templated":true}]}}