{"id":66627,"date":"2025-05-08T20:46:47","date_gmt":"2025-05-08T23:46:47","guid":{"rendered":"https:\/\/www.paranapraia.com.br\/?p=66627"},"modified":"2025-05-08T20:46:50","modified_gmt":"2025-05-08T23:46:50","slug":"apos-calor-intenso-temporais-vao-causar-mudanca-brusca-na-temperatura-do-parana","status":"publish","type":"post","link":"https:\/\/www.paranapraia.com.br\/index.php\/2025\/05\/08\/apos-calor-intenso-temporais-vao-causar-mudanca-brusca-na-temperatura-do-parana\/","title":{"rendered":"Ap\u00f3s calor intenso, temporais v\u00e3o causar mudan\u00e7a brusca na temperatura do Paran\u00e1"},"content":{"rendered":"\n<p>O fim de semana ter\u00e1 um pouco das quatro esta\u00e7\u00f5es no Paran\u00e1. A sexta-feira (09) ser\u00e1 de calor intenso. O s\u00e1bado (10) ter\u00e1 temporais e logo em seguida o frio volta ao Estado, com previs\u00e3o inclusive de geada domingo (11). Tudo isso ocorre devido a passagem de uma intensa frente fria, que far\u00e1 as temperaturas m\u00e1ximas acima de 30\u00b0C do fim da tarde de sexta irem para 20\u00b0C no fim da tarde de domingo em v\u00e1rias regi\u00f5es paranaenses.&nbsp;<\/p>\n\n\n\n<p>De acordo com o Sistema de Tecnologia e Monitoramento Ambiental do Paran\u00e1 (Simepar), na sexta-feira pela manh\u00e3 as tempestades associadas \u00e0 frente fria atuam sobre as regi\u00f5es Oeste, Sudoeste e Sul do Estado com previs\u00e3o de chuva intensa, muitas trovoadas e rajadas de vento severas, que poder\u00e3o ultrapassar os 70 km\/h. Nestas regi\u00f5es, somente na sexta o acumulado previsto de chuva \u00e9 de 20 a 40mm.&nbsp;<\/p>\n\n\n\n<p>\u201cEntre a tarde e \u00e0 noite, a frente fria avan\u00e7a para as demais regi\u00f5es paranaenses, por\u00e9m a intensidade dos temporais ser\u00e1 menor. Mesmo assim, h\u00e1 previs\u00e3o de chuva intensa e r\u00e1pida com trovoadas e rajadas moderadas a fortes\u201d, afirma Reinaldo Kneib, meteorologista do Simepar.<\/p>\n\n\n\n<p>Antes da chegada da chuva, faz muito calor e o vento fica persistente, com intensidade moderada. Na Capital, na sexta-feira, a previs\u00e3o \u00e9 de temperaturas entre 17\u00b0C a 27\u00b0C; em Antonina de 18\u00b0C a 31\u00b0C; em Prudent\u00f3polis de 15\u00b0C a 26\u00b0C; em C\u00e9u Azul de 20\u00b0C a 29\u00b0C; em Apucarana de 18\u00b0C a 28\u00b0C; em Wenceslau Braz de 17\u00b0C a 28\u00b0C; e em Nova Londrina de 21\u00b0C a 31\u00b0C.&nbsp;&nbsp;<\/p>\n\n\n\n<p><strong>S\u00c1BADO<\/strong>&nbsp;\u2013 A chuva continua na madrugada e manh\u00e3 de s\u00e1bado com raios e rajadas de vento nos Campos Gerais e Norte do Paran\u00e1. \u201cNo Leste, Regi\u00e3o Metropolitana de Curitiba e Litoral as chuvas se estendem at\u00e9 a tarde com potencial para ocorr\u00eancia de chuva intensa e raios. Ser\u00e3o aproximadamente 20mm\u201d, ressalta Kneib.<\/p>\n\n\n\n<p>A chuva j\u00e1 refresca as temperaturas no s\u00e1bado. Em Piraquara a previs\u00e3o \u00e9 de 12\u00b0C a 21\u00b0C; em Morretes de 13\u00b0C a 22\u00b0C; em Guarapuava de 14\u00b0C a 23\u00b0C; em C\u00e9u Azul de 15\u00b0C a 24\u00b0C; em Jandaia do Sul de 19\u00b0C a 24\u00b0C; em Londrina de 18\u00b0C a 25\u00b0C; e em Nova Londrina de 20\u00b0C a 26\u00b0C.<\/p>\n\n\n\n<p><strong>DOMINGO&nbsp;<\/strong>\u2013&nbsp;No Dia das M\u00e3es o tempo volta a ficar est\u00e1vel, por\u00e9m com as temperaturas mais baixas. \u201cA aproxima\u00e7\u00e3o de uma massa de ar frio derruba as temperaturas e deixa o amanhecer frio desde o extremo Oeste at\u00e9 o Litoral. Na RMC e Litoral, ventos \u00famidos sopram do mar a regi\u00e3o e mant\u00eam as nuvens presentes com possibilidade de garoa de forma ocasional e temperaturas amenas \u00e0 tarde\u201d, explica Kneib.<\/p>\n\n\n\n<p>H\u00e1 potencial para geada fraca na regi\u00e3o de General Carneiro e Palmas no domingo. \u00c9 a primeira previs\u00e3o de geada no Paran\u00e1 desde o in\u00edcio do servi\u00e7o do Alerta Geadas na segunda-feira (05\/05). O servi\u00e7o \u00e9 uma parceria entre o Instituto de Desenvolvimento Rural (IDR) e o Simepar e funciona desde 1995.<\/p>\n\n\n\n<p>Em Fazenda Rio Grande no domingo as temperaturas ficam entre 11\u00b0C e 17\u00b0C; em Morretes de 13\u00b0C a 17\u00b0C; em Palmas de 7\u00b0C a 20\u00b0C; Foz do Igua\u00e7u de 13\u00b0C a 24\u00b0C; em Apucarana de 15\u00b0C a 24\u00b0C; em Cambar\u00e1 de 17\u00b0C a 24\u00b0C; e em Umuarama de 16\u00b0C a 26\u00b0C.<\/p>\n\n\n\n<p><strong>PR\u00d3XIMA SEMANA<\/strong>\u00a0\u2013 Na pr\u00f3xima semana as caracter\u00edsticas de outono voltam a ser comuns em boa parte do Paran\u00e1: amanhecer frio, e tardes com temperaturas mais agrad\u00e1veis. Na regi\u00e3o Leste do Paran\u00e1, entretanto, as temperaturas ficar\u00e3o um pouco mais baixas. Em Curitiba, na segunda-feira, a previs\u00e3o \u00e9 de temperaturas entre 12\u00b0C e 18\u00b0C, apenas, subindo gradativamente ao longo dos dias da semana.<\/p>\n\n\n\n<p>AEN<\/p>\n","protected":false},"excerpt":{"rendered":"<p>O fim de semana ter\u00e1 um pouco das quatro esta\u00e7\u00f5es no Paran\u00e1. A sexta-feira (09) ser\u00e1 de calor intenso. O s\u00e1bado (10) ter\u00e1 temporais e logo em seguida o frio volta ao Estado, com previs\u00e3o inclusive de geada domingo (11). Tudo isso ocorre devido a passagem de uma intensa frente fria, que far\u00e1 as temperaturas [&hellip;]<\/p>\n","protected":false},"author":2,"featured_media":66628,"comment_status":"open","ping_status":"open","sticky":false,"template":"","format":"standard","meta":{"advanced_seo_description":"","jetpack_seo_html_title":"","jetpack_seo_noindex":false,"_jetpack_memberships_contains_paid_content":false,"footnotes":""},"categories":[40],"tags":[319],"class_list":{"0":"post-66627","1":"post","2":"type-post","3":"status-publish","4":"format-standard","5":"has-post-thumbnail","7":"category-destaques","8":"tag-parana"},"jetpack_featured_media_url":"https:\/\/www.paranapraia.com.br\/wp-content\/uploads\/2025\/05\/20210816_agb_chuva-5-scaled.jpg","jetpack_sharing_enabled":true,"_links":{"self":[{"href":"https:\/\/www.paranapraia.com.br\/index.php\/wp-json\/wp\/v2\/posts\/66627"}],"collection":[{"href":"https:\/\/www.paranapraia.com.br\/index.php\/wp-json\/wp\/v2\/posts"}],"about":[{"href":"https:\/\/www.paranapraia.com.br\/index.php\/wp-json\/wp\/v2\/types\/post"}],"author":[{"embeddable":true,"href":"https:\/\/www.paranapraia.com.br\/index.php\/wp-json\/wp\/v2\/users\/2"}],"replies":[{"embeddable":true,"href":"https:\/\/www.paranapraia.com.br\/index.php\/wp-json\/wp\/v2\/comments?post=66627"}],"version-history":[{"count":1,"href":"https:\/\/www.paranapraia.com.br\/index.php\/wp-json\/wp\/v2\/posts\/66627\/revisions"}],"predecessor-version":[{"id":66629,"href":"https:\/\/www.paranapraia.com.br\/index.php\/wp-json\/wp\/v2\/posts\/66627\/revisions\/66629"}],"wp:featuredmedia":[{"embeddable":true,"href":"https:\/\/www.paranapraia.com.br\/index.php\/wp-json\/wp\/v2\/media\/66628"}],"wp:attachment":[{"href":"https:\/\/www.paranapraia.com.br\/index.php\/wp-json\/wp\/v2\/media?parent=66627"}],"wp:term":[{"taxonomy":"category","embeddable":true,"href":"https:\/\/www.paranapraia.com.br\/index.php\/wp-json\/wp\/v2\/categories?post=66627"},{"taxonomy":"post_tag","embeddable":true,"href":"https:\/\/www.paranapraia.com.br\/index.php\/wp-json\/wp\/v2\/tags?post=66627"}],"curies":[{"name":"wp","href":"https:\/\/api.w.org\/{rel}","templated":true}]}}