{"id":66624,"date":"2025-05-08T18:34:27","date_gmt":"2025-05-08T21:34:27","guid":{"rendered":"https:\/\/www.paranapraia.com.br\/?p=66624"},"modified":"2025-05-08T18:34:29","modified_gmt":"2025-05-08T21:34:29","slug":"abertura-oficial-da-campanha-do-maio-amarelo-2025-acontece-na-segunda-feira-12-em-paranagua","status":"publish","type":"post","link":"https:\/\/www.paranapraia.com.br\/index.php\/2025\/05\/08\/abertura-oficial-da-campanha-do-maio-amarelo-2025-acontece-na-segunda-feira-12-em-paranagua\/","title":{"rendered":"Abertura Oficial da Campanha do Maio Amarelo 2025 acontece na segunda-feira (12) em Paranagu\u00e1"},"content":{"rendered":"\n<p>A Prefeitura de Paranagu\u00e1 por meio da Superintend\u00eancia Municipal de Tr\u00e2nsito da Secretaria Municipal de Seguran\u00e7a (Semseg) realiza na pr\u00f3xima segunda-feira (12), a abertura oficial da Campanha do Maio Amarelo 2025, que esse ano ter\u00e1 como tema: Mobilidade Humana, Responsabilidade Humana.<\/p>\n\n\n\n<p>A solenidade inicia \u00e0s 16h no Palco Tut\u00f3ia. Segundo a organiza\u00e7\u00e3o, haver\u00e1 apresenta\u00e7\u00e3o da Banda do Corpo de Bombeiros, orienta\u00e7\u00f5es para a seguran\u00e7a no tr\u00e2nsito e presen\u00e7a de autoridades.<\/p>\n\n\n\n<p>O Maio Amarelo \u00e9 um movimento internacional de conscientiza\u00e7\u00e3o para redu\u00e7\u00e3o de sinistros de tr\u00e2nsito. A iniciativa tem como objetivo conscientizar a comunidade sobre a import\u00e2ncia da seguran\u00e7a, promovendo a\u00e7\u00f5es educativas e de mobiliza\u00e7\u00e3o social em prol da vida.<\/p>\n\n\n\n<p><strong>Servi\u00e7o<\/strong><\/p>\n\n\n\n<p>Tema: Abertura Oficial da Campanha do Maio Amarelo 2025<\/p>\n\n\n\n<p>Data: 12\/05\/2025<\/p>\n\n\n\n<p>Hora: 16h<\/p>\n\n\n\n<p>Local: Palco Tut\u00f3ia<\/p>\n\n\n\n<p>Assessoria <\/p>\n","protected":false},"excerpt":{"rendered":"<p>A Prefeitura de Paranagu\u00e1 por meio da Superintend\u00eancia Municipal de Tr\u00e2nsito da Secretaria Municipal de Seguran\u00e7a (Semseg) realiza na pr\u00f3xima segunda-feira (12), a abertura oficial da Campanha do Maio Amarelo 2025, que esse ano ter\u00e1 como tema: Mobilidade Humana, Responsabilidade Humana. A solenidade inicia \u00e0s 16h no Palco Tut\u00f3ia. Segundo a organiza\u00e7\u00e3o, haver\u00e1 apresenta\u00e7\u00e3o da [&hellip;]<\/p>\n","protected":false},"author":2,"featured_media":66625,"comment_status":"open","ping_status":"open","sticky":false,"template":"","format":"standard","meta":{"advanced_seo_description":"","jetpack_seo_html_title":"","jetpack_seo_noindex":false,"_jetpack_memberships_contains_paid_content":false,"footnotes":""},"categories":[77],"tags":[321],"class_list":{"0":"post-66624","1":"post","2":"type-post","3":"status-publish","4":"format-standard","5":"has-post-thumbnail","7":"category-paranagua","8":"tag-paranagua"},"jetpack_featured_media_url":"https:\/\/www.paranapraia.com.br\/wp-content\/uploads\/2025\/05\/thumb-2025-05-08T183310.512-scaled.jpeg","jetpack_sharing_enabled":true,"_links":{"self":[{"href":"https:\/\/www.paranapraia.com.br\/index.php\/wp-json\/wp\/v2\/posts\/66624"}],"collection":[{"href":"https:\/\/www.paranapraia.com.br\/index.php\/wp-json\/wp\/v2\/posts"}],"about":[{"href":"https:\/\/www.paranapraia.com.br\/index.php\/wp-json\/wp\/v2\/types\/post"}],"author":[{"embeddable":true,"href":"https:\/\/www.paranapraia.com.br\/index.php\/wp-json\/wp\/v2\/users\/2"}],"replies":[{"embeddable":true,"href":"https:\/\/www.paranapraia.com.br\/index.php\/wp-json\/wp\/v2\/comments?post=66624"}],"version-history":[{"count":1,"href":"https:\/\/www.paranapraia.com.br\/index.php\/wp-json\/wp\/v2\/posts\/66624\/revisions"}],"predecessor-version":[{"id":66626,"href":"https:\/\/www.paranapraia.com.br\/index.php\/wp-json\/wp\/v2\/posts\/66624\/revisions\/66626"}],"wp:featuredmedia":[{"embeddable":true,"href":"https:\/\/www.paranapraia.com.br\/index.php\/wp-json\/wp\/v2\/media\/66625"}],"wp:attachment":[{"href":"https:\/\/www.paranapraia.com.br\/index.php\/wp-json\/wp\/v2\/media?parent=66624"}],"wp:term":[{"taxonomy":"category","embeddable":true,"href":"https:\/\/www.paranapraia.com.br\/index.php\/wp-json\/wp\/v2\/categories?post=66624"},{"taxonomy":"post_tag","embeddable":true,"href":"https:\/\/www.paranapraia.com.br\/index.php\/wp-json\/wp\/v2\/tags?post=66624"}],"curies":[{"name":"wp","href":"https:\/\/api.w.org\/{rel}","templated":true}]}}