{"id":66591,"date":"2025-05-08T16:58:34","date_gmt":"2025-05-08T19:58:34","guid":{"rendered":"https:\/\/www.paranapraia.com.br\/?p=66591"},"modified":"2025-05-08T16:58:36","modified_gmt":"2025-05-08T19:58:36","slug":"empresarios-do-turismo-podem-participar-de-tres-grandes-feiras-com-o-estado-em-junho-e-julho","status":"publish","type":"post","link":"https:\/\/www.paranapraia.com.br\/index.php\/2025\/05\/08\/empresarios-do-turismo-podem-participar-de-tres-grandes-feiras-com-o-estado-em-junho-e-julho\/","title":{"rendered":"Empres\u00e1rios do turismo podem participar de tr\u00eas grandes feiras com o Estado em junho e julho"},"content":{"rendered":"\n<p>Tr\u00eas grandes feiras do turismo v\u00e3o movimentar os meses de junho e julho em Foz do Igua\u00e7u, no Oeste, e em S\u00e3o Paulo. O Viaje Paran\u00e1, \u00f3rg\u00e3o de promo\u00e7\u00e3o do setor, abre espa\u00e7o nos seus estandes para empres\u00e1rios do trade exporem produtos e servi\u00e7os no Festival das Cataratas (FIT Cataratas) e na ExpoCat\u00f3lica.<\/p>\n\n\n\n<p>J\u00e1 a Secretaria do Turismo e a Invest Paran\u00e1 convocam expositores para a 19\u00aa edi\u00e7\u00e3o da Feira Internacional de Produtos Org\u00e2nicos e Agroecologia (BIobrazil FAIR) e Feira de Alimenta\u00e7\u00e3o Saud\u00e1vel, Suplementos e Produtos Naturais e Sa\u00fade (Naturaltech), em S\u00e3o Paulo.<\/p>\n\n\n\n<p>Todas as feiras s\u00e3o oportunidades para expor o potencial do Paran\u00e1, tanto em servi\u00e7os de turismo quanto em produtos agr\u00edcolas, fundamentais tamb\u00e9m para o turismo gastron\u00f4mico, um dos segmentos que apresenta crescimento no Estado.<\/p>\n\n\n\n<p><strong>FIT<\/strong>&nbsp;\u2013 Em Foz do Igua\u00e7u, o Festival das Cataratas acontece entre os dias 04 e 06 de junho, reunindo&nbsp;representantes do trade tur\u00edstico nacional e internacional, operadoras, ag\u00eancias de viagens, destinos, entidades p\u00fablicas e privadas. As inscri\u00e7\u00f5es para participar como coexpositor devem ser feitas at\u00e9 o dia 13 de maio,&nbsp;<strong><a href=\"https:\/\/docs.google.com\/forms\/d\/e\/1FAIpQLSdTu7ROaSv48Xzvgcd-d359mUP-iGHRdUMgNGyJ2MHAc3lkPw\/viewform\" target=\"_blank\" rel=\"noreferrer noopener\">neste link<\/a><\/strong>.<\/p>\n\n\n\n<p>Consolidado como um dos principais eventos do setor na Am\u00e9rica Latina, o Festival das Cataratas acontece neste ano no Rafain Palace Hotel &amp; Convention. Com foco em inova\u00e7\u00e3o, sustentabilidade e integra\u00e7\u00e3o regional, o Festival proporciona uma vitrine estrat\u00e9gica para fortalecer a presen\u00e7a do Paran\u00e1 no mercado tur\u00edstico nacional e internacional.<\/p>\n\n\n\n<p>A participa\u00e7\u00e3o no estande do Viaje Paran\u00e1 oferece aos coexpositores uma oportunidade estrat\u00e9gica de promo\u00e7\u00e3o institucional e comercial, com exposi\u00e7\u00e3o direta de produtos, servi\u00e7os e roteiros tur\u00edsticos, fortalecimento de parcerias e inser\u00e7\u00e3o em a\u00e7\u00f5es coordenadas de divulga\u00e7\u00e3o do turismo paranaense.<\/p>\n\n\n\n<p>Em paralelo, no mesmo local, sert\u00e1 realizado o F\u00f3rum Internacional de Turismo do Iguassu e o Hackatour Cataratas, duas oportunidades \u00fanicas de networking, promo\u00e7\u00e3o de destinos e gera\u00e7\u00e3o de novos neg\u00f3cios.<\/p>\n\n\n\n<p>AEN<\/p>\n","protected":false},"excerpt":{"rendered":"<p>Tr\u00eas grandes feiras do turismo v\u00e3o movimentar os meses de junho e julho em Foz do Igua\u00e7u, no Oeste, e em S\u00e3o Paulo. O Viaje Paran\u00e1, \u00f3rg\u00e3o de promo\u00e7\u00e3o do setor, abre espa\u00e7o nos seus estandes para empres\u00e1rios do trade exporem produtos e servi\u00e7os no Festival das Cataratas (FIT Cataratas) e na ExpoCat\u00f3lica. J\u00e1 a [&hellip;]<\/p>\n","protected":false},"author":2,"featured_media":66592,"comment_status":"open","ping_status":"open","sticky":false,"template":"","format":"standard","meta":{"advanced_seo_description":"","jetpack_seo_html_title":"","jetpack_seo_noindex":false,"_jetpack_memberships_contains_paid_content":false,"footnotes":""},"categories":[40,38],"tags":[319,472],"class_list":{"0":"post-66591","1":"post","2":"type-post","3":"status-publish","4":"format-standard","5":"has-post-thumbnail","7":"category-destaques","8":"category-turismo","9":"tag-parana","10":"tag-turismo"},"jetpack_featured_media_url":"https:\/\/www.paranapraia.com.br\/wp-content\/uploads\/2025\/05\/viaje_parana_2-scaled.jpg","jetpack_sharing_enabled":true,"_links":{"self":[{"href":"https:\/\/www.paranapraia.com.br\/index.php\/wp-json\/wp\/v2\/posts\/66591"}],"collection":[{"href":"https:\/\/www.paranapraia.com.br\/index.php\/wp-json\/wp\/v2\/posts"}],"about":[{"href":"https:\/\/www.paranapraia.com.br\/index.php\/wp-json\/wp\/v2\/types\/post"}],"author":[{"embeddable":true,"href":"https:\/\/www.paranapraia.com.br\/index.php\/wp-json\/wp\/v2\/users\/2"}],"replies":[{"embeddable":true,"href":"https:\/\/www.paranapraia.com.br\/index.php\/wp-json\/wp\/v2\/comments?post=66591"}],"version-history":[{"count":1,"href":"https:\/\/www.paranapraia.com.br\/index.php\/wp-json\/wp\/v2\/posts\/66591\/revisions"}],"predecessor-version":[{"id":66593,"href":"https:\/\/www.paranapraia.com.br\/index.php\/wp-json\/wp\/v2\/posts\/66591\/revisions\/66593"}],"wp:featuredmedia":[{"embeddable":true,"href":"https:\/\/www.paranapraia.com.br\/index.php\/wp-json\/wp\/v2\/media\/66592"}],"wp:attachment":[{"href":"https:\/\/www.paranapraia.com.br\/index.php\/wp-json\/wp\/v2\/media?parent=66591"}],"wp:term":[{"taxonomy":"category","embeddable":true,"href":"https:\/\/www.paranapraia.com.br\/index.php\/wp-json\/wp\/v2\/categories?post=66591"},{"taxonomy":"post_tag","embeddable":true,"href":"https:\/\/www.paranapraia.com.br\/index.php\/wp-json\/wp\/v2\/tags?post=66591"}],"curies":[{"name":"wp","href":"https:\/\/api.w.org\/{rel}","templated":true}]}}