{"id":66524,"date":"2025-05-07T13:52:07","date_gmt":"2025-05-07T16:52:07","guid":{"rendered":"https:\/\/www.paranapraia.com.br\/?p=66524"},"modified":"2025-05-07T13:52:10","modified_gmt":"2025-05-07T16:52:10","slug":"com-apoio-do-estado-continental-investe-r-175-milhoes-para-ampliar-fabrica","status":"publish","type":"post","link":"https:\/\/www.paranapraia.com.br\/index.php\/2025\/05\/07\/com-apoio-do-estado-continental-investe-r-175-milhoes-para-ampliar-fabrica\/","title":{"rendered":"Com apoio do Estado, Continental investe R$ 175 milh\u00f5es para ampliar f\u00e1brica"},"content":{"rendered":"\n<p>O governador Carlos Massa Ratinho Junior participou nesta quarta-feira (7) da cerim\u00f4nia que marcou a conclus\u00e3o da expans\u00e3o da f\u00e1brica da Continental em Ponta Grossa, nos Campos Gerais. Com investimento de R$ 175 milh\u00f5es, a multinacional alem\u00e3 ampliou sua produ\u00e7\u00e3o de correias transportadoras de alta resist\u00eancia. O projeto de expans\u00e3o contou com apoio do Governo do Estado pelo programa Paran\u00e1 Competitivo.<\/p>\n\n\n\n<p>A unidade ganhou 7 mil metros quadrados, chegando a um total de 49 mil metros quadrados de \u00e1rea constru\u00edda. Com a amplia\u00e7\u00e3o, a f\u00e1brica atender\u00e1 toda a Am\u00e9rica do Sul com correias transportadoras de cabos de a\u00e7o com resist\u00eancia entre 6.000 e 10.000 Newton\/mil\u00edmetros.<\/p>\n\n\n\n<p>\u201cA Continental \u00e9 uma empresa global, l\u00edder nos segmentos em que atua. Ela poderia escolher qualquer lugar do mundo para fazer este investimento e escolheu o Paran\u00e1 para atender todo o mercado da Am\u00e9rica do Sul. Isso \u00e9 muito bom, porque al\u00e9m de atrair fornecedores e outras empresas, gera emprego, renda e desenvolvimento regional\u201d, afirmou Ratinho Junior.<\/p>\n\n\n\n<p>De acordo com o governador, investimentos como este s\u00e3o atra\u00eddos pelo bom ambiente de neg\u00f3cios que o Estado oferece, induzindo o crescimento econ\u00f4mico paranaense. \u201cEstamos com os menores \u00edndices de desemprego da hist\u00f3ria do Paran\u00e1, j\u00e1 atra\u00edmos mais de R$ 300 bilh\u00f5es em investimentos privados desde 2019 e registramos o maior crescimento da atividade econ\u00f4mica do Brasil em fevereiro. Isso nos orgulha muito e mostra que estamos no caminho certo\u201d, disse.<\/p>\n\n\n\n<p>Al\u00e9m de um cen\u00e1rio econ\u00f4mico din\u00e2mico, que oferece m\u00e3o-de-obra qualificada e infraestrutura eficiente \u00e0s empresas, o Estado tamb\u00e9m conta com o programa Paran\u00e1 Competitivo, que oferece benef\u00edcios fiscais a empresas que se instalam ou expandem opera\u00e7\u00f5es no Paran\u00e1, gerando empregos locais.&nbsp;<\/p>\n\n\n\n<p>\u201cO Estado e a Continental s\u00e3o parceiras desde o in\u00edcio do projeto de expans\u00e3o da f\u00e1brica. Esta \u00e9 uma empresa que tem muitos concorrentes e clientes em outros estados, mas que decidiu pelos investimentos no Paran\u00e1 por conta das condi\u00e7\u00f5es oferecidas pelo Estado \u00e0 companhia\u201d, afirmou o diretor-presidente da Invest Paran\u00e1, Eduardo Bekin.<\/p>\n\n\n\n<p><strong>DESENVOLVIMENTO REGIONAL<\/strong>&nbsp;\u2013 Dos 3,2 milh\u00f5es de pessoas empregadas com carteira assinada no Paran\u00e1, mais de 800 mil trabalham no setor industrial, de acordo com dados do Cadastro Geral de Empregos (Caged). Em Ponta Grossa, s\u00e3o 108 mil pessoas empregadas em trabalhos formais, sendo 21,7 mil delas em ind\u00fastrias.<\/p>\n\n\n\n<p>\u201cPonta Grossa evoluiu de uma cidade que tinha uma economia baseada na produ\u00e7\u00e3o agr\u00edcola e de alimentos, mas hoje evoluiu para ter uma s\u00e9rie de agroind\u00fastrias, f\u00e1bricas de autope\u00e7as e fornecedoras para ind\u00fastrias de extra\u00e7\u00e3o mineral. Portanto \u00e9 uma economia que hoje \u00e9 s\u00f3lida e diversificada\u201d, afirmou Ratinho Junior.<\/p>\n\n\n\n<p>De acordo com a prefeita de Ponta Grossa, Elizabeth Schmidt, a localiza\u00e7\u00e3o do munic\u00edpio no Estado \u00e9 outro ponto que tem sido fundamental para atrair grandes investimentos. \u201cSomos considerados um hub log\u00edstico do Sul do Brasil e \u00e9 esta condi\u00e7\u00e3o que queremos consolidar para a nossa cidade\u201d, afirmou.&nbsp;<\/p>\n\n\n\n<p><strong>CORREIAS DE ALTA RESIST\u00caNCIA&nbsp;<\/strong>\u2013 A expans\u00e3o da f\u00e1brica foi guiada pela crescente demanda por projetos de infraestrutura e energia na Am\u00e9rica do Sul, que exigem mat\u00e9rias-primas minerais como min\u00e9rio de ferro e cobre. Por serem materiais muito pesados, estes minerais precisam ser transportados por correias muito potentes, com alta resist\u00eancia. Os sistemas produzidos na empresa tamb\u00e9m poder\u00e3o ser usados em projetos de expans\u00e3o portu\u00e1ria, que precisam de correias transportadoras resistentes.&nbsp;<\/p>\n\n\n\n<p>De acordo com a Continental, a amplia\u00e7\u00e3o da planta ajudar\u00e1 a reduzir os prazos de remessa de produtos e a atender melhor \u00e0s necessidades dos clientes na Am\u00e9rica do Sul, o maior mercado regional do mundo para correias de cabo de a\u00e7o pesado.<\/p>\n\n\n\n<p>\u201cAo aprimorar nossa capacidade de produ\u00e7\u00e3o, refor\u00e7amos nossa habilidade de fornecer correias transportadoras de alta qualidade e alto desempenho que atendem \u00e0s necessidades em constante evolu\u00e7\u00e3o dos nossos clientes em toda a Am\u00e9rica do Sul. Esse investimento refor\u00e7a nossa dedica\u00e7\u00e3o em estabelecer novos padr\u00f5es para o setor e fortalecer nossa presen\u00e7a regional\u201d, afirmou o CEO da \u00e1rea de neg\u00f3cios ContiTech, Philip Nelles.<\/p>\n\n\n\n<p>As novas linhas de produ\u00e7\u00e3o contam com tecnologias avan\u00e7adas de mistura de borracha, calandragem, vulcaniza\u00e7\u00e3o e inspe\u00e7\u00e3o para garantir qualidade e efici\u00eancia em todas as etapas do processo. O investimento amplia a efici\u00eancia, a durabilidade e o desempenho no setor de correias transportadoras.<\/p>\n\n\n\n<p>\u201cAo produzir as correias transportadoras de cabo de a\u00e7o mais resistentes do mundo, estamos n\u00e3o apenas respondendo \u00e0 crescente demanda por solu\u00e7\u00f5es de alta resist\u00eancia, mas tamb\u00e9m estabelecendo novos par\u00e2metros de desempenho e confiabilidade no setor&#8221;, complementou o CEO da ContiTech USA e respons\u00e1vel pela \u00e1rea Industrial Solutions Am\u00e9ricas, Andreas Gerstenberger.<\/p>\n\n\n\n<figure class=\"wp-block-image\"><a href=\"https:\/\/www.aen.pr.gov.br\/Galeria-de-Imagens\/GOVERNADOR-PONTA-GROSSA-CONTINENTAL#&amp;gid=1&amp;pid=21\"><img decoding=\"async\" src=\"https:\/\/www.aen.pr.gov.br\/sites\/default\/arquivos_restritos\/files\/imagem\/2025-05\/whatsapp_image_2025-05-07_at_10.43.56.jpg\" alt=\"continental\"\/><\/a><figcaption class=\"wp-element-caption\">Foto: Geraldo Bubniak\/AEN<\/figcaption><\/figure>\n\n\n\n<p><br><strong>PARAN\u00c1 COMPETITIVO&nbsp;<\/strong>\u2013 O programa Paran\u00e1 Competitivo, ao qual o investimento da Continental integra, \u00e9 coordenado pela Secretaria de Estado da Fazenda (Sefa) e pela Invest Paran\u00e1, ag\u00eancia de capta\u00e7\u00e3o de investimentos para o Estado. O principal objetivo do programa \u00e9 fomentar a economia do Paran\u00e1, atraindo novos investimentos nacionais e internacionais que gerem emprego, renda e riqueza. O diferencial \u00e9 que ele permite que empresas enquadradas pleiteiem incentivos fiscais sustentados pela legisla\u00e7\u00e3o vigente, sem configurar ren\u00fancia fiscal.<\/p>\n\n\n\n<p>Por meio do programa, empresas que tenham projetos de implanta\u00e7\u00e3o, expans\u00e3o, diversifica\u00e7\u00e3o ou reativa\u00e7\u00e3o no Estado recebem incentivos como o parcelamento do ICMS incremental, diferimento do ICMS nas opera\u00e7\u00f5es de energia el\u00e9trica (Copel) e g\u00e1s natural (Compagas), al\u00e9m da possibilidade de transfer\u00eancia de cr\u00e9ditos pr\u00f3prios de ICMS para aquisi\u00e7\u00e3o de ativos.<\/p>\n\n\n\n<p><strong>CONTINENTAL&nbsp;<\/strong>\u2013 Fundada em 1871, a empresa de tecnologia oferece solu\u00e7\u00f5es para ve\u00edculos, m\u00e1quinas, tr\u00e1fego e transporte. Em 2024, a Continental registrou vendas de \u20ac 39,7 bilh\u00f5es em todo o mundo, e atualmente emprega cerca de 190 mil pessoas em 55 pa\u00edses diferentes.<\/p>\n\n\n\n<p>Al\u00e9m das correias transportadoras, a f\u00e1brica da Continental em Ponta Grossa, inaugurada em 1999, produz correias de transmiss\u00e3o automotivas para ve\u00edculos leves e pesados, correias industriais de transmiss\u00e3o com foco no segmento agr\u00edcola, sistemas antivibra\u00e7\u00e3o para ve\u00edculos leves e pesados e sistemas de transmiss\u00e3o de flu\u00eddos para ve\u00edculos leves.<\/p>\n\n\n\n<p>AEN<\/p>\n","protected":false},"excerpt":{"rendered":"<p>O governador Carlos Massa Ratinho Junior participou nesta quarta-feira (7) da cerim\u00f4nia que marcou a conclus\u00e3o da expans\u00e3o da f\u00e1brica da Continental em Ponta Grossa, nos Campos Gerais. Com investimento de R$ 175 milh\u00f5es, a multinacional alem\u00e3 ampliou sua produ\u00e7\u00e3o de correias transportadoras de alta resist\u00eancia. O projeto de expans\u00e3o contou com apoio do Governo [&hellip;]<\/p>\n","protected":false},"author":2,"featured_media":66525,"comment_status":"open","ping_status":"open","sticky":false,"template":"","format":"standard","meta":{"advanced_seo_description":"","jetpack_seo_html_title":"","jetpack_seo_noindex":false,"_jetpack_memberships_contains_paid_content":false,"footnotes":""},"categories":[79],"tags":[319],"class_list":{"0":"post-66524","1":"post","2":"type-post","3":"status-publish","4":"format-standard","5":"has-post-thumbnail","7":"category-desenvolvimento","8":"tag-parana"},"jetpack_featured_media_url":"https:\/\/www.paranapraia.com.br\/wp-content\/uploads\/2025\/05\/whatsapp_image_2025-05-07_at_10.59.20-scaled.jpg","jetpack_sharing_enabled":true,"_links":{"self":[{"href":"https:\/\/www.paranapraia.com.br\/index.php\/wp-json\/wp\/v2\/posts\/66524"}],"collection":[{"href":"https:\/\/www.paranapraia.com.br\/index.php\/wp-json\/wp\/v2\/posts"}],"about":[{"href":"https:\/\/www.paranapraia.com.br\/index.php\/wp-json\/wp\/v2\/types\/post"}],"author":[{"embeddable":true,"href":"https:\/\/www.paranapraia.com.br\/index.php\/wp-json\/wp\/v2\/users\/2"}],"replies":[{"embeddable":true,"href":"https:\/\/www.paranapraia.com.br\/index.php\/wp-json\/wp\/v2\/comments?post=66524"}],"version-history":[{"count":1,"href":"https:\/\/www.paranapraia.com.br\/index.php\/wp-json\/wp\/v2\/posts\/66524\/revisions"}],"predecessor-version":[{"id":66526,"href":"https:\/\/www.paranapraia.com.br\/index.php\/wp-json\/wp\/v2\/posts\/66524\/revisions\/66526"}],"wp:featuredmedia":[{"embeddable":true,"href":"https:\/\/www.paranapraia.com.br\/index.php\/wp-json\/wp\/v2\/media\/66525"}],"wp:attachment":[{"href":"https:\/\/www.paranapraia.com.br\/index.php\/wp-json\/wp\/v2\/media?parent=66524"}],"wp:term":[{"taxonomy":"category","embeddable":true,"href":"https:\/\/www.paranapraia.com.br\/index.php\/wp-json\/wp\/v2\/categories?post=66524"},{"taxonomy":"post_tag","embeddable":true,"href":"https:\/\/www.paranapraia.com.br\/index.php\/wp-json\/wp\/v2\/tags?post=66524"}],"curies":[{"name":"wp","href":"https:\/\/api.w.org\/{rel}","templated":true}]}}