{"id":66474,"date":"2025-05-06T21:27:02","date_gmt":"2025-05-07T00:27:02","guid":{"rendered":"https:\/\/www.paranapraia.com.br\/?p=66474"},"modified":"2025-05-06T21:27:04","modified_gmt":"2025-05-07T00:27:04","slug":"uel-divulga-detalhes-do-processo-de-isencao-de-inscricao-do-vestibular-2026","status":"publish","type":"post","link":"https:\/\/www.paranapraia.com.br\/index.php\/2025\/05\/06\/uel-divulga-detalhes-do-processo-de-isencao-de-inscricao-do-vestibular-2026\/","title":{"rendered":"UEL divulga detalhes do processo de isen\u00e7\u00e3o de inscri\u00e7\u00e3o do Vestibular 2026"},"content":{"rendered":"\n<p>A Coordenadoria de Processos Seletivos (Cops) e o Servi\u00e7o de Bem Estar \u00e0 Comunidade (SEBEC) da Universidade Estadual de Londrina (UEL) divulgaram nesta semana o edital de&nbsp;isen\u00e7\u00e3o&nbsp;de pagamento do pre\u00e7o p\u00fablico referente \u00e0 inscri\u00e7\u00e3o do&nbsp;Vestibular UEL 2026,&nbsp;que ser\u00e1 realizado nos dias 26 e 27 de outubro.<\/p>\n\n\n\n<p>Os candidatos poder\u00e3o solicitar a isen\u00e7\u00e3o pelo N\u00famero de Identifica\u00e7\u00e3o Social (NIS) at\u00e9 \u00e0s 17h do dia 11 de junho. Posteriormente, demais candidatos poder\u00e3o solicitar descontos na inscri\u00e7\u00e3o por meio de An\u00e1lise Socioecon\u00f4mica, realizada pelo Sebec, no per\u00edodo de 9 de junho a 23 de junho.&nbsp;Nas duas modalidades, t\u00eam direito \u00e0 isen\u00e7\u00e3o os estudantes que frequentaram o Ensino Fundamental e o Ensino M\u00e9dio completo na rede p\u00fablica de ensino, na Educa\u00e7\u00e3o de Jovens e Adultos (EJA) ou que foram bolsistas da rede privada de ensino, com bolsa integral.<\/p>\n\n\n\n<p>Para participar dessa avalia\u00e7\u00e3o, o estudante dever\u00e1&nbsp;preencher o formul\u00e1rio&nbsp;eletr\u00f4nico disponibilizado no&nbsp;portal&nbsp;da Cops. Os interessados dever\u00e3o enviar os documentos exigidos pela Internet, no formato JPG, PDF ou PNG.<\/p>\n\n\n\n<p><strong>ISEN\u00c7\u00c3O COM NIS<\/strong>&nbsp;\u2013 Para estudantes que possuem o NIS, atribu\u00eddo pelo Cadastro \u00danico (Cad\u00danico) atualizado, ser\u00e1 concedida a isen\u00e7\u00e3o de 100% no valor da inscri\u00e7\u00e3o. O candidato dever\u00e1 ser membro de fam\u00edlia de baixa renda, atendendo aos requisitos para programas sociais do Governo Federal, conforme&nbsp;Decreto Federal n\u00ba 6.135\/2007.<\/p>\n\n\n\n<p>No novo\u00a0portal do Vestibular UEL, administrado pela Cops, o estudante encontra a rela\u00e7\u00e3o de documentos para requerer a isen\u00e7\u00e3o do pre\u00e7o p\u00fablico do Vestibular UEL 2026, publicada na\u00a0Instru\u00e7\u00e3o de Servi\u00e7o Conjunta Sebec\/Cops\/Proaf 001\/2025.<\/p>\n\n\n\n<p>O pedido de isen\u00e7\u00e3o do pagamento dever\u00e1 ser feito mediante requerimento que pode ser acessado no site da Cops e no portal do Vestibular. No documento, o candidato dever\u00e1 apresentar o n\u00famero do cadastro e os dados pessoais, conforme descrito no edital. O per\u00edodo de solicita\u00e7\u00e3o da isen\u00e7\u00e3o pelo NIS \u00e9 a partir das 17h do dia 5 de maio, at\u00e9 \u00e0s 17h do dia 11 de junho.&nbsp;<\/p>\n\n\n\n<p>O resultado de pedidos indeferidos e deferidos ser\u00e1 divulgado \u00e0s 17h do dia 13 de junho.&nbsp; J\u00e1 o per\u00edodo de pedido de recurso para solicita\u00e7\u00f5es indeferidas, fica aberto das 17h do dia 13 de junho at\u00e9 as 17h do dia 15 de junho.&nbsp;<\/p>\n\n\n\n<p>No dia 17 de junho, ser\u00e3o divulgados o resultado do recurso e o Edital final da sele\u00e7\u00e3o para isen\u00e7\u00e3o pelo NIS. A Cops ressalta que, ap\u00f3s o resultado final, os candidatos contemplados com a isen\u00e7\u00e3o dever\u00e3o obrigatoriamente realizar o processo de inscri\u00e7\u00e3o no Vestibular UEL 2026, entre os dias 1\u00ba de julho a 14 de agosto.&nbsp;<\/p>\n\n\n\n<p><strong>ISEN\u00c7\u00c3O POR AN\u00c1LISE<\/strong>&nbsp;\u2013 A Cops abre no dia 9 de junho a sele\u00e7\u00e3o para estudantes interessados em participar do processo de an\u00e1lise socioecon\u00f4mica, que ser\u00e1 coordenado pelo Servi\u00e7o de Bem-estar \u00e0 Comunidade (Sebec) da UEL. Os candidatos podem demonstrar interesse no processo at\u00e9 23 de junho de 2025, por meio de preenchimento de formul\u00e1rio. O documento estar\u00e1 dispon\u00edvel no portal do Sebec e da Cops.<\/p>\n\n\n\n<p>De acordo com as normas do edital, os candidatos poder\u00e3o receber desconto integral, de 30% e 50% do pre\u00e7o p\u00fablico da inscri\u00e7\u00e3o. O benef\u00edcio ser\u00e1 concedido de acordo com a renda per capta da fam\u00edlia. O resultado final da sele\u00e7\u00e3o ser\u00e1 divulgado em 1\u00ba de agosto, nos portais da Cops e do Sebec. Ap\u00f3s este per\u00edodo os candidatos poder\u00e3o se inscrever no Vestibular da UEL e garantir o desconto, at\u00e9 dia 14 de agosto.&nbsp;<\/p>\n\n\n\n<p><strong>Cronograma Vestibular UEL 2026:<\/strong><\/p>\n\n\n\n<p>Isen\u00e7\u00e3o pelo NIS\/Cad\u00danico &#8211; 5 de maio a 11 de junho<\/p>\n\n\n\n<p>Isen\u00e7\u00e3o por an\u00e1lise socioecon\u00f4mica &#8211; 9 a 23 de junho<\/p>\n\n\n\n<p>Inscri\u00e7\u00f5es &#8211; 1\u00ba de julho e 14 de agosto<\/p>\n\n\n\n<p>Provas de Habilidades Espec\u00edficas (PHE) &#8211; 14 de setembro<\/p>\n\n\n\n<p>Prova de Conhecimentos Gerais e Prova de Reda\u00e7\u00e3o &#8211; 26 de outubro<\/p>\n\n\n\n<p>Prova de Conhecimentos Espec\u00edficos &#8211; 27 de outubro<\/p>\n\n\n\n<p>AEN<\/p>\n","protected":false},"excerpt":{"rendered":"<p>A Coordenadoria de Processos Seletivos (Cops) e o Servi\u00e7o de Bem Estar \u00e0 Comunidade (SEBEC) da Universidade Estadual de Londrina (UEL) divulgaram nesta semana o edital de&nbsp;isen\u00e7\u00e3o&nbsp;de pagamento do pre\u00e7o p\u00fablico referente \u00e0 inscri\u00e7\u00e3o do&nbsp;Vestibular UEL 2026,&nbsp;que ser\u00e1 realizado nos dias 26 e 27 de outubro. Os candidatos poder\u00e3o solicitar a isen\u00e7\u00e3o pelo N\u00famero de [&hellip;]<\/p>\n","protected":false},"author":2,"featured_media":66475,"comment_status":"open","ping_status":"open","sticky":false,"template":"","format":"standard","meta":{"advanced_seo_description":"","jetpack_seo_html_title":"","jetpack_seo_noindex":false,"_jetpack_memberships_contains_paid_content":false,"footnotes":""},"categories":[72],"tags":[1162,1163],"class_list":{"0":"post-66474","1":"post","2":"type-post","3":"status-publish","4":"format-standard","5":"has-post-thumbnail","7":"category-educacao","8":"tag-uel","9":"tag-vestibular-2026"},"jetpack_featured_media_url":"https:\/\/www.paranapraia.com.br\/wp-content\/uploads\/2025\/05\/vestibular-2023-1-scaled.jpg","jetpack_sharing_enabled":true,"_links":{"self":[{"href":"https:\/\/www.paranapraia.com.br\/index.php\/wp-json\/wp\/v2\/posts\/66474"}],"collection":[{"href":"https:\/\/www.paranapraia.com.br\/index.php\/wp-json\/wp\/v2\/posts"}],"about":[{"href":"https:\/\/www.paranapraia.com.br\/index.php\/wp-json\/wp\/v2\/types\/post"}],"author":[{"embeddable":true,"href":"https:\/\/www.paranapraia.com.br\/index.php\/wp-json\/wp\/v2\/users\/2"}],"replies":[{"embeddable":true,"href":"https:\/\/www.paranapraia.com.br\/index.php\/wp-json\/wp\/v2\/comments?post=66474"}],"version-history":[{"count":1,"href":"https:\/\/www.paranapraia.com.br\/index.php\/wp-json\/wp\/v2\/posts\/66474\/revisions"}],"predecessor-version":[{"id":66476,"href":"https:\/\/www.paranapraia.com.br\/index.php\/wp-json\/wp\/v2\/posts\/66474\/revisions\/66476"}],"wp:featuredmedia":[{"embeddable":true,"href":"https:\/\/www.paranapraia.com.br\/index.php\/wp-json\/wp\/v2\/media\/66475"}],"wp:attachment":[{"href":"https:\/\/www.paranapraia.com.br\/index.php\/wp-json\/wp\/v2\/media?parent=66474"}],"wp:term":[{"taxonomy":"category","embeddable":true,"href":"https:\/\/www.paranapraia.com.br\/index.php\/wp-json\/wp\/v2\/categories?post=66474"},{"taxonomy":"post_tag","embeddable":true,"href":"https:\/\/www.paranapraia.com.br\/index.php\/wp-json\/wp\/v2\/tags?post=66474"}],"curies":[{"name":"wp","href":"https:\/\/api.w.org\/{rel}","templated":true}]}}