{"id":66427,"date":"2025-05-06T14:20:38","date_gmt":"2025-05-06T17:20:38","guid":{"rendered":"https:\/\/www.paranapraia.com.br\/?p=66427"},"modified":"2025-05-06T14:20:41","modified_gmt":"2025-05-06T17:20:41","slug":"iat-aplica-r-22-milhoes-em-multas-em-megaoperacao-de-combate-ao-desmatamento","status":"publish","type":"post","link":"https:\/\/www.paranapraia.com.br\/index.php\/2025\/05\/06\/iat-aplica-r-22-milhoes-em-multas-em-megaoperacao-de-combate-ao-desmatamento\/","title":{"rendered":"IAT aplica R$ 2,2 milh\u00f5es em multas em megaopera\u00e7\u00e3o de combate ao desmatamento"},"content":{"rendered":"\n<p>O Instituto \u00c1gua e Terra (IAT) divulgou nesta ter\u00e7a-feira (06) o resultado da 1\u00aa Opera\u00e7\u00e3o de Combate ao Desmatamento Ilegal da Mata Atl\u00e2ntica no Paran\u00e1 de 2025. A for\u00e7a-tarefa ocorreu entre os dias 27 de abril e 04 de maio em 27 munic\u00edpios da \u00e1rea de abrang\u00eancia dos escrit\u00f3rios regionais de Francisco Beltr\u00e3o e Pato Branco, no Sudoeste do Estado. Ao todo, foram lavrados 141 Autos de Infra\u00e7\u00e3o Ambiental (AIA), com a aplica\u00e7\u00e3o de R$ 2.218.600,00 em multas, al\u00e9m do embargo de uma \u00e1rea de 244,13 hectares, equivalente a 244 campos de futebol.<\/p>\n\n\n\n<p>A a\u00e7\u00e3o contou com a participa\u00e7\u00e3o de 20 servidores dos n\u00facleos regionais do IAT de Cianorte, Corn\u00e9lio Proc\u00f3pio, Foz do Igua\u00e7u, Guarapuava, Francisco Beltr\u00e3o, Maring\u00e1, Paranava\u00ed, Ponta Grossa, Umuarama, Uni\u00e3o da Vit\u00f3ria e da Divis\u00e3o de Fiscaliza\u00e7\u00e3o Ambiental, de Curitiba. Houve apoio tamb\u00e9m de drones e do helic\u00f3ptero do\u00a0Centro de Opera\u00e7\u00f5es A\u00e9reas (COA)\u00a0do Instituto. O IAT \u00e9 vinculado \u00e0 Secretaria de Estado do Desenvolvimento Sustent\u00e1vel (Sedest).<\/p>\n\n\n\n<p>\u201cA opera\u00e7\u00e3o se concentrou em uma regi\u00e3o de pequenas propriedades rurais, uma caracter\u00edstica do Sudoeste do Paran\u00e1, e teve como objetivo reduzir o n\u00famero de alertas de desmatamentos observados pelo Instituto \u00c1gua e Terra\u201d, afirmou o coordenador da for\u00e7a-tarefa e chefe do escrit\u00f3rio regional do IAT em Maring\u00e1, Antonio Carlos Cavalheiro Moreto.<\/p>\n\n\n\n<p>\u201cImportante destacar tamb\u00e9m que, al\u00e9m das penalidades administrativas, essas \u00e1reas ficam embargadas e n\u00e3o poder\u00e3o ser utilizadas pelos autuados para qualquer tipo de finalidade que n\u00e3o seja a sua regenera\u00e7\u00e3o natural ou recupera\u00e7\u00e3o, inclusive atividades agrosilvopastoris\u201d, acrescentou.<\/p>\n\n\n\n<p>A 1\u00aa Opera\u00e7\u00e3o de Combate ao Desmatamento Ilegal da Mata Atl\u00e2ntica no Paran\u00e1 de 2025 fiscalizou \u00e1reas de 27 munic\u00edpios da regi\u00e3o Sudoeste: Amp\u00e9re, Barrac\u00e3o, Bela Vista da Caroba, Boa Esperan\u00e7a do Igua\u00e7u, Capanema, Chopinzinho, Coronel Domingues Soares, Coronel Vivida, Cruzeiro do Igua\u00e7u, En\u00e9as Marques, Flor da Serra do Sul, Francisco Beltr\u00e3o, Itapejara do Oeste, Manfrin\u00f3polis, Mari\u00f3polis, Marmeleiro, Nova Esperan\u00e7a do Sudoeste, Palmas, Planalto, Pranchita, Realeza, Salto do Lontra, Santa Izabel do Oeste, S\u00e3o Jo\u00e3o, Saudade do Igua\u00e7u, Sulina e Ver\u00ea.<\/p>\n\n\n\n<p><strong>QUEDA NO DESMATAMENTO<\/strong>\u00a0\u2013 O Paran\u00e1 vem alcan\u00e7ando resultados expressivos no combate ao desmatamento ilegal. O Estado reduziu em\u00a095,2% a supress\u00e3o da Mata Atl\u00e2ntica nos \u00faltimos quatro anos, de 6.939 hectares, em 2021, para 329 hectares em 2024, de acordo com levantamento produzido pelo Instituto \u00c1gua e Terra.<\/p>\n\n\n\n<p>O balan\u00e7o foi coordenado pelo N\u00facleo de Intelig\u00eancia Geogr\u00e1fica e da Informa\u00e7\u00e3o (NGI) do \u00f3rg\u00e3o ambiental, setor desenvolvido para colaborar com a vigil\u00e2ncia do patrim\u00f4nio natural paranaense, com base nos alertas publicados pela Plataforma MapBiomas, uma iniciativa do Observat\u00f3rio do Clima.<\/p>\n\n\n\n<p>Entre as regionais do IAT que apresentaram as diminui\u00e7\u00f5es mais significativas no per\u00edodo est\u00e3o justamente a de Francisco Beltr\u00e3o, que passou de 706,01 hectares para 11,26 hectares (queda de 98%), seguida do Litoral (de 58,58 hectares para 1,88 hectare) e Pato Branco (de 571,79 hectares para 17,68 hectares), ambas com 96%.<\/p>\n\n\n\n<p>Melhoria que deve ser atribu\u00edda nas a\u00e7\u00f5es de fiscaliza\u00e7\u00e3o desenvolvidas pelo IAT, tanto em vistorias a campo, como essa opera\u00e7\u00e3o no Sudoeste, quanto de forma remota. De 2021 para 2024, o n\u00famero de Autos de Infra\u00e7\u00e3o Ambiental (AIAs) ligados a crimes contra a flora nativa aumentou em 65%, passando de 3.183 para 5.252. O valor total das multas tamb\u00e9m cresceu, indo de R$ 78.797.343 para R$ 134.067.876 no ano passado, um aumento de 70%.<\/p>\n\n\n\n<p>Gerente de Monitoramento e Fiscaliza\u00e7\u00e3o do IAT, \u00c1lvaro Cesar de Goes destaca que o aumento do volume de multas refor\u00e7a a efic\u00e1cia do trabalho desenvolvido pelo \u00f3rg\u00e3o ambiental no combate ao desmatamento criminoso no Paran\u00e1. \u201cEsse balan\u00e7o mostra claramente a forte atua\u00e7\u00e3o do IAT, por meio dos nossos agentes fiscais, que est\u00e3o espalhados por todo o Paran\u00e1, mas principalmente nas \u00e1reas onde ainda se concentram a maior reserva de vegeta\u00e7\u00e3o nativa da Mata Atl\u00e2ntica\u201d, destacou.<\/p>\n\n\n\n<p>\u201cCom o apoio de ferramentas tecnol\u00f3gicas, conseguimos identificar e punir os infratores com uma maior rapidez. Isso nos possibilita realizar opera\u00e7\u00f5es de rotina e planejadas, atuando por terra, \u00e1gua e tamb\u00e9m com apoio a\u00e9reo\u201d, completou.<\/p>\n\n\n\n<p><strong>CRIME\u00a0<\/strong>\u2013 Quem pratica o desmatamento ilegal est\u00e1 sujeito a penalidades administrativas previstas na\u00a0Lei Federal n\u00ba 9.605\/98\u00a0(Lei de Crimes Ambientais e no\u00a0Decreto Federal n\u00ba 6.514\/08\u00a0(Condutas Infracionais ao Meio Ambiente). O respons\u00e1vel tamb\u00e9m pode responder a processo por crime ambiental.<\/p>\n\n\n\n<p>O valor arrecadado com as infra\u00e7\u00f5es \u00e9 repassado integralmente ao Fundo Estadual do Meio Ambiente. A reserva financeira tem como finalidade financiar planos, programas ou projetos que objetivem o controle, a preserva\u00e7\u00e3o, a conserva\u00e7\u00e3o e a recupera\u00e7\u00e3o do meio ambiente, conforme a\u00a0Lei Estadual 12.945\/2000.<\/p>\n\n\n\n<p><strong>COMO AJUDAR<\/strong>&nbsp;\u2013 A den\u00fancia \u00e9 a melhor forma de contribuir para minimizar cada vez mais os crimes contra a flora e a fauna silvestres. O principal canal do Batalh\u00e3o Ambiental \u00e9 o Disque-Den\u00fancia 181, o qual possibilita que seja feita uma an\u00e1lise e verifica\u00e7\u00e3o in loco de todas as informa\u00e7\u00f5es recebidas do cidad\u00e3o.<\/p>\n\n\n\n<p>No IAT, a den\u00fancia deve ser registrada junto ao servi\u00e7o de Ouvidoria, dispon\u00edvel no\u00a0<a href=\"https:\/\/www.iat.pr.gov.br\/Pagina\/Fale-Conosco\" target=\"_blank\" rel=\"noreferrer noopener\">Fale Conosco<\/a>, ou nos\u00a0escrit\u00f3rios regionais. \u00c9 importante informar a localiza\u00e7\u00e3o e os acontecimentos de forma objetiva e precisa. Quanto mais detalhes sobre a ocorr\u00eancia, melhor ser\u00e1 a apura\u00e7\u00e3o dos fatos e mais rapidamente as equipes conseguem realizar o atendimento.<\/p>\n\n\n\n<p>AEN<\/p>\n","protected":false},"excerpt":{"rendered":"<p>O Instituto \u00c1gua e Terra (IAT) divulgou nesta ter\u00e7a-feira (06) o resultado da 1\u00aa Opera\u00e7\u00e3o de Combate ao Desmatamento Ilegal da Mata Atl\u00e2ntica no Paran\u00e1 de 2025. A for\u00e7a-tarefa ocorreu entre os dias 27 de abril e 04 de maio em 27 munic\u00edpios da \u00e1rea de abrang\u00eancia dos escrit\u00f3rios regionais de Francisco Beltr\u00e3o e Pato [&hellip;]<\/p>\n","protected":false},"author":2,"featured_media":66428,"comment_status":"open","ping_status":"open","sticky":false,"template":"","format":"standard","meta":{"advanced_seo_description":"","jetpack_seo_html_title":"","jetpack_seo_noindex":false,"_jetpack_memberships_contains_paid_content":false,"footnotes":""},"categories":[40,34],"tags":[319],"class_list":{"0":"post-66427","1":"post","2":"type-post","3":"status-publish","4":"format-standard","5":"has-post-thumbnail","7":"category-destaques","8":"category-meio-ambiente","9":"tag-parana"},"jetpack_featured_media_url":"https:\/\/www.paranapraia.com.br\/wp-content\/uploads\/2025\/05\/operacao_sudoeste_13_iat-scaled.jpg","jetpack_sharing_enabled":true,"_links":{"self":[{"href":"https:\/\/www.paranapraia.com.br\/index.php\/wp-json\/wp\/v2\/posts\/66427"}],"collection":[{"href":"https:\/\/www.paranapraia.com.br\/index.php\/wp-json\/wp\/v2\/posts"}],"about":[{"href":"https:\/\/www.paranapraia.com.br\/index.php\/wp-json\/wp\/v2\/types\/post"}],"author":[{"embeddable":true,"href":"https:\/\/www.paranapraia.com.br\/index.php\/wp-json\/wp\/v2\/users\/2"}],"replies":[{"embeddable":true,"href":"https:\/\/www.paranapraia.com.br\/index.php\/wp-json\/wp\/v2\/comments?post=66427"}],"version-history":[{"count":1,"href":"https:\/\/www.paranapraia.com.br\/index.php\/wp-json\/wp\/v2\/posts\/66427\/revisions"}],"predecessor-version":[{"id":66429,"href":"https:\/\/www.paranapraia.com.br\/index.php\/wp-json\/wp\/v2\/posts\/66427\/revisions\/66429"}],"wp:featuredmedia":[{"embeddable":true,"href":"https:\/\/www.paranapraia.com.br\/index.php\/wp-json\/wp\/v2\/media\/66428"}],"wp:attachment":[{"href":"https:\/\/www.paranapraia.com.br\/index.php\/wp-json\/wp\/v2\/media?parent=66427"}],"wp:term":[{"taxonomy":"category","embeddable":true,"href":"https:\/\/www.paranapraia.com.br\/index.php\/wp-json\/wp\/v2\/categories?post=66427"},{"taxonomy":"post_tag","embeddable":true,"href":"https:\/\/www.paranapraia.com.br\/index.php\/wp-json\/wp\/v2\/tags?post=66427"}],"curies":[{"name":"wp","href":"https:\/\/api.w.org\/{rel}","templated":true}]}}