{"id":66370,"date":"2025-04-29T17:32:35","date_gmt":"2025-04-29T20:32:35","guid":{"rendered":"https:\/\/www.paranapraia.com.br\/?p=66370"},"modified":"2025-04-29T17:32:38","modified_gmt":"2025-04-29T20:32:38","slug":"com-levantamento-concluido-regularizacao-da-chacara-sao-pedro-entra-em-nova-fase","status":"publish","type":"post","link":"https:\/\/www.paranapraia.com.br\/index.php\/2025\/04\/29\/com-levantamento-concluido-regularizacao-da-chacara-sao-pedro-entra-em-nova-fase\/","title":{"rendered":"Com levantamento conclu\u00eddo, regulariza\u00e7\u00e3o da Ch\u00e1cara S\u00e3o Pedro entra em nova fase"},"content":{"rendered":"\n<p>O processo de regulariza\u00e7\u00e3o fundi\u00e1ria da Ch\u00e1cara S\u00e3o Pedro, em Pontal do Paran\u00e1, avan\u00e7ou mais uma etapa na \u00faltima semana com a conclus\u00e3o do levantamento t\u00e9cnico feito pela Secretaria Municipal de Habita\u00e7\u00e3o e Assuntos Fundi\u00e1rios. A \u00e1rea, que pode beneficiar at\u00e9 1.500 fam\u00edlias, foi oficialmente transferida ao munic\u00edpio pelo governo estadual no dia 20 de mar\u00e7o.<\/p>\n\n\n\n<figure class=\"wp-block-image size-large\"><img loading=\"lazy\" decoding=\"async\" width=\"1024\" height=\"682\" src=\"https:\/\/www.paranapraia.com.br\/wp-content\/uploads\/2025\/04\/1000410216-1024x682.jpg\" alt=\"\" class=\"wp-image-66372\" srcset=\"https:\/\/www.paranapraia.com.br\/wp-content\/uploads\/2025\/04\/1000410216-1024x682.jpg 1024w, https:\/\/www.paranapraia.com.br\/wp-content\/uploads\/2025\/04\/1000410216-300x200.jpg 300w, https:\/\/www.paranapraia.com.br\/wp-content\/uploads\/2025\/04\/1000410216-768x512.jpg 768w, https:\/\/www.paranapraia.com.br\/wp-content\/uploads\/2025\/04\/1000410216-696x464.jpg 696w, https:\/\/www.paranapraia.com.br\/wp-content\/uploads\/2025\/04\/1000410216-1068x712.jpg 1068w, https:\/\/www.paranapraia.com.br\/wp-content\/uploads\/2025\/04\/1000410216-scaled.jpg 800w\" sizes=\"(max-width: 1024px) 100vw, 1024px\" \/><\/figure>\n\n\n\n<p>A entrega do t\u00edtulo de dom\u00ednio foi realizada pelo governador Carlos Massa Ratinho Junior e marcou o in\u00edcio da organiza\u00e7\u00e3o legal e urbana da regi\u00e3o, localizada no Litoral do Paran\u00e1. Desde ent\u00e3o, a Prefeitura iniciou a\u00e7\u00f5es para identificar moradores, veranistas e propriet\u00e1rios.<\/p>\n\n\n\n<figure class=\"wp-block-image size-large\"><img loading=\"lazy\" decoding=\"async\" width=\"1024\" height=\"682\" src=\"https:\/\/www.paranapraia.com.br\/wp-content\/uploads\/2025\/04\/1000410215-1024x682.jpg\" alt=\"\" class=\"wp-image-66373\" srcset=\"https:\/\/www.paranapraia.com.br\/wp-content\/uploads\/2025\/04\/1000410215-1024x682.jpg 1024w, https:\/\/www.paranapraia.com.br\/wp-content\/uploads\/2025\/04\/1000410215-300x200.jpg 300w, https:\/\/www.paranapraia.com.br\/wp-content\/uploads\/2025\/04\/1000410215-768x512.jpg 768w, https:\/\/www.paranapraia.com.br\/wp-content\/uploads\/2025\/04\/1000410215-696x464.jpg 696w, https:\/\/www.paranapraia.com.br\/wp-content\/uploads\/2025\/04\/1000410215-1068x712.jpg 1068w, https:\/\/www.paranapraia.com.br\/wp-content\/uploads\/2025\/04\/1000410215-scaled.jpg 800w\" sizes=\"(max-width: 1024px) 100vw, 1024px\" \/><\/figure>\n\n\n\n<p>Durante dez dias, a equipe t\u00e9cnica da Secretaria visitou mais de dois mil lotes, dos quais aproximadamente 50% estavam ocupados. Destes, cerca de 20% abrigam moradores permanentes. No total, foram mapeadas 56 quadras.<\/p>\n\n\n\n<p>As informa\u00e7\u00f5es obtidas servir\u00e3o de base para o in\u00edcio da regulariza\u00e7\u00e3o dos im\u00f3veis, com as primeiras entregas previstas para ocorrer em at\u00e9 seis meses. Paralelamente, a Prefeitura j\u00e1 conduz obras de infraestrutura que ir\u00e3o atender a nova \u00e1rea urbanizada.<\/p>\n\n\n\n<p>Est\u00e3o em andamento os projetos para implanta\u00e7\u00e3o de um Centro Municipal de Educa\u00e7\u00e3o Infantil (CMEI), de uma Unidade B\u00e1sica de Sa\u00fade (UBS) e de uma subesta\u00e7\u00e3o que permitir\u00e1 a instala\u00e7\u00e3o da rede de esgoto, em parceria com a Sanepar. A companhia tamb\u00e9m realiza o levantamento para expans\u00e3o da rede de esgotamento e j\u00e1 iniciou conex\u00f5es de \u00e1gua tratada nas primeiras casas. A Copel tamb\u00e9m desenvolve projeto de extens\u00e3o da rede el\u00e9trica.<\/p>\n\n\n\n<p>Com a \u00e1rea legalmente incorporada ao munic\u00edpio e o diagn\u00f3stico conclu\u00eddo, Pontal do Paran\u00e1 inicia uma nova fase no ordenamento urbano da Ch\u00e1cara S\u00e3o Pedro, aproximando centenas de fam\u00edlias do acesso \u00e0 moradia regular e aos servi\u00e7os p\u00fablicos essenciais.<\/p>\n\n\n\n<p>Assessoria <\/p>\n","protected":false},"excerpt":{"rendered":"<p>O processo de regulariza\u00e7\u00e3o fundi\u00e1ria da Ch\u00e1cara S\u00e3o Pedro, em Pontal do Paran\u00e1, avan\u00e7ou mais uma etapa na \u00faltima semana com a conclus\u00e3o do levantamento t\u00e9cnico feito pela Secretaria Municipal de Habita\u00e7\u00e3o e Assuntos Fundi\u00e1rios. A \u00e1rea, que pode beneficiar at\u00e9 1.500 fam\u00edlias, foi oficialmente transferida ao munic\u00edpio pelo governo estadual no dia 20 de [&hellip;]<\/p>\n","protected":false},"author":2,"featured_media":66371,"comment_status":"open","ping_status":"open","sticky":false,"template":"","format":"standard","meta":{"advanced_seo_description":"","jetpack_seo_html_title":"","jetpack_seo_noindex":false,"_jetpack_memberships_contains_paid_content":false,"footnotes":""},"categories":[40,65],"tags":[],"class_list":{"0":"post-66370","1":"post","2":"type-post","3":"status-publish","4":"format-standard","5":"has-post-thumbnail","7":"category-destaques","8":"category-pontal-do-parana"},"jetpack_featured_media_url":"https:\/\/www.paranapraia.com.br\/wp-content\/uploads\/2025\/04\/FB_IMG_1745958567272-scaled.jpg","jetpack_sharing_enabled":true,"_links":{"self":[{"href":"https:\/\/www.paranapraia.com.br\/index.php\/wp-json\/wp\/v2\/posts\/66370"}],"collection":[{"href":"https:\/\/www.paranapraia.com.br\/index.php\/wp-json\/wp\/v2\/posts"}],"about":[{"href":"https:\/\/www.paranapraia.com.br\/index.php\/wp-json\/wp\/v2\/types\/post"}],"author":[{"embeddable":true,"href":"https:\/\/www.paranapraia.com.br\/index.php\/wp-json\/wp\/v2\/users\/2"}],"replies":[{"embeddable":true,"href":"https:\/\/www.paranapraia.com.br\/index.php\/wp-json\/wp\/v2\/comments?post=66370"}],"version-history":[{"count":1,"href":"https:\/\/www.paranapraia.com.br\/index.php\/wp-json\/wp\/v2\/posts\/66370\/revisions"}],"predecessor-version":[{"id":66374,"href":"https:\/\/www.paranapraia.com.br\/index.php\/wp-json\/wp\/v2\/posts\/66370\/revisions\/66374"}],"wp:featuredmedia":[{"embeddable":true,"href":"https:\/\/www.paranapraia.com.br\/index.php\/wp-json\/wp\/v2\/media\/66371"}],"wp:attachment":[{"href":"https:\/\/www.paranapraia.com.br\/index.php\/wp-json\/wp\/v2\/media?parent=66370"}],"wp:term":[{"taxonomy":"category","embeddable":true,"href":"https:\/\/www.paranapraia.com.br\/index.php\/wp-json\/wp\/v2\/categories?post=66370"},{"taxonomy":"post_tag","embeddable":true,"href":"https:\/\/www.paranapraia.com.br\/index.php\/wp-json\/wp\/v2\/tags?post=66370"}],"curies":[{"name":"wp","href":"https:\/\/api.w.org\/{rel}","templated":true}]}}