{"id":66339,"date":"2025-04-24T14:28:22","date_gmt":"2025-04-24T17:28:22","guid":{"rendered":"https:\/\/www.paranapraia.com.br\/?p=66339"},"modified":"2025-04-24T14:28:25","modified_gmt":"2025-04-24T17:28:25","slug":"pontal-do-parana-amplia-iluminacao-publica-com-mais-1100-lampadas-de-led","status":"publish","type":"post","link":"https:\/\/www.paranapraia.com.br\/index.php\/2025\/04\/24\/pontal-do-parana-amplia-iluminacao-publica-com-mais-1100-lampadas-de-led\/","title":{"rendered":"Pontal do Paran\u00e1 amplia ilumina\u00e7\u00e3o p\u00fablica com mais 1100 l\u00e2mpadas de LED"},"content":{"rendered":"\n<p>Entre os dias 25 e 30 de abril, catadores de materiais recicl\u00e1veis de Pontal do Paran\u00e1 poder\u00e3o participar de uma s\u00e9rie de encontros promovidos pelo Governo Municipal, por meio da Secretaria da Fam\u00edlia e Desenvolvimento Social.<br><br>A programa\u00e7\u00e3o inclui palestras, rodas de conversa, atualiza\u00e7\u00e3o de cadastros e escuta das demandas da categoria. Tamb\u00e9m ser\u00e3o debatidos projetos em andamento e propostas voltadas ao trabalho dos catadores. Durante os encontros, ser\u00e1 oferecido um caf\u00e9 aos participantes.<br><br>As atividades ocorrem sempre \u00e0s 14h, nos seguintes locais:<br>\u2022 25\/04: CRAS Ipanema<br>\u2022 28\/04: CCI de Shangri-l\u00e1<br>\u2022 29\/04: Centro P.R.A.I.A<br>\u2022 30\/04: CRAS Canoas<br><br>\u201cA gente muitas vezes n\u00e3o consegue participar de outras atividades por causa do hor\u00e1rio de trabalho ou da dist\u00e2ncia. Quando fazem perto da gente, fica mais f\u00e1cil e todo mundo pode estar junto,\u201d afirmou Alyne Souza, presidente da Associa\u00e7\u00e3o de Coletores de Res\u00edduos S\u00f3lidos de Pontal do Paran\u00e1 (Amcorespp).<br><br>A secret\u00e1ria da Fam\u00edlia e Desenvolvimento Social destacou a import\u00e2ncia da escuta direta e do di\u00e1logo com os catadores:<br>\u201cEsses momentos foram pensados para que os catadores possam se expressar, atualizar seus cadastros e acompanhar os projetos que envolvem seu trabalho. Estar presente nos bairros \u00e9 uma forma de garantir esse contato direto,\u201d afirmou.<br><br>A iniciativa busca reunir os trabalhadores do setor em diferentes regi\u00f5es do munic\u00edpio. Todos os catadores est\u00e3o convidados a procurar o local mais pr\u00f3ximo de sua resid\u00eancia e participar das atividades.<\/p>\n\n\n\n<p>Assessoria<\/p>\n","protected":false},"excerpt":{"rendered":"<p>Entre os dias 25 e 30 de abril, catadores de materiais recicl\u00e1veis de Pontal do Paran\u00e1 poder\u00e3o participar de uma s\u00e9rie de encontros promovidos pelo Governo Municipal, por meio da Secretaria da Fam\u00edlia e Desenvolvimento Social. A programa\u00e7\u00e3o inclui palestras, rodas de conversa, atualiza\u00e7\u00e3o de cadastros e escuta das demandas da categoria. Tamb\u00e9m ser\u00e3o debatidos [&hellip;]<\/p>\n","protected":false},"author":2,"featured_media":66340,"comment_status":"open","ping_status":"open","sticky":false,"template":"","format":"standard","meta":{"advanced_seo_description":"","jetpack_seo_html_title":"","jetpack_seo_noindex":false,"_jetpack_memberships_contains_paid_content":false,"footnotes":""},"categories":[40,65],"tags":[318],"class_list":{"0":"post-66339","1":"post","2":"type-post","3":"status-publish","4":"format-standard","5":"has-post-thumbnail","7":"category-destaques","8":"category-pontal-do-parana","9":"tag-pontal-do-parana"},"jetpack_featured_media_url":"https:\/\/www.paranapraia.com.br\/wp-content\/uploads\/2025\/04\/492009455_1023964139832543_9107530339394626643_n-scaled.jpg","jetpack_sharing_enabled":true,"_links":{"self":[{"href":"https:\/\/www.paranapraia.com.br\/index.php\/wp-json\/wp\/v2\/posts\/66339"}],"collection":[{"href":"https:\/\/www.paranapraia.com.br\/index.php\/wp-json\/wp\/v2\/posts"}],"about":[{"href":"https:\/\/www.paranapraia.com.br\/index.php\/wp-json\/wp\/v2\/types\/post"}],"author":[{"embeddable":true,"href":"https:\/\/www.paranapraia.com.br\/index.php\/wp-json\/wp\/v2\/users\/2"}],"replies":[{"embeddable":true,"href":"https:\/\/www.paranapraia.com.br\/index.php\/wp-json\/wp\/v2\/comments?post=66339"}],"version-history":[{"count":1,"href":"https:\/\/www.paranapraia.com.br\/index.php\/wp-json\/wp\/v2\/posts\/66339\/revisions"}],"predecessor-version":[{"id":66341,"href":"https:\/\/www.paranapraia.com.br\/index.php\/wp-json\/wp\/v2\/posts\/66339\/revisions\/66341"}],"wp:featuredmedia":[{"embeddable":true,"href":"https:\/\/www.paranapraia.com.br\/index.php\/wp-json\/wp\/v2\/media\/66340"}],"wp:attachment":[{"href":"https:\/\/www.paranapraia.com.br\/index.php\/wp-json\/wp\/v2\/media?parent=66339"}],"wp:term":[{"taxonomy":"category","embeddable":true,"href":"https:\/\/www.paranapraia.com.br\/index.php\/wp-json\/wp\/v2\/categories?post=66339"},{"taxonomy":"post_tag","embeddable":true,"href":"https:\/\/www.paranapraia.com.br\/index.php\/wp-json\/wp\/v2\/tags?post=66339"}],"curies":[{"name":"wp","href":"https:\/\/api.w.org\/{rel}","templated":true}]}}