{"id":66334,"date":"2025-04-24T10:18:55","date_gmt":"2025-04-24T13:18:55","guid":{"rendered":"https:\/\/www.paranapraia.com.br\/?p=66334"},"modified":"2025-04-24T10:18:58","modified_gmt":"2025-04-24T13:18:58","slug":"guarda-municipal-realiza-acao-educativa-no-cmei-peixinho-sapeca-e-encanta-as-criancas-com-demonstracao-de-equipamentos-e-cidadania","status":"publish","type":"post","link":"https:\/\/www.paranapraia.com.br\/index.php\/2025\/04\/24\/guarda-municipal-realiza-acao-educativa-no-cmei-peixinho-sapeca-e-encanta-as-criancas-com-demonstracao-de-equipamentos-e-cidadania\/","title":{"rendered":"Guarda Municipal realiza a\u00e7\u00e3o educativa no CMEI Peixinho Sapeca e encanta as crian\u00e7as com demonstra\u00e7\u00e3o de equipamentos e cidadania"},"content":{"rendered":"\n<p>Na manh\u00e3 desta quarta-feira, a Guarda Municipal de Pontal do Paran\u00e1 realizou uma a\u00e7\u00e3o especial no CMEI Peixinho Sapeca, levando \u00e0s crian\u00e7as uma experi\u00eancia educativa e envolvente sobre o papel da corpora\u00e7\u00e3o na seguran\u00e7a do munic\u00edpio. A atividade foi marcada por muita curiosidade, encantamento e intera\u00e7\u00e3o.<\/p>\n\n\n\n<p>Durante a visita, os agentes apresentaram seus equipamentos e explicaram, de forma l\u00fadica e acess\u00edvel, como \u00e9 o dia a dia da Guarda Municipal e a import\u00e2ncia do trabalho que realizam para manter a ordem, a prote\u00e7\u00e3o e o bem-estar da popula\u00e7\u00e3o.<\/p>\n\n\n\n<figure class=\"wp-block-image size-large\"><img loading=\"lazy\" decoding=\"async\" width=\"914\" height=\"1024\" src=\"https:\/\/www.paranapraia.com.br\/wp-content\/uploads\/2025\/04\/kk-914x1024.jpg\" alt=\"\" class=\"wp-image-66337\" srcset=\"https:\/\/www.paranapraia.com.br\/wp-content\/uploads\/2025\/04\/kk-914x1024.jpg 914w, https:\/\/www.paranapraia.com.br\/wp-content\/uploads\/2025\/04\/kk-268x300.jpg 268w, https:\/\/www.paranapraia.com.br\/wp-content\/uploads\/2025\/04\/kk-768x861.jpg 768w, https:\/\/www.paranapraia.com.br\/wp-content\/uploads\/2025\/04\/kk-1370x1536.jpg 1370w, https:\/\/www.paranapraia.com.br\/wp-content\/uploads\/2025\/04\/kk-696x780.jpg 696w, https:\/\/www.paranapraia.com.br\/wp-content\/uploads\/2025\/04\/kk-1068x1197.jpg 1068w, https:\/\/www.paranapraia.com.br\/wp-content\/uploads\/2025\/04\/kk-scaled.jpg 714w\" sizes=\"(max-width: 914px) 100vw, 914px\" \/><\/figure>\n\n\n\n<p>O encontro foi repleto de sorrisos e olhares atentos. As crian\u00e7as fizeram perguntas, tocaram nos equipamentos e conheceram de perto os uniformes e acess\u00f3rios utilizados nas opera\u00e7\u00f5es. Mais do que uma demonstra\u00e7\u00e3o, a a\u00e7\u00e3o teve como objetivo refor\u00e7ar valores como cidadania, respeito \u00e0s normas de conviv\u00eancia, e cuidado com o pr\u00f3ximo.<\/p>\n\n\n\n<figure class=\"wp-block-image size-large\"><img loading=\"lazy\" decoding=\"async\" width=\"914\" height=\"1024\" src=\"https:\/\/www.paranapraia.com.br\/wp-content\/uploads\/2025\/04\/491464274_17920966455074412_3207832724011972018_n-914x1024.jpg\" alt=\"\" class=\"wp-image-66336\" srcset=\"https:\/\/www.paranapraia.com.br\/wp-content\/uploads\/2025\/04\/491464274_17920966455074412_3207832724011972018_n-914x1024.jpg 914w, https:\/\/www.paranapraia.com.br\/wp-content\/uploads\/2025\/04\/491464274_17920966455074412_3207832724011972018_n-268x300.jpg 268w, https:\/\/www.paranapraia.com.br\/wp-content\/uploads\/2025\/04\/491464274_17920966455074412_3207832724011972018_n-768x860.jpg 768w, https:\/\/www.paranapraia.com.br\/wp-content\/uploads\/2025\/04\/491464274_17920966455074412_3207832724011972018_n-1371x1536.jpg 1371w, https:\/\/www.paranapraia.com.br\/wp-content\/uploads\/2025\/04\/491464274_17920966455074412_3207832724011972018_n-696x780.jpg 696w, https:\/\/www.paranapraia.com.br\/wp-content\/uploads\/2025\/04\/491464274_17920966455074412_3207832724011972018_n-1068x1196.jpg 1068w, https:\/\/www.paranapraia.com.br\/wp-content\/uploads\/2025\/04\/491464274_17920966455074412_3207832724011972018_n-scaled.jpg 714w\" sizes=\"(max-width: 914px) 100vw, 914px\" \/><\/figure>\n\n\n\n<p>&#8220;Acreditamos que plantar a semente do respeito e da responsabilidade desde cedo \u00e9 fundamental para construir uma sociedade mais justa e segura. Ficamos felizes em poder inspirar as futuras gera\u00e7\u00f5es com nosso trabalho&#8221;, destacou um dos agentes envolvidos na atividade.<\/p>\n\n\n\n<p>A Guarda Municipal agradeceu a recep\u00e7\u00e3o calorosa dos profissionais do CMEI e reafirmou seu compromisso com a\u00e7\u00f5es educativas e de proximidade com a comunidade.<\/p>\n\n\n\n<p>Assessoria<\/p>\n","protected":false},"excerpt":{"rendered":"<p>Na manh\u00e3 desta quarta-feira, a Guarda Municipal de Pontal do Paran\u00e1 realizou uma a\u00e7\u00e3o especial no CMEI Peixinho Sapeca, levando \u00e0s crian\u00e7as uma experi\u00eancia educativa e envolvente sobre o papel da corpora\u00e7\u00e3o na seguran\u00e7a do munic\u00edpio. A atividade foi marcada por muita curiosidade, encantamento e intera\u00e7\u00e3o. Durante a visita, os agentes apresentaram seus equipamentos e [&hellip;]<\/p>\n","protected":false},"author":2,"featured_media":66335,"comment_status":"open","ping_status":"open","sticky":false,"template":"","format":"standard","meta":{"advanced_seo_description":"","jetpack_seo_html_title":"","jetpack_seo_noindex":false,"_jetpack_memberships_contains_paid_content":false,"footnotes":""},"categories":[40,65],"tags":[318],"class_list":{"0":"post-66334","1":"post","2":"type-post","3":"status-publish","4":"format-standard","5":"has-post-thumbnail","7":"category-destaques","8":"category-pontal-do-parana","9":"tag-pontal-do-parana"},"jetpack_featured_media_url":"https:\/\/www.paranapraia.com.br\/wp-content\/uploads\/2025\/04\/WhatsApp-Image-2025-04-24-at-10.17.41-scaled.jpeg","jetpack_sharing_enabled":true,"_links":{"self":[{"href":"https:\/\/www.paranapraia.com.br\/index.php\/wp-json\/wp\/v2\/posts\/66334"}],"collection":[{"href":"https:\/\/www.paranapraia.com.br\/index.php\/wp-json\/wp\/v2\/posts"}],"about":[{"href":"https:\/\/www.paranapraia.com.br\/index.php\/wp-json\/wp\/v2\/types\/post"}],"author":[{"embeddable":true,"href":"https:\/\/www.paranapraia.com.br\/index.php\/wp-json\/wp\/v2\/users\/2"}],"replies":[{"embeddable":true,"href":"https:\/\/www.paranapraia.com.br\/index.php\/wp-json\/wp\/v2\/comments?post=66334"}],"version-history":[{"count":1,"href":"https:\/\/www.paranapraia.com.br\/index.php\/wp-json\/wp\/v2\/posts\/66334\/revisions"}],"predecessor-version":[{"id":66338,"href":"https:\/\/www.paranapraia.com.br\/index.php\/wp-json\/wp\/v2\/posts\/66334\/revisions\/66338"}],"wp:featuredmedia":[{"embeddable":true,"href":"https:\/\/www.paranapraia.com.br\/index.php\/wp-json\/wp\/v2\/media\/66335"}],"wp:attachment":[{"href":"https:\/\/www.paranapraia.com.br\/index.php\/wp-json\/wp\/v2\/media?parent=66334"}],"wp:term":[{"taxonomy":"category","embeddable":true,"href":"https:\/\/www.paranapraia.com.br\/index.php\/wp-json\/wp\/v2\/categories?post=66334"},{"taxonomy":"post_tag","embeddable":true,"href":"https:\/\/www.paranapraia.com.br\/index.php\/wp-json\/wp\/v2\/tags?post=66334"}],"curies":[{"name":"wp","href":"https:\/\/api.w.org\/{rel}","templated":true}]}}