{"id":66226,"date":"2025-04-14T11:50:29","date_gmt":"2025-04-14T14:50:29","guid":{"rendered":"https:\/\/www.paranapraia.com.br\/?p=66226"},"modified":"2025-04-14T11:51:02","modified_gmt":"2025-04-14T14:51:02","slug":"motociclistas-de-todo-o-brasil-se-reunem-em-pontal-do-parana-de-19-a-21-de-junho","status":"publish","type":"post","link":"https:\/\/www.paranapraia.com.br\/index.php\/2025\/04\/14\/motociclistas-de-todo-o-brasil-se-reunem-em-pontal-do-parana-de-19-a-21-de-junho\/","title":{"rendered":"Motociclistas de todo o Brasil se re\u00fanem em Pontal do Paran\u00e1 de 19 a 21 de junho"},"content":{"rendered":"\n<p>Nos dias 19, 20 e 21 de junho, Pontal do Paran\u00e1 ser\u00e1 novamente ponto de encontro para motociclistas de diversas regi\u00f5es do Brasil. O munic\u00edpio sedia a 12\u00aa edi\u00e7\u00e3o do Encontro de Motociclistas Pontal Motor\u2019s MC, evento tradicional que movimenta o litoral durante a baixa temporada.<\/p>\n\n\n\n<figure class=\"wp-block-image size-large\"><img loading=\"lazy\" decoding=\"async\" width=\"1024\" height=\"682\" src=\"https:\/\/www.paranapraia.com.br\/wp-content\/uploads\/2025\/04\/140425112844_48653687910023182653304644872944070575433071n_jpg-1024x682.jpg\" alt=\"\" class=\"wp-image-66228\" srcset=\"https:\/\/www.paranapraia.com.br\/wp-content\/uploads\/2025\/04\/140425112844_48653687910023182653304644872944070575433071n_jpg-1024x682.jpg 1024w, https:\/\/www.paranapraia.com.br\/wp-content\/uploads\/2025\/04\/140425112844_48653687910023182653304644872944070575433071n_jpg-300x200.jpg 300w, https:\/\/www.paranapraia.com.br\/wp-content\/uploads\/2025\/04\/140425112844_48653687910023182653304644872944070575433071n_jpg-768x512.jpg 768w, https:\/\/www.paranapraia.com.br\/wp-content\/uploads\/2025\/04\/140425112844_48653687910023182653304644872944070575433071n_jpg-696x464.jpg 696w, https:\/\/www.paranapraia.com.br\/wp-content\/uploads\/2025\/04\/140425112844_48653687910023182653304644872944070575433071n_jpg-1068x712.jpg 1068w, https:\/\/www.paranapraia.com.br\/wp-content\/uploads\/2025\/04\/140425112844_48653687910023182653304644872944070575433071n_jpg-scaled.jpg 800w\" sizes=\"(max-width: 1024px) 100vw, 1024px\" \/><\/figure>\n\n\n\n<p>A programa\u00e7\u00e3o inclui shows de rock, pra\u00e7a de alimenta\u00e7\u00e3o, exposi\u00e7\u00f5es de motocicletas e espa\u00e7o para conviv\u00eancia familiar. O encontro ser\u00e1 realizado no Centro de Eventos do Balne\u00e1rio Marissol, local j\u00e1 consolidado na realiza\u00e7\u00e3o de grandes eventos na cidade. Na \u00faltima edi\u00e7\u00e3o, o evento registrou mais de 200 motoclubes do Paran\u00e1 e outros estados durante tr\u00eas dias do evento, se consolidando como um dos principais encontros de motociclistas do Sul do Brasil.<\/p>\n\n\n\n<p>Organizado pelo motoclube Pontal Motor\u2019s, com apoio da Prefeitura Municipal de Pontal do Paran\u00e1, o evento contribui diretamente para o movimento econ\u00f4mico local, especialmente em setores como hotelaria, com\u00e9rcio e alimenta\u00e7\u00e3o.<\/p>\n\n\n\n<p>Segundo o prefeito Rud\u00e3o Gimenes, o impacto vai al\u00e9m do lazer. \u201cEsses encontros atraem motociclistas de v\u00e1rias partes do pa\u00eds, que acabam conhecendo a cidade, circulando por diferentes bairros e movimentando a rede de servi\u00e7os. Isso ajuda a manter nossa cidade ativa durante todo o ano\u201d, afirmou.<\/p>\n\n\n\n<p>Este ano, o Pontal Motor\u2019s completa 20 anos. Para o presidente do grupo, Willian Correa, o evento \u00e9 parte da trajet\u00f3ria constru\u00edda ao longo de duas d\u00e9cadas. \u201cChegar aos 20 anos realizando encontros como esse \u00e9 uma conquista coletiva. Receber pessoas de diferentes estados mostra que o motociclismo tamb\u00e9m \u00e9 um espa\u00e7o de troca, respeito e conviv\u00eancia\u201d, destacou.<\/p>\n\n\n\n<p>A programa\u00e7\u00e3o detalhada ser\u00e1 divulgada em breve. O evento \u00e9 gratuito e aberto ao p\u00fablico. Mais informa\u00e7\u00f5es podem ser obtidas pelo telefone (41) 98534-0281.<\/p>\n\n\n\n<p>Assessoria<\/p>\n","protected":false},"excerpt":{"rendered":"<p>Nos dias 19, 20 e 21 de junho, Pontal do Paran\u00e1 ser\u00e1 novamente ponto de encontro para motociclistas de diversas regi\u00f5es do Brasil. O munic\u00edpio sedia a 12\u00aa edi\u00e7\u00e3o do Encontro de Motociclistas Pontal Motor\u2019s MC, evento tradicional que movimenta o litoral durante a baixa temporada. A programa\u00e7\u00e3o inclui shows de rock, pra\u00e7a de alimenta\u00e7\u00e3o, [&hellip;]<\/p>\n","protected":false},"author":2,"featured_media":66227,"comment_status":"open","ping_status":"open","sticky":false,"template":"","format":"standard","meta":{"advanced_seo_description":"","jetpack_seo_html_title":"","jetpack_seo_noindex":false,"_jetpack_memberships_contains_paid_content":false,"footnotes":""},"categories":[40,65],"tags":[1144,1143],"class_list":{"0":"post-66226","1":"post","2":"type-post","3":"status-publish","4":"format-standard","5":"has-post-thumbnail","7":"category-destaques","8":"category-pontal-do-parana","9":"tag-motociclistas","10":"tag-pontal-motors"},"jetpack_featured_media_url":"https:\/\/www.paranapraia.com.br\/wp-content\/uploads\/2025\/04\/140425112844_48695537310023182519971328426238117673934125n_jpg-scaled.jpg","jetpack_sharing_enabled":true,"_links":{"self":[{"href":"https:\/\/www.paranapraia.com.br\/index.php\/wp-json\/wp\/v2\/posts\/66226"}],"collection":[{"href":"https:\/\/www.paranapraia.com.br\/index.php\/wp-json\/wp\/v2\/posts"}],"about":[{"href":"https:\/\/www.paranapraia.com.br\/index.php\/wp-json\/wp\/v2\/types\/post"}],"author":[{"embeddable":true,"href":"https:\/\/www.paranapraia.com.br\/index.php\/wp-json\/wp\/v2\/users\/2"}],"replies":[{"embeddable":true,"href":"https:\/\/www.paranapraia.com.br\/index.php\/wp-json\/wp\/v2\/comments?post=66226"}],"version-history":[{"count":1,"href":"https:\/\/www.paranapraia.com.br\/index.php\/wp-json\/wp\/v2\/posts\/66226\/revisions"}],"predecessor-version":[{"id":66229,"href":"https:\/\/www.paranapraia.com.br\/index.php\/wp-json\/wp\/v2\/posts\/66226\/revisions\/66229"}],"wp:featuredmedia":[{"embeddable":true,"href":"https:\/\/www.paranapraia.com.br\/index.php\/wp-json\/wp\/v2\/media\/66227"}],"wp:attachment":[{"href":"https:\/\/www.paranapraia.com.br\/index.php\/wp-json\/wp\/v2\/media?parent=66226"}],"wp:term":[{"taxonomy":"category","embeddable":true,"href":"https:\/\/www.paranapraia.com.br\/index.php\/wp-json\/wp\/v2\/categories?post=66226"},{"taxonomy":"post_tag","embeddable":true,"href":"https:\/\/www.paranapraia.com.br\/index.php\/wp-json\/wp\/v2\/tags?post=66226"}],"curies":[{"name":"wp","href":"https:\/\/api.w.org\/{rel}","templated":true}]}}